{"id":54306,"date":"2025-12-17T15:02:50","date_gmt":"2025-12-17T14:02:50","guid":{"rendered":"https:\/\/musica.santjosep.org\/?p=54306"},"modified":"2025-12-17T15:12:16","modified_gmt":"2025-12-17T14:12:16","slug":"vuelven-las-casetas-de-navidad-de-sant-jordi-con-mucha-musica","status":"publish","type":"post","link":"https:\/\/musica.santjosep.org\/es\/vuelven-las-casetas-de-navidad-de-sant-jordi-con-mucha-musica\/","title":{"rendered":"\u00a1Vuelven las casetas de Navidad de Sant Jordi con mucha m\u00fasica!"},"content":{"rendered":"<p>El Ayuntamiento de Sant Josep ha presentado hoy el programa de eventos de Navidad de las casetas de Sant Jordi, que siempre aglutinan una amplia actividad cultural, adem\u00e1s de mucho p\u00fablico. La inauguraci\u00f3n tendr\u00e1 lugar este viernes y para los pr\u00f3ximos d\u00edas se ha previsto una intensa actividad musical, con conciertos de Five Guys Walk Into A Bar, Groove Garage y Roxela\u2019s Band, entre otros.<\/p>\n<p>Las casetas abren este viernes, d\u00eda 19, a las 17 horas, con talleres infantiles para que los m\u00e1s peque\u00f1os puedan empezar a disfrutar del esp\u00edritu navide\u00f1o. A continuaci\u00f3n, a las 20 horas, tendr\u00e1 lugar un concierto de Groove Garage que pondr\u00e1 m\u00fasica y ambiente en la plaza.<\/p>\n<div id=\"attachment_54313\" style=\"width: 1410px\" class=\"wp-caption alignnone\"><img loading=\"lazy\" decoding=\"async\" aria-describedby=\"caption-attachment-54313\" class=\"wp-image-54313 size-full\" src=\"https:\/\/musica.santjosep.org\/wp-content\/uploads\/2025\/12\/Groove-Garage-22-1.jpg\" alt=\"\" width=\"1400\" height=\"933\" srcset=\"https:\/\/musica.santjosep.org\/wp-content\/uploads\/2025\/12\/Groove-Garage-22-1.jpg 1400w, https:\/\/musica.santjosep.org\/wp-content\/uploads\/2025\/12\/Groove-Garage-22-1-300x200.jpg 300w, https:\/\/musica.santjosep.org\/wp-content\/uploads\/2025\/12\/Groove-Garage-22-1-1024x682.jpg 1024w, https:\/\/musica.santjosep.org\/wp-content\/uploads\/2025\/12\/Groove-Garage-22-1-768x512.jpg 768w\" sizes=\"auto, (max-width: 1400px) 100vw, 1400px\" \/><p id=\"caption-attachment-54313\" class=\"wp-caption-text\">Groove Garage,. Foto: Joan F. Ribas<\/p><\/div>\n<p>Por otro lado, el s\u00e1bado 20, la diversi\u00f3n continuar\u00e1 con castillos hinchables a partir de las 12,30 horas, seguido de una actuaci\u00f3n del Dj Ric\u00a0Jazzbo,\u00a0a las 13 horas. Por la tarde, DJ\u00a0Yor\u00a0D animar\u00e1 la plaza a las 17 horas y, finalmente, DJ Toni Torres cerrar\u00e1 las jornada a las 19 horas, con una sesi\u00f3n llena de energ\u00eda.<\/p>\n<p>Al d\u00eda siguiente, el domingo 21, los visitantes podr\u00e1n disfrutar de la m\u00fasica de Dj Enrique Malanga a las 13 horas y del NadalFest, con Cachirulo, a las 16 horas. La jornada finalizar\u00e1 con el concierto de Roxela\u2019s Band a las 20 horas, ofreciendo un ambiente musical para toda la familia.<\/p>\n<div id=\"attachment_54311\" style=\"width: 1410px\" class=\"wp-caption alignnone\"><img loading=\"lazy\" decoding=\"async\" aria-describedby=\"caption-attachment-54311\" class=\"wp-image-54311 size-full\" src=\"https:\/\/musica.santjosep.org\/wp-content\/uploads\/2025\/12\/roxelayjulien2-rec.jpg\" alt=\"\" width=\"1400\" height=\"933\" srcset=\"https:\/\/musica.santjosep.org\/wp-content\/uploads\/2025\/12\/roxelayjulien2-rec.jpg 1400w, https:\/\/musica.santjosep.org\/wp-content\/uploads\/2025\/12\/roxelayjulien2-rec-300x200.jpg 300w, https:\/\/musica.santjosep.org\/wp-content\/uploads\/2025\/12\/roxelayjulien2-rec-1024x682.jpg 1024w, https:\/\/musica.santjosep.org\/wp-content\/uploads\/2025\/12\/roxelayjulien2-rec-768x512.jpg 768w\" sizes=\"auto, (max-width: 1400px) 100vw, 1400px\" \/><p id=\"caption-attachment-54311\" class=\"wp-caption-text\">Roxela<\/p><\/div>\n<p>El lunes 22, a las 16,30 horas, se retomar\u00e1n los talleres infantiles, seguidos del Mago Albert a las 18,30, que sorprender\u00e1 los asistentes con sus trucos de magia. Para cerrar la jornada, a las 20,30 horas, Rock Me Dj Set traer\u00e1 la m\u00fasica m\u00e1s animada.<\/p>\n<p>El martes 23, a las 17 horas, est\u00e1 prevista la celebraci\u00f3n del taller \u201cImpresi\u00f3n artesanal de tarjetas de Navidad\u201d. La noche continuar\u00e1 con el concierto de la potente banda de blues y rock americano Five Guys Walk Into a Bar, a las 20 horas.<\/p>\n<div id=\"attachment_54315\" style=\"width: 1410px\" class=\"wp-caption alignnone\"><img loading=\"lazy\" decoding=\"async\" aria-describedby=\"caption-attachment-54315\" class=\"wp-image-54315 size-full\" src=\"https:\/\/musica.santjosep.org\/wp-content\/uploads\/2025\/12\/5-Guys-Sant-Jordi-26.jpg\" alt=\"\" width=\"1400\" height=\"933\" srcset=\"https:\/\/musica.santjosep.org\/wp-content\/uploads\/2025\/12\/5-Guys-Sant-Jordi-26.jpg 1400w, https:\/\/musica.santjosep.org\/wp-content\/uploads\/2025\/12\/5-Guys-Sant-Jordi-26-300x200.jpg 300w, https:\/\/musica.santjosep.org\/wp-content\/uploads\/2025\/12\/5-Guys-Sant-Jordi-26-1024x682.jpg 1024w, https:\/\/musica.santjosep.org\/wp-content\/uploads\/2025\/12\/5-Guys-Sant-Jordi-26-768x512.jpg 768w\" sizes=\"auto, (max-width: 1400px) 100vw, 1400px\" \/><p id=\"caption-attachment-54315\" class=\"wp-caption-text\">Five Guys Walk Into A Bar. Foto: Joan F. Ribas<\/p><\/div>\n<p>El mi\u00e9rcoles 24 empezar\u00e1 con castillos hinchables a las 12.30 horas y la actuaci\u00f3n de \u2018Flamenkito &amp; Zambombada\u2019, a las 13 horas. A las 15 horas, Dj Jordi Cardona animar\u00e1 la tarde y, a medianoche, arrancar\u00e1 la Coco-Loco\u00a0Party, una fiesta especial para disfrutar al m\u00e1ximo la Nochebuena, con m\u00fasica de dj\u2019s.Finalmente, el jueves 25 la programaci\u00f3n navide\u00f1a se cerrar\u00e1 con un karaoke navide\u00f1o, a las 19.30 horas, ofreciendo a todos los vecinos la oportunidad de compartir canciones y alegr\u00eda en un ambiente festivo y familiar.<\/p>\n<p>Las casetas de Navidad de Sant Jordi abren del 19 de diciembre al 6 de enero, ambas jornadas incluidas, con horario de 17 a 22 horas de lunes a viernes, y de 12 a 22 horas los fines de semana, aunque algunas abrir\u00e1n tambi\u00e9n por las ma\u00f1anas entre semana. Los conciertos continuar\u00e1n a lo largo de todas las fiestas y pr\u00f3ximamente se dar\u00e1 a conocer el resto del programa.<\/p>\n<p><img loading=\"lazy\" decoding=\"async\" class=\"alignnone wp-image-54307 size-full\" src=\"https:\/\/musica.santjosep.org\/wp-content\/uploads\/2025\/12\/Programacio\u0301-casetes-Nadal.jpg\" alt=\"\" width=\"1138\" height=\"1600\" srcset=\"https:\/\/musica.santjosep.org\/wp-content\/uploads\/2025\/12\/Programacio\u0301-casetes-Nadal.jpg 1138w, https:\/\/musica.santjosep.org\/wp-content\/uploads\/2025\/12\/Programacio\u0301-casetes-Nadal-213x300.jpg 213w, https:\/\/musica.santjosep.org\/wp-content\/uploads\/2025\/12\/Programacio\u0301-casetes-Nadal-728x1024.jpg 728w, https:\/\/musica.santjosep.org\/wp-content\/uploads\/2025\/12\/Programacio\u0301-casetes-Nadal-768x1080.jpg 768w, https:\/\/musica.santjosep.org\/wp-content\/uploads\/2025\/12\/Programacio\u0301-casetes-Nadal-1092x1536.jpg 1092w\" sizes=\"auto, (max-width: 1138px) 100vw, 1138px\" \/><\/p>\n","protected":false},"excerpt":{"rendered":"<p>Se inauguran con un concierto de Groove Garage y tambi\u00e9n actuar\u00e1n Five Guys Walk Into A Bar, Roxela\u2019s Band y numerosos dj\u2019s. Permanecer\u00e1n abiertas hasta el 6 de enero.<\/p>\n","protected":false},"author":2,"featured_media":54309,"comment_status":"closed","ping_status":"closed","sticky":false,"template":"","format":"standard","meta":{"_acf_changed":false,"footnotes":""},"categories":[14],"tags":[],"class_list":["post-54306","post","type-post","status-publish","format-standard","has-post-thumbnail","hentry","category-actualidad"],"acf":[],"yoast_head":"<!-- This site is optimized with the Yoast SEO plugin v26.6 - https:\/\/yoast.com\/wordpress\/plugins\/seo\/ -->\n<title>\u00a1Vuelven las casetas de Navidad de Sant Jordi con mucha m\u00fasica! - Sant Josep \u00e9s m\u00fasica<\/title>\n<meta name=\"robots\" content=\"index, follow, max-snippet:-1, max-image-preview:large, max-video-preview:-1\" \/>\n<link rel=\"canonical\" href=\"https:\/\/musica.santjosep.org\/es\/vuelven-las-casetas-de-navidad-de-sant-jordi-con-mucha-musica\/\" \/>\n<meta property=\"og:locale\" content=\"es_ES\" \/>\n<meta property=\"og:type\" content=\"article\" \/>\n<meta property=\"og:title\" content=\"\u00a1Vuelven las casetas de Navidad de Sant Jordi con mucha m\u00fasica! - Sant Josep \u00e9s m\u00fasica\" \/>\n<meta property=\"og:description\" content=\"Se inauguran con un concierto de Groove Garage y tambi\u00e9n actuar\u00e1n Five Guys Walk Into A Bar, Roxela\u2019s Band y numerosos dj\u2019s. Permanecer\u00e1n abiertas hasta el 6 de enero.\" \/>\n<meta property=\"og:url\" content=\"https:\/\/musica.santjosep.org\/es\/vuelven-las-casetas-de-navidad-de-sant-jordi-con-mucha-musica\/\" \/>\n<meta property=\"og:site_name\" content=\"Sant Josep \u00e9s m\u00fasica\" \/>\n<meta property=\"article:publisher\" content=\"https:\/\/www.facebook.com\/Sant-Josep-s-Msica-105337042007790\" \/>\n<meta property=\"article:published_time\" content=\"2025-12-17T14:02:50+00:00\" \/>\n<meta property=\"article:modified_time\" content=\"2025-12-17T14:12:16+00:00\" \/>\n<meta property=\"og:image\" content=\"https:\/\/musica.santjosep.org\/wp-content\/uploads\/2025\/12\/casetas-rec.jpg\" \/>\n\t<meta property=\"og:image:width\" content=\"1400\" \/>\n\t<meta property=\"og:image:height\" content=\"933\" \/>\n\t<meta property=\"og:image:type\" content=\"image\/jpeg\" \/>\n<meta name=\"author\" content=\"xescu\" \/>\n<meta name=\"twitter:card\" content=\"summary_large_image\" \/>\n<meta name=\"twitter:creator\" content=\"@MusicaSantJosep\" \/>\n<meta name=\"twitter:site\" content=\"@MusicaSantJosep\" \/>\n<meta name=\"twitter:label1\" content=\"Escrito por\" \/>\n\t<meta name=\"twitter:data1\" content=\"xescu\" \/>\n\t<meta name=\"twitter:label2\" content=\"Tiempo de lectura\" \/>\n\t<meta name=\"twitter:data2\" content=\"4 minutos\" \/>\n<script type=\"application\/ld+json\" class=\"yoast-schema-graph\">{\"@context\":\"https:\/\/schema.org\",\"@graph\":[{\"@type\":\"Article\",\"@id\":\"https:\/\/musica.santjosep.org\/es\/vuelven-las-casetas-de-navidad-de-sant-jordi-con-mucha-musica\/#article\",\"isPartOf\":{\"@id\":\"https:\/\/musica.santjosep.org\/es\/vuelven-las-casetas-de-navidad-de-sant-jordi-con-mucha-musica\/\"},\"author\":{\"name\":\"xescu\",\"@id\":\"https:\/\/musica.santjosep.org\/es\/#\/schema\/person\/0f860b74dd6768c60f67a1aacfe267e3\"},\"headline\":\"\u00a1Vuelven las casetas de Navidad de Sant Jordi con mucha m\u00fasica!\",\"datePublished\":\"2025-12-17T14:02:50+00:00\",\"dateModified\":\"2025-12-17T14:12:16+00:00\",\"mainEntityOfPage\":{\"@id\":\"https:\/\/musica.santjosep.org\/es\/vuelven-las-casetas-de-navidad-de-sant-jordi-con-mucha-musica\/\"},\"wordCount\":529,\"publisher\":{\"@id\":\"https:\/\/musica.santjosep.org\/es\/#organization\"},\"image\":{\"@id\":\"https:\/\/musica.santjosep.org\/es\/vuelven-las-casetas-de-navidad-de-sant-jordi-con-mucha-musica\/#primaryimage\"},\"thumbnailUrl\":\"https:\/\/musica.santjosep.org\/wp-content\/uploads\/2025\/12\/casetas-rec.jpg\",\"articleSection\":[\"Actualidad\"],\"inLanguage\":\"es\"},{\"@type\":\"WebPage\",\"@id\":\"https:\/\/musica.santjosep.org\/es\/vuelven-las-casetas-de-navidad-de-sant-jordi-con-mucha-musica\/\",\"url\":\"https:\/\/musica.santjosep.org\/es\/vuelven-las-casetas-de-navidad-de-sant-jordi-con-mucha-musica\/\",\"name\":\"\u00a1Vuelven las casetas de Navidad de Sant Jordi con mucha m\u00fasica! - Sant Josep \u00e9s m\u00fasica\",\"isPartOf\":{\"@id\":\"https:\/\/musica.santjosep.org\/es\/#website\"},\"primaryImageOfPage\":{\"@id\":\"https:\/\/musica.santjosep.org\/es\/vuelven-las-casetas-de-navidad-de-sant-jordi-con-mucha-musica\/#primaryimage\"},\"image\":{\"@id\":\"https:\/\/musica.santjosep.org\/es\/vuelven-las-casetas-de-navidad-de-sant-jordi-con-mucha-musica\/#primaryimage\"},\"thumbnailUrl\":\"https:\/\/musica.santjosep.org\/wp-content\/uploads\/2025\/12\/casetas-rec.jpg\",\"datePublished\":\"2025-12-17T14:02:50+00:00\",\"dateModified\":\"2025-12-17T14:12:16+00:00\",\"breadcrumb\":{\"@id\":\"https:\/\/musica.santjosep.org\/es\/vuelven-las-casetas-de-navidad-de-sant-jordi-con-mucha-musica\/#breadcrumb\"},\"inLanguage\":\"es\",\"potentialAction\":[{\"@type\":\"ReadAction\",\"target\":[\"https:\/\/musica.santjosep.org\/es\/vuelven-las-casetas-de-navidad-de-sant-jordi-con-mucha-musica\/\"]}]},{\"@type\":\"ImageObject\",\"inLanguage\":\"es\",\"@id\":\"https:\/\/musica.santjosep.org\/es\/vuelven-las-casetas-de-navidad-de-sant-jordi-con-mucha-musica\/#primaryimage\",\"url\":\"https:\/\/musica.santjosep.org\/wp-content\/uploads\/2025\/12\/casetas-rec.jpg\",\"contentUrl\":\"https:\/\/musica.santjosep.org\/wp-content\/uploads\/2025\/12\/casetas-rec.jpg\",\"width\":1400,\"height\":933},{\"@type\":\"BreadcrumbList\",\"@id\":\"https:\/\/musica.santjosep.org\/es\/vuelven-las-casetas-de-navidad-de-sant-jordi-con-mucha-musica\/#breadcrumb\",\"itemListElement\":[{\"@type\":\"ListItem\",\"position\":1,\"name\":\"Portada\",\"item\":\"https:\/\/musica.santjosep.org\/es\/\"},{\"@type\":\"ListItem\",\"position\":2,\"name\":\"\u00a1Vuelven las casetas de Navidad de Sant Jordi con mucha m\u00fasica!\"}]},{\"@type\":\"WebSite\",\"@id\":\"https:\/\/musica.santjosep.org\/es\/#website\",\"url\":\"https:\/\/musica.santjosep.org\/es\/\",\"name\":\"Sant Josep \u00e9s m\u00fasica\",\"description\":\"Informaci\u00f3n actualizada de todos los conciertos, grupos y artistas que act\u00faen tanto en fiestas y festivales, como en establecimientos privados en el municipio de Sant Josep de sa Talaia\",\"publisher\":{\"@id\":\"https:\/\/musica.santjosep.org\/es\/#organization\"},\"potentialAction\":[{\"@type\":\"SearchAction\",\"target\":{\"@type\":\"EntryPoint\",\"urlTemplate\":\"https:\/\/musica.santjosep.org\/es\/?s={search_term_string}\"},\"query-input\":{\"@type\":\"PropertyValueSpecification\",\"valueRequired\":true,\"valueName\":\"search_term_string\"}}],\"inLanguage\":\"es\"},{\"@type\":\"Organization\",\"@id\":\"https:\/\/musica.santjosep.org\/es\/#organization\",\"name\":\"Sant Josep \u00e9s m\u00fasica\",\"url\":\"https:\/\/musica.santjosep.org\/es\/\",\"logo\":{\"@type\":\"ImageObject\",\"inLanguage\":\"es\",\"@id\":\"https:\/\/musica.santjosep.org\/es\/#\/schema\/logo\/image\/\",\"url\":\"https:\/\/musica.santjosep.org\/wp-content\/uploads\/2022\/01\/logo-SJEM.png\",\"contentUrl\":\"https:\/\/musica.santjosep.org\/wp-content\/uploads\/2022\/01\/logo-SJEM.png\",\"width\":213,\"height\":103,\"caption\":\"Sant Josep \u00e9s m\u00fasica\"},\"image\":{\"@id\":\"https:\/\/musica.santjosep.org\/es\/#\/schema\/logo\/image\/\"},\"sameAs\":[\"https:\/\/www.facebook.com\/Sant-Josep-s-Msica-105337042007790\",\"https:\/\/x.com\/MusicaSantJosep\",\"https:\/\/www.instagram.com\/musicasantjosep\/\",\"https:\/\/www.youtube.com\/channel\/UCBSLSUpqfrfsiOMVslmZEJA\"]},{\"@type\":\"Person\",\"@id\":\"https:\/\/musica.santjosep.org\/es\/#\/schema\/person\/0f860b74dd6768c60f67a1aacfe267e3\",\"name\":\"xescu\",\"image\":{\"@type\":\"ImageObject\",\"inLanguage\":\"es\",\"@id\":\"https:\/\/musica.santjosep.org\/es\/#\/schema\/person\/image\/\",\"url\":\"https:\/\/secure.gravatar.com\/avatar\/d569ee5739a9c7022470ea472c9b4b9cf476e15f1be71e5242c911d673d14ad9?s=96&d=mm&r=g\",\"contentUrl\":\"https:\/\/secure.gravatar.com\/avatar\/d569ee5739a9c7022470ea472c9b4b9cf476e15f1be71e5242c911d673d14ad9?s=96&d=mm&r=g\",\"caption\":\"xescu\"}}]}<\/script>\n<!-- \/ Yoast SEO plugin. -->","yoast_head_json":{"title":"\u00a1Vuelven las casetas de Navidad de Sant Jordi con mucha m\u00fasica! - Sant Josep \u00e9s m\u00fasica","robots":{"index":"index","follow":"follow","max-snippet":"max-snippet:-1","max-image-preview":"max-image-preview:large","max-video-preview":"max-video-preview:-1"},"canonical":"https:\/\/musica.santjosep.org\/es\/vuelven-las-casetas-de-navidad-de-sant-jordi-con-mucha-musica\/","og_locale":"es_ES","og_type":"article","og_title":"\u00a1Vuelven las casetas de Navidad de Sant Jordi con mucha m\u00fasica! - Sant Josep \u00e9s m\u00fasica","og_description":"Se inauguran con un concierto de Groove Garage y tambi\u00e9n actuar\u00e1n Five Guys Walk Into A Bar, Roxela\u2019s Band y numerosos dj\u2019s. Permanecer\u00e1n abiertas hasta el 6 de enero.","og_url":"https:\/\/musica.santjosep.org\/es\/vuelven-las-casetas-de-navidad-de-sant-jordi-con-mucha-musica\/","og_site_name":"Sant Josep \u00e9s m\u00fasica","article_publisher":"https:\/\/www.facebook.com\/Sant-Josep-s-Msica-105337042007790","article_published_time":"2025-12-17T14:02:50+00:00","article_modified_time":"2025-12-17T14:12:16+00:00","og_image":[{"width":1400,"height":933,"url":"https:\/\/musica.santjosep.org\/wp-content\/uploads\/2025\/12\/casetas-rec.jpg","type":"image\/jpeg"}],"author":"xescu","twitter_card":"summary_large_image","twitter_creator":"@MusicaSantJosep","twitter_site":"@MusicaSantJosep","twitter_misc":{"Escrito por":"xescu","Tiempo de lectura":"4 minutos"},"schema":{"@context":"https:\/\/schema.org","@graph":[{"@type":"Article","@id":"https:\/\/musica.santjosep.org\/es\/vuelven-las-casetas-de-navidad-de-sant-jordi-con-mucha-musica\/#article","isPartOf":{"@id":"https:\/\/musica.santjosep.org\/es\/vuelven-las-casetas-de-navidad-de-sant-jordi-con-mucha-musica\/"},"author":{"name":"xescu","@id":"https:\/\/musica.santjosep.org\/es\/#\/schema\/person\/0f860b74dd6768c60f67a1aacfe267e3"},"headline":"\u00a1Vuelven las casetas de Navidad de Sant Jordi con mucha m\u00fasica!","datePublished":"2025-12-17T14:02:50+00:00","dateModified":"2025-12-17T14:12:16+00:00","mainEntityOfPage":{"@id":"https:\/\/musica.santjosep.org\/es\/vuelven-las-casetas-de-navidad-de-sant-jordi-con-mucha-musica\/"},"wordCount":529,"publisher":{"@id":"https:\/\/musica.santjosep.org\/es\/#organization"},"image":{"@id":"https:\/\/musica.santjosep.org\/es\/vuelven-las-casetas-de-navidad-de-sant-jordi-con-mucha-musica\/#primaryimage"},"thumbnailUrl":"https:\/\/musica.santjosep.org\/wp-content\/uploads\/2025\/12\/casetas-rec.jpg","articleSection":["Actualidad"],"inLanguage":"es"},{"@type":"WebPage","@id":"https:\/\/musica.santjosep.org\/es\/vuelven-las-casetas-de-navidad-de-sant-jordi-con-mucha-musica\/","url":"https:\/\/musica.santjosep.org\/es\/vuelven-las-casetas-de-navidad-de-sant-jordi-con-mucha-musica\/","name":"\u00a1Vuelven las casetas de Navidad de Sant Jordi con mucha m\u00fasica! - Sant Josep \u00e9s m\u00fasica","isPartOf":{"@id":"https:\/\/musica.santjosep.org\/es\/#website"},"primaryImageOfPage":{"@id":"https:\/\/musica.santjosep.org\/es\/vuelven-las-casetas-de-navidad-de-sant-jordi-con-mucha-musica\/#primaryimage"},"image":{"@id":"https:\/\/musica.santjosep.org\/es\/vuelven-las-casetas-de-navidad-de-sant-jordi-con-mucha-musica\/#primaryimage"},"thumbnailUrl":"https:\/\/musica.santjosep.org\/wp-content\/uploads\/2025\/12\/casetas-rec.jpg","datePublished":"2025-12-17T14:02:50+00:00","dateModified":"2025-12-17T14:12:16+00:00","breadcrumb":{"@id":"https:\/\/musica.santjosep.org\/es\/vuelven-las-casetas-de-navidad-de-sant-jordi-con-mucha-musica\/#breadcrumb"},"inLanguage":"es","potentialAction":[{"@type":"ReadAction","target":["https:\/\/musica.santjosep.org\/es\/vuelven-las-casetas-de-navidad-de-sant-jordi-con-mucha-musica\/"]}]},{"@type":"ImageObject","inLanguage":"es","@id":"https:\/\/musica.santjosep.org\/es\/vuelven-las-casetas-de-navidad-de-sant-jordi-con-mucha-musica\/#primaryimage","url":"https:\/\/musica.santjosep.org\/wp-content\/uploads\/2025\/12\/casetas-rec.jpg","contentUrl":"https:\/\/musica.santjosep.org\/wp-content\/uploads\/2025\/12\/casetas-rec.jpg","width":1400,"height":933},{"@type":"BreadcrumbList","@id":"https:\/\/musica.santjosep.org\/es\/vuelven-las-casetas-de-navidad-de-sant-jordi-con-mucha-musica\/#breadcrumb","itemListElement":[{"@type":"ListItem","position":1,"name":"Portada","item":"https:\/\/musica.santjosep.org\/es\/"},{"@type":"ListItem","position":2,"name":"\u00a1Vuelven las casetas de Navidad de Sant Jordi con mucha m\u00fasica!"}]},{"@type":"WebSite","@id":"https:\/\/musica.santjosep.org\/es\/#website","url":"https:\/\/musica.santjosep.org\/es\/","name":"Sant Josep \u00e9s m\u00fasica","description":"Informaci\u00f3n actualizada de todos los conciertos, grupos y artistas que act\u00faen tanto en fiestas y festivales, como en establecimientos privados en el municipio de Sant Josep de sa Talaia","publisher":{"@id":"https:\/\/musica.santjosep.org\/es\/#organization"},"potentialAction":[{"@type":"SearchAction","target":{"@type":"EntryPoint","urlTemplate":"https:\/\/musica.santjosep.org\/es\/?s={search_term_string}"},"query-input":{"@type":"PropertyValueSpecification","valueRequired":true,"valueName":"search_term_string"}}],"inLanguage":"es"},{"@type":"Organization","@id":"https:\/\/musica.santjosep.org\/es\/#organization","name":"Sant Josep \u00e9s m\u00fasica","url":"https:\/\/musica.santjosep.org\/es\/","logo":{"@type":"ImageObject","inLanguage":"es","@id":"https:\/\/musica.santjosep.org\/es\/#\/schema\/logo\/image\/","url":"https:\/\/musica.santjosep.org\/wp-content\/uploads\/2022\/01\/logo-SJEM.png","contentUrl":"https:\/\/musica.santjosep.org\/wp-content\/uploads\/2022\/01\/logo-SJEM.png","width":213,"height":103,"caption":"Sant Josep \u00e9s m\u00fasica"},"image":{"@id":"https:\/\/musica.santjosep.org\/es\/#\/schema\/logo\/image\/"},"sameAs":["https:\/\/www.facebook.com\/Sant-Josep-s-Msica-105337042007790","https:\/\/x.com\/MusicaSantJosep","https:\/\/www.instagram.com\/musicasantjosep\/","https:\/\/www.youtube.com\/channel\/UCBSLSUpqfrfsiOMVslmZEJA"]},{"@type":"Person","@id":"https:\/\/musica.santjosep.org\/es\/#\/schema\/person\/0f860b74dd6768c60f67a1aacfe267e3","name":"xescu","image":{"@type":"ImageObject","inLanguage":"es","@id":"https:\/\/musica.santjosep.org\/es\/#\/schema\/person\/image\/","url":"https:\/\/secure.gravatar.com\/avatar\/d569ee5739a9c7022470ea472c9b4b9cf476e15f1be71e5242c911d673d14ad9?s=96&d=mm&r=g","contentUrl":"https:\/\/secure.gravatar.com\/avatar\/d569ee5739a9c7022470ea472c9b4b9cf476e15f1be71e5242c911d673d14ad9?s=96&d=mm&r=g","caption":"xescu"}}]}},"_links":{"self":[{"href":"https:\/\/musica.santjosep.org\/es\/wp-json\/wp\/v2\/posts\/54306","targetHints":{"allow":["GET"]}}],"collection":[{"href":"https:\/\/musica.santjosep.org\/es\/wp-json\/wp\/v2\/posts"}],"about":[{"href":"https:\/\/musica.santjosep.org\/es\/wp-json\/wp\/v2\/types\/post"}],"author":[{"embeddable":true,"href":"https:\/\/musica.santjosep.org\/es\/wp-json\/wp\/v2\/users\/2"}],"replies":[{"embeddable":true,"href":"https:\/\/musica.santjosep.org\/es\/wp-json\/wp\/v2\/comments?post=54306"}],"version-history":[{"count":2,"href":"https:\/\/musica.santjosep.org\/es\/wp-json\/wp\/v2\/posts\/54306\/revisions"}],"predecessor-version":[{"id":54322,"href":"https:\/\/musica.santjosep.org\/es\/wp-json\/wp\/v2\/posts\/54306\/revisions\/54322"}],"wp:featuredmedia":[{"embeddable":true,"href":"https:\/\/musica.santjosep.org\/es\/wp-json\/wp\/v2\/media\/54309"}],"wp:attachment":[{"href":"https:\/\/musica.santjosep.org\/es\/wp-json\/wp\/v2\/media?parent=54306"}],"wp:term":[{"taxonomy":"category","embeddable":true,"href":"https:\/\/musica.santjosep.org\/es\/wp-json\/wp\/v2\/categories?post=54306"},{"taxonomy":"post_tag","embeddable":true,"href":"https:\/\/musica.santjosep.org\/es\/wp-json\/wp\/v2\/tags?post=54306"}],"curies":[{"name":"wp","href":"https:\/\/api.w.org\/{rel}","templated":true}]}}