{"id":54005,"date":"2025-12-03T13:36:05","date_gmt":"2025-12-03T12:36:05","guid":{"rendered":"https:\/\/musica.santjosep.org\/?p=54005"},"modified":"2025-12-03T13:39:06","modified_gmt":"2025-12-03T12:39:06","slug":"canasnroll-rinde-homenaje-a-las-bandas-locales-y-recupera-a-peter-colours","status":"publish","type":"post","link":"https:\/\/musica.santjosep.org\/es\/canasnroll-rinde-homenaje-a-las-bandas-locales-y-recupera-a-peter-colours\/","title":{"rendered":"Ca\u00f1as\u2019n\u2019Roll rinde homenaje a las bandas locales y recupera a Peter Colours"},"content":{"rendered":"<p>El Ayuntamiento de Sant Josep de sa Talaia ha presentado esta ma\u00f1ana la XII edici\u00f3n del festival Ca\u00f1as\u2019n\u2019Roll, que se celebra del 6 al 13 de diciembre, con m\u00fasica en directo, gastronom\u00eda local y momentos para compartir con amigos y familia. A lo largo de estos dos fines de semana, habr\u00e1 m\u00faltiples actividades programadas por todo el municipio.<\/p>\n<p>El festival apuesta por hacer un homenaje a las bandas locales, con dos grandes conciertos protagonizados por cinco de ellas. El s\u00e1bado, 6 de diciembre, a las 19 horas, la carpa de Sant Josep acoger\u00e1 las actuaciones de <a href=\"https:\/\/musica.santjosep.org\/es\/concierto\/billy-flamingos-stone-corners-y-sant-rafel-playboys-en-sant-josep-por-canasnroll\/\" target=\"_blank\" rel=\"noopener\">Stone Corners, Sant Rafel Playboys y Billy Flamingos<\/a>, con un repertorio que oscila desde el blues y el rock al indie m\u00e1s alternativo y bailable. Justo una semana despu\u00e9s, el 13 de diciembre, a la misma hora, el festival se traslada a Sant Jordi, donde actuar\u00e1 la m\u00edtica banda <a href=\"https:\/\/musica.santjosep.org\/es\/concierto\/canasnroll-resucita-en-sant-jordi-a-peter-colours-junto-a-ninos-raros-y-marcos-torres\/\" target=\"_blank\" rel=\"noopener\">Peter Colours<\/a>, una de las m\u00e1s queridas por el p\u00fablico ibicenco, que ha sido recuperada por la organizaci\u00f3n del certamen, tras diez a\u00f1os de retirada. Los acompa\u00f1ar\u00e1n <a href=\"https:\/\/musica.santjosep.org\/es\/concierto\/canasnroll-resucita-en-sant-jordi-a-peter-colours-junto-a-ninos-raros-y-marcos-torres\/\" target=\"_blank\" rel=\"noopener\">Ni\u00f1os Raros y el Dj Marcos Torres<\/a>.<\/p>\n<p><img loading=\"lazy\" decoding=\"async\" class=\"alignnone wp-image-54008 size-full\" src=\"https:\/\/musica.santjosep.org\/wp-content\/uploads\/2025\/12\/dos-carteles-rec.jpg\" alt=\"\" width=\"1400\" height=\"978\" srcset=\"https:\/\/musica.santjosep.org\/wp-content\/uploads\/2025\/12\/dos-carteles-rec.jpg 1400w, https:\/\/musica.santjosep.org\/wp-content\/uploads\/2025\/12\/dos-carteles-rec-300x210.jpg 300w, https:\/\/musica.santjosep.org\/wp-content\/uploads\/2025\/12\/dos-carteles-rec-1024x715.jpg 1024w, https:\/\/musica.santjosep.org\/wp-content\/uploads\/2025\/12\/dos-carteles-rec-768x537.jpg 768w\" sizes=\"auto, (max-width: 1400px) 100vw, 1400px\" \/><\/p>\n<p>El festival arranca esta tarde con una novedad muy especial: desde las 19 horas hasta el 10 de diciembre, la sala de Can Jordi Blues Station acoge una exposici\u00f3n retrospectiva dedicada precisamente a Peter Colours. La muestra, comisariada con la colaboraci\u00f3n de Marcos Torres, autor de casi todas sus gr\u00e1ficas, ofrece un recorrido emocional por la trayectoria del grupo, aderezada de carteles, portadas de discos, fotos y recortes de prensa.<\/p>\n<p>Asimismo, estos d\u00edas numerosos establecimientos ofrecer\u00e1n ca\u00f1as y \u2018pintxos\u2019 a precios populares y tambi\u00e9n conciertos, con la siguiente programaci\u00f3n:<\/p>\n<ul>\n<li>05\/12 <a href=\"https:\/\/musica.santjosep.org\/es\/concierto\/los-sant-antoni-cowboyz-cabalgan-hasta-cas-mestre-por-el-canasnroll\/\" target=\"_blank\" rel=\"noopener\">Cas Mestre: Sant Antoni Cowboyzs (19 horas)<\/a><\/li>\n<li>05\/12 <a href=\"https:\/\/musica.santjosep.org\/es\/concert\/concierto-del-cantautor-y-trotamundos-brad-jameston-en-the-booo-de-cala-de-bou\/2025-12-05\/\" target=\"_blank\" rel=\"noopener\">The Booo: Brad Jameston (21 horas)<\/a><\/li>\n<li>06\/12 <a href=\"https:\/\/musica.santjosep.org\/es\/concierto\/iggi-the-popcorns-traen-el-rock-mas-potente-al-escenario-del-johnnys-bar\/\" target=\"_blank\" rel=\"noopener\">Johnny\u2019s Bar: Iggi &amp; The Popcorns (14,30 horas)<\/a><\/li>\n<li>06\/12 <a href=\"https:\/\/musica.santjosep.org\/es\/concierto\/el-canasnroll-llega-a-can-bernat-vinya-con-hits-de-pop-y-rock-a-cargo-de-sean-keiper-pj\/\" target=\"_blank\" rel=\"noopener\">Can Bernat Vinya: Se\u00e1n, Keiper y PJ (16 horas)<\/a><\/li>\n<li>07\/12 <a href=\"https:\/\/musica.santjosep.org\/es\/concierto\/sam-ivan-traen-versiones-de-ella-fitzgerald-etta-james-y-otros-artistas-a-cool-cafe\/\" target=\"_blank\" rel=\"noopener\">Cool Caf\u00e9: Sam &amp; Iv\u00e1n (14 horas)<\/a><\/li>\n<li>07\/12 <a href=\"https:\/\/musica.santjosep.org\/es\/concierto\/pizzaman-en-cala-de-bou-se-suma-al-canasnroll-con-la-musica-cubana-de-conclave\/\" target=\"_blank\" rel=\"noopener\">Pizzaman: Conclave (20 horas)<\/a><\/li>\n<li>11\/12 <a href=\"https:\/\/musica.santjosep.org\/es\/concierto\/jueves-musical-de-canasnroll-en-why-not-con-el-duo-iggi-arzur\/\" target=\"_blank\" rel=\"noopener\">Why Not: Iggi &amp; Arzur (20 horas)<\/a><\/li>\n<li>12\/12 <a href=\"https:\/\/musica.santjosep.org\/es\/concierto\/noche-de-rock-y-soul-con-sandy-valey-y-su-banda-en-el-bar-restaurante-cas-mestre\/\" target=\"_blank\" rel=\"noopener\">Cas Mestre: Sandy Valey Tr\u00edo (19 horas)<\/a><\/li>\n<li>12\/12 <a href=\"https:\/\/musica.santjosep.org\/es\/concierto\/noche-de-ska-blues-y-musica-negra-con-tirtha-man-trio-en-el-johnnys-bar\/\" target=\"_blank\" rel=\"noopener\">Johnny\u2019s Bar: Tirtha Man Tr\u00edo (19,30 horas)<\/a><\/li>\n<li>12\/12 <a href=\"https:\/\/musica.santjosep.org\/es\/concert\/concierto-del-cantautor-y-trotamundos-brad-jameston-en-the-booo-de-cala-de-bou\/2025-12-12\/\" target=\"_blank\" rel=\"noopener\">The Booo: Brad Jameston (21 horas)<\/a><\/li>\n<li>13\/12 <a href=\"https:\/\/musica.santjosep.org\/es\/concierto\/el-cantante-y-guitarrista-sueco-tirtha-man-rundquist-en-can-jordi-blues-station\/\" target=\"_blank\" rel=\"noopener\">Can Jordi Blues Station: Tirtha Man Tr\u00edo (13 horas)<\/a><\/li>\n<li>13\/12 <a href=\"https:\/\/musica.santjosep.org\/es\/concierto\/el-trio-igea-vuelve-al-johnnys-bar-en-cala-de-bou-con-versiones-de-rock-pop-e-indie\/\" target=\"_blank\" rel=\"noopener\">Johnny\u2019s Bar: Igea (14,30 horas)<\/a><\/li>\n<li>13\/12 <a href=\"https:\/\/musica.santjosep.org\/es\/concierto\/tarde-de-rockabilly-con-the-metrallas-en-el-escenario-del-restaurante-clab\/\" target=\"_blank\" rel=\"noopener\">Clab: The Metrallas (17 horas)<\/a><\/li>\n<\/ul>\n<p>Durante toda la jornada, los asistentes podr\u00e1n degustar las creaciones de las asociaciones locales en el Burger Fest, con miniburgers acompa\u00f1adas de bebida a un precio \u00fanico de 5\u202feuros. Participan la Cafeter\u00eda Pira\u00f1a, Can Limo, Can Riku, Can Soul, Clab, Johnny\u2019s Bar, Pizzaman, The Booo, Why Not y Vinyl Burger. En las carpas, los dos d\u00edas de concierto tambi\u00e9n se servir\u00e1n mini burgers m\u00e1s bebida, a 5 euros.<\/p>\n<p>La concejala de Fiestas, Isabel Castellar, ha declarado que con esta edici\u00f3n \u201cCa\u00f1as\u2019n\u2019Roll se consolida como una cita imprescindible para los amantes de la m\u00fasica y la gastronom\u00eda. Este a\u00f1o volvemos con m\u00e1s fuerza y con la ilusi\u00f3n de ofrecer una propuesta hecha desde la proximidad y la creatividad\u201d.<\/p>\n<p>Ca\u00f1as Roll, en definitiva, vuelve a ofrecer una experiencia \u00fanica, donde la m\u00fasica, la gastronom\u00eda y la cercan\u00eda con los artistas se dan la mano para crear un espacio de encuentro cultural y comunitario.<\/p>\n<p>M\u00e1s informaci\u00f3n en la <a href=\"https:\/\/xn--caasnroll-m6a.com\/\" target=\"_blank\" rel=\"noopener\">p\u00e1gina web del evento<\/a>.<\/p>\n<p>Descarga el folleto de Ca\u00f1as\u2019n\u2019Roll en <a href=\"https:\/\/musica.santjosep.org\/wp-content\/uploads\/2025\/12\/Folleto-Can\u0303as-2026.pdf\" target=\"_blank\" rel=\"noopener\">este enlace<\/a>.<\/p>\n","protected":false},"excerpt":{"rendered":"<p>El festival, que cumple su XII edici\u00f3n, ofrece dos s\u00e1bados de conciertos en Sant Josep y Sant Jordi, m\u00e1s de una docena de recitales en bares, el Burger Fest y los tradicionales \u2018pintxos\u2019.<\/p>\n","protected":false},"author":2,"featured_media":54006,"comment_status":"closed","ping_status":"closed","sticky":false,"template":"","format":"standard","meta":{"_acf_changed":false,"footnotes":""},"categories":[14],"tags":[],"class_list":["post-54005","post","type-post","status-publish","format-standard","has-post-thumbnail","hentry","category-actualidad"],"acf":[],"yoast_head":"<!-- This site is optimized with the Yoast SEO plugin v26.6 - https:\/\/yoast.com\/wordpress\/plugins\/seo\/ -->\n<title>Ca\u00f1as\u2019n\u2019Roll rinde homenaje a las bandas locales y recupera a Peter Colours - Sant Josep \u00e9s m\u00fasica<\/title>\n<meta name=\"robots\" content=\"index, follow, max-snippet:-1, max-image-preview:large, max-video-preview:-1\" \/>\n<link rel=\"canonical\" href=\"https:\/\/musica.santjosep.org\/es\/canasnroll-rinde-homenaje-a-las-bandas-locales-y-recupera-a-peter-colours\/\" \/>\n<meta property=\"og:locale\" content=\"es_ES\" \/>\n<meta property=\"og:type\" content=\"article\" \/>\n<meta property=\"og:title\" content=\"Ca\u00f1as\u2019n\u2019Roll rinde homenaje a las bandas locales y recupera a Peter Colours - Sant Josep \u00e9s m\u00fasica\" \/>\n<meta property=\"og:description\" content=\"El festival, que cumple su XII edici\u00f3n, ofrece dos s\u00e1bados de conciertos en Sant Josep y Sant Jordi, m\u00e1s de una docena de recitales en bares, el Burger Fest y los tradicionales \u2018pintxos\u2019.\" \/>\n<meta property=\"og:url\" content=\"https:\/\/musica.santjosep.org\/es\/canasnroll-rinde-homenaje-a-las-bandas-locales-y-recupera-a-peter-colours\/\" \/>\n<meta property=\"og:site_name\" content=\"Sant Josep \u00e9s m\u00fasica\" \/>\n<meta property=\"article:publisher\" content=\"https:\/\/www.facebook.com\/Sant-Josep-s-Msica-105337042007790\" \/>\n<meta property=\"article:published_time\" content=\"2025-12-03T12:36:05+00:00\" \/>\n<meta property=\"article:modified_time\" content=\"2025-12-03T12:39:06+00:00\" \/>\n<meta property=\"og:image\" content=\"https:\/\/musica.santjosep.org\/wp-content\/uploads\/2025\/12\/2025-12-03-canas-n-roll-rec.jpg\" \/>\n\t<meta property=\"og:image:width\" content=\"1400\" \/>\n\t<meta property=\"og:image:height\" content=\"933\" \/>\n\t<meta property=\"og:image:type\" content=\"image\/jpeg\" \/>\n<meta name=\"author\" content=\"xescu\" \/>\n<meta name=\"twitter:card\" content=\"summary_large_image\" \/>\n<meta name=\"twitter:creator\" content=\"@MusicaSantJosep\" \/>\n<meta name=\"twitter:site\" content=\"@MusicaSantJosep\" \/>\n<meta name=\"twitter:label1\" content=\"Escrito por\" \/>\n\t<meta name=\"twitter:data1\" content=\"xescu\" \/>\n\t<meta name=\"twitter:label2\" content=\"Tiempo de lectura\" \/>\n\t<meta name=\"twitter:data2\" content=\"3 minutos\" \/>\n<script type=\"application\/ld+json\" class=\"yoast-schema-graph\">{\"@context\":\"https:\/\/schema.org\",\"@graph\":[{\"@type\":\"Article\",\"@id\":\"https:\/\/musica.santjosep.org\/es\/canasnroll-rinde-homenaje-a-las-bandas-locales-y-recupera-a-peter-colours\/#article\",\"isPartOf\":{\"@id\":\"https:\/\/musica.santjosep.org\/es\/canasnroll-rinde-homenaje-a-las-bandas-locales-y-recupera-a-peter-colours\/\"},\"author\":{\"name\":\"xescu\",\"@id\":\"https:\/\/musica.santjosep.org\/es\/#\/schema\/person\/0f860b74dd6768c60f67a1aacfe267e3\"},\"headline\":\"Ca\u00f1as\u2019n\u2019Roll rinde homenaje a las bandas locales y recupera a Peter Colours\",\"datePublished\":\"2025-12-03T12:36:05+00:00\",\"dateModified\":\"2025-12-03T12:39:06+00:00\",\"mainEntityOfPage\":{\"@id\":\"https:\/\/musica.santjosep.org\/es\/canasnroll-rinde-homenaje-a-las-bandas-locales-y-recupera-a-peter-colours\/\"},\"wordCount\":579,\"publisher\":{\"@id\":\"https:\/\/musica.santjosep.org\/es\/#organization\"},\"image\":{\"@id\":\"https:\/\/musica.santjosep.org\/es\/canasnroll-rinde-homenaje-a-las-bandas-locales-y-recupera-a-peter-colours\/#primaryimage\"},\"thumbnailUrl\":\"https:\/\/musica.santjosep.org\/wp-content\/uploads\/2025\/12\/2025-12-03-canas-n-roll-rec.jpg\",\"articleSection\":[\"Actualidad\"],\"inLanguage\":\"es\"},{\"@type\":\"WebPage\",\"@id\":\"https:\/\/musica.santjosep.org\/es\/canasnroll-rinde-homenaje-a-las-bandas-locales-y-recupera-a-peter-colours\/\",\"url\":\"https:\/\/musica.santjosep.org\/es\/canasnroll-rinde-homenaje-a-las-bandas-locales-y-recupera-a-peter-colours\/\",\"name\":\"Ca\u00f1as\u2019n\u2019Roll rinde homenaje a las bandas locales y recupera a Peter Colours - Sant Josep \u00e9s m\u00fasica\",\"isPartOf\":{\"@id\":\"https:\/\/musica.santjosep.org\/es\/#website\"},\"primaryImageOfPage\":{\"@id\":\"https:\/\/musica.santjosep.org\/es\/canasnroll-rinde-homenaje-a-las-bandas-locales-y-recupera-a-peter-colours\/#primaryimage\"},\"image\":{\"@id\":\"https:\/\/musica.santjosep.org\/es\/canasnroll-rinde-homenaje-a-las-bandas-locales-y-recupera-a-peter-colours\/#primaryimage\"},\"thumbnailUrl\":\"https:\/\/musica.santjosep.org\/wp-content\/uploads\/2025\/12\/2025-12-03-canas-n-roll-rec.jpg\",\"datePublished\":\"2025-12-03T12:36:05+00:00\",\"dateModified\":\"2025-12-03T12:39:06+00:00\",\"breadcrumb\":{\"@id\":\"https:\/\/musica.santjosep.org\/es\/canasnroll-rinde-homenaje-a-las-bandas-locales-y-recupera-a-peter-colours\/#breadcrumb\"},\"inLanguage\":\"es\",\"potentialAction\":[{\"@type\":\"ReadAction\",\"target\":[\"https:\/\/musica.santjosep.org\/es\/canasnroll-rinde-homenaje-a-las-bandas-locales-y-recupera-a-peter-colours\/\"]}]},{\"@type\":\"ImageObject\",\"inLanguage\":\"es\",\"@id\":\"https:\/\/musica.santjosep.org\/es\/canasnroll-rinde-homenaje-a-las-bandas-locales-y-recupera-a-peter-colours\/#primaryimage\",\"url\":\"https:\/\/musica.santjosep.org\/wp-content\/uploads\/2025\/12\/2025-12-03-canas-n-roll-rec.jpg\",\"contentUrl\":\"https:\/\/musica.santjosep.org\/wp-content\/uploads\/2025\/12\/2025-12-03-canas-n-roll-rec.jpg\",\"width\":1400,\"height\":933,\"caption\":\"Carlos Roig Trafford, Isabel Castellar y Cesar S\u00e1nchez\"},{\"@type\":\"BreadcrumbList\",\"@id\":\"https:\/\/musica.santjosep.org\/es\/canasnroll-rinde-homenaje-a-las-bandas-locales-y-recupera-a-peter-colours\/#breadcrumb\",\"itemListElement\":[{\"@type\":\"ListItem\",\"position\":1,\"name\":\"Portada\",\"item\":\"https:\/\/musica.santjosep.org\/es\/\"},{\"@type\":\"ListItem\",\"position\":2,\"name\":\"Ca\u00f1as\u2019n\u2019Roll rinde homenaje a las bandas locales y recupera a Peter Colours\"}]},{\"@type\":\"WebSite\",\"@id\":\"https:\/\/musica.santjosep.org\/es\/#website\",\"url\":\"https:\/\/musica.santjosep.org\/es\/\",\"name\":\"Sant Josep \u00e9s m\u00fasica\",\"description\":\"Informaci\u00f3n actualizada de todos los conciertos, grupos y artistas que act\u00faen tanto en fiestas y festivales, como en establecimientos privados en el municipio de Sant Josep de sa Talaia\",\"publisher\":{\"@id\":\"https:\/\/musica.santjosep.org\/es\/#organization\"},\"potentialAction\":[{\"@type\":\"SearchAction\",\"target\":{\"@type\":\"EntryPoint\",\"urlTemplate\":\"https:\/\/musica.santjosep.org\/es\/?s={search_term_string}\"},\"query-input\":{\"@type\":\"PropertyValueSpecification\",\"valueRequired\":true,\"valueName\":\"search_term_string\"}}],\"inLanguage\":\"es\"},{\"@type\":\"Organization\",\"@id\":\"https:\/\/musica.santjosep.org\/es\/#organization\",\"name\":\"Sant Josep \u00e9s m\u00fasica\",\"url\":\"https:\/\/musica.santjosep.org\/es\/\",\"logo\":{\"@type\":\"ImageObject\",\"inLanguage\":\"es\",\"@id\":\"https:\/\/musica.santjosep.org\/es\/#\/schema\/logo\/image\/\",\"url\":\"https:\/\/musica.santjosep.org\/wp-content\/uploads\/2022\/01\/logo-SJEM.png\",\"contentUrl\":\"https:\/\/musica.santjosep.org\/wp-content\/uploads\/2022\/01\/logo-SJEM.png\",\"width\":213,\"height\":103,\"caption\":\"Sant Josep \u00e9s m\u00fasica\"},\"image\":{\"@id\":\"https:\/\/musica.santjosep.org\/es\/#\/schema\/logo\/image\/\"},\"sameAs\":[\"https:\/\/www.facebook.com\/Sant-Josep-s-Msica-105337042007790\",\"https:\/\/x.com\/MusicaSantJosep\",\"https:\/\/www.instagram.com\/musicasantjosep\/\",\"https:\/\/www.youtube.com\/channel\/UCBSLSUpqfrfsiOMVslmZEJA\"]},{\"@type\":\"Person\",\"@id\":\"https:\/\/musica.santjosep.org\/es\/#\/schema\/person\/0f860b74dd6768c60f67a1aacfe267e3\",\"name\":\"xescu\",\"image\":{\"@type\":\"ImageObject\",\"inLanguage\":\"es\",\"@id\":\"https:\/\/musica.santjosep.org\/es\/#\/schema\/person\/image\/\",\"url\":\"https:\/\/secure.gravatar.com\/avatar\/d569ee5739a9c7022470ea472c9b4b9cf476e15f1be71e5242c911d673d14ad9?s=96&d=mm&r=g\",\"contentUrl\":\"https:\/\/secure.gravatar.com\/avatar\/d569ee5739a9c7022470ea472c9b4b9cf476e15f1be71e5242c911d673d14ad9?s=96&d=mm&r=g\",\"caption\":\"xescu\"}}]}<\/script>\n<!-- \/ Yoast SEO plugin. -->","yoast_head_json":{"title":"Ca\u00f1as\u2019n\u2019Roll rinde homenaje a las bandas locales y recupera a Peter Colours - Sant Josep \u00e9s m\u00fasica","robots":{"index":"index","follow":"follow","max-snippet":"max-snippet:-1","max-image-preview":"max-image-preview:large","max-video-preview":"max-video-preview:-1"},"canonical":"https:\/\/musica.santjosep.org\/es\/canasnroll-rinde-homenaje-a-las-bandas-locales-y-recupera-a-peter-colours\/","og_locale":"es_ES","og_type":"article","og_title":"Ca\u00f1as\u2019n\u2019Roll rinde homenaje a las bandas locales y recupera a Peter Colours - Sant Josep \u00e9s m\u00fasica","og_description":"El festival, que cumple su XII edici\u00f3n, ofrece dos s\u00e1bados de conciertos en Sant Josep y Sant Jordi, m\u00e1s de una docena de recitales en bares, el Burger Fest y los tradicionales \u2018pintxos\u2019.","og_url":"https:\/\/musica.santjosep.org\/es\/canasnroll-rinde-homenaje-a-las-bandas-locales-y-recupera-a-peter-colours\/","og_site_name":"Sant Josep \u00e9s m\u00fasica","article_publisher":"https:\/\/www.facebook.com\/Sant-Josep-s-Msica-105337042007790","article_published_time":"2025-12-03T12:36:05+00:00","article_modified_time":"2025-12-03T12:39:06+00:00","og_image":[{"width":1400,"height":933,"url":"https:\/\/musica.santjosep.org\/wp-content\/uploads\/2025\/12\/2025-12-03-canas-n-roll-rec.jpg","type":"image\/jpeg"}],"author":"xescu","twitter_card":"summary_large_image","twitter_creator":"@MusicaSantJosep","twitter_site":"@MusicaSantJosep","twitter_misc":{"Escrito por":"xescu","Tiempo de lectura":"3 minutos"},"schema":{"@context":"https:\/\/schema.org","@graph":[{"@type":"Article","@id":"https:\/\/musica.santjosep.org\/es\/canasnroll-rinde-homenaje-a-las-bandas-locales-y-recupera-a-peter-colours\/#article","isPartOf":{"@id":"https:\/\/musica.santjosep.org\/es\/canasnroll-rinde-homenaje-a-las-bandas-locales-y-recupera-a-peter-colours\/"},"author":{"name":"xescu","@id":"https:\/\/musica.santjosep.org\/es\/#\/schema\/person\/0f860b74dd6768c60f67a1aacfe267e3"},"headline":"Ca\u00f1as\u2019n\u2019Roll rinde homenaje a las bandas locales y recupera a Peter Colours","datePublished":"2025-12-03T12:36:05+00:00","dateModified":"2025-12-03T12:39:06+00:00","mainEntityOfPage":{"@id":"https:\/\/musica.santjosep.org\/es\/canasnroll-rinde-homenaje-a-las-bandas-locales-y-recupera-a-peter-colours\/"},"wordCount":579,"publisher":{"@id":"https:\/\/musica.santjosep.org\/es\/#organization"},"image":{"@id":"https:\/\/musica.santjosep.org\/es\/canasnroll-rinde-homenaje-a-las-bandas-locales-y-recupera-a-peter-colours\/#primaryimage"},"thumbnailUrl":"https:\/\/musica.santjosep.org\/wp-content\/uploads\/2025\/12\/2025-12-03-canas-n-roll-rec.jpg","articleSection":["Actualidad"],"inLanguage":"es"},{"@type":"WebPage","@id":"https:\/\/musica.santjosep.org\/es\/canasnroll-rinde-homenaje-a-las-bandas-locales-y-recupera-a-peter-colours\/","url":"https:\/\/musica.santjosep.org\/es\/canasnroll-rinde-homenaje-a-las-bandas-locales-y-recupera-a-peter-colours\/","name":"Ca\u00f1as\u2019n\u2019Roll rinde homenaje a las bandas locales y recupera a Peter Colours - Sant Josep \u00e9s m\u00fasica","isPartOf":{"@id":"https:\/\/musica.santjosep.org\/es\/#website"},"primaryImageOfPage":{"@id":"https:\/\/musica.santjosep.org\/es\/canasnroll-rinde-homenaje-a-las-bandas-locales-y-recupera-a-peter-colours\/#primaryimage"},"image":{"@id":"https:\/\/musica.santjosep.org\/es\/canasnroll-rinde-homenaje-a-las-bandas-locales-y-recupera-a-peter-colours\/#primaryimage"},"thumbnailUrl":"https:\/\/musica.santjosep.org\/wp-content\/uploads\/2025\/12\/2025-12-03-canas-n-roll-rec.jpg","datePublished":"2025-12-03T12:36:05+00:00","dateModified":"2025-12-03T12:39:06+00:00","breadcrumb":{"@id":"https:\/\/musica.santjosep.org\/es\/canasnroll-rinde-homenaje-a-las-bandas-locales-y-recupera-a-peter-colours\/#breadcrumb"},"inLanguage":"es","potentialAction":[{"@type":"ReadAction","target":["https:\/\/musica.santjosep.org\/es\/canasnroll-rinde-homenaje-a-las-bandas-locales-y-recupera-a-peter-colours\/"]}]},{"@type":"ImageObject","inLanguage":"es","@id":"https:\/\/musica.santjosep.org\/es\/canasnroll-rinde-homenaje-a-las-bandas-locales-y-recupera-a-peter-colours\/#primaryimage","url":"https:\/\/musica.santjosep.org\/wp-content\/uploads\/2025\/12\/2025-12-03-canas-n-roll-rec.jpg","contentUrl":"https:\/\/musica.santjosep.org\/wp-content\/uploads\/2025\/12\/2025-12-03-canas-n-roll-rec.jpg","width":1400,"height":933,"caption":"Carlos Roig Trafford, Isabel Castellar y Cesar S\u00e1nchez"},{"@type":"BreadcrumbList","@id":"https:\/\/musica.santjosep.org\/es\/canasnroll-rinde-homenaje-a-las-bandas-locales-y-recupera-a-peter-colours\/#breadcrumb","itemListElement":[{"@type":"ListItem","position":1,"name":"Portada","item":"https:\/\/musica.santjosep.org\/es\/"},{"@type":"ListItem","position":2,"name":"Ca\u00f1as\u2019n\u2019Roll rinde homenaje a las bandas locales y recupera a Peter Colours"}]},{"@type":"WebSite","@id":"https:\/\/musica.santjosep.org\/es\/#website","url":"https:\/\/musica.santjosep.org\/es\/","name":"Sant Josep \u00e9s m\u00fasica","description":"Informaci\u00f3n actualizada de todos los conciertos, grupos y artistas que act\u00faen tanto en fiestas y festivales, como en establecimientos privados en el municipio de Sant Josep de sa Talaia","publisher":{"@id":"https:\/\/musica.santjosep.org\/es\/#organization"},"potentialAction":[{"@type":"SearchAction","target":{"@type":"EntryPoint","urlTemplate":"https:\/\/musica.santjosep.org\/es\/?s={search_term_string}"},"query-input":{"@type":"PropertyValueSpecification","valueRequired":true,"valueName":"search_term_string"}}],"inLanguage":"es"},{"@type":"Organization","@id":"https:\/\/musica.santjosep.org\/es\/#organization","name":"Sant Josep \u00e9s m\u00fasica","url":"https:\/\/musica.santjosep.org\/es\/","logo":{"@type":"ImageObject","inLanguage":"es","@id":"https:\/\/musica.santjosep.org\/es\/#\/schema\/logo\/image\/","url":"https:\/\/musica.santjosep.org\/wp-content\/uploads\/2022\/01\/logo-SJEM.png","contentUrl":"https:\/\/musica.santjosep.org\/wp-content\/uploads\/2022\/01\/logo-SJEM.png","width":213,"height":103,"caption":"Sant Josep \u00e9s m\u00fasica"},"image":{"@id":"https:\/\/musica.santjosep.org\/es\/#\/schema\/logo\/image\/"},"sameAs":["https:\/\/www.facebook.com\/Sant-Josep-s-Msica-105337042007790","https:\/\/x.com\/MusicaSantJosep","https:\/\/www.instagram.com\/musicasantjosep\/","https:\/\/www.youtube.com\/channel\/UCBSLSUpqfrfsiOMVslmZEJA"]},{"@type":"Person","@id":"https:\/\/musica.santjosep.org\/es\/#\/schema\/person\/0f860b74dd6768c60f67a1aacfe267e3","name":"xescu","image":{"@type":"ImageObject","inLanguage":"es","@id":"https:\/\/musica.santjosep.org\/es\/#\/schema\/person\/image\/","url":"https:\/\/secure.gravatar.com\/avatar\/d569ee5739a9c7022470ea472c9b4b9cf476e15f1be71e5242c911d673d14ad9?s=96&d=mm&r=g","contentUrl":"https:\/\/secure.gravatar.com\/avatar\/d569ee5739a9c7022470ea472c9b4b9cf476e15f1be71e5242c911d673d14ad9?s=96&d=mm&r=g","caption":"xescu"}}]}},"_links":{"self":[{"href":"https:\/\/musica.santjosep.org\/es\/wp-json\/wp\/v2\/posts\/54005","targetHints":{"allow":["GET"]}}],"collection":[{"href":"https:\/\/musica.santjosep.org\/es\/wp-json\/wp\/v2\/posts"}],"about":[{"href":"https:\/\/musica.santjosep.org\/es\/wp-json\/wp\/v2\/types\/post"}],"author":[{"embeddable":true,"href":"https:\/\/musica.santjosep.org\/es\/wp-json\/wp\/v2\/users\/2"}],"replies":[{"embeddable":true,"href":"https:\/\/musica.santjosep.org\/es\/wp-json\/wp\/v2\/comments?post=54005"}],"version-history":[{"count":4,"href":"https:\/\/musica.santjosep.org\/es\/wp-json\/wp\/v2\/posts\/54005\/revisions"}],"predecessor-version":[{"id":54013,"href":"https:\/\/musica.santjosep.org\/es\/wp-json\/wp\/v2\/posts\/54005\/revisions\/54013"}],"wp:featuredmedia":[{"embeddable":true,"href":"https:\/\/musica.santjosep.org\/es\/wp-json\/wp\/v2\/media\/54006"}],"wp:attachment":[{"href":"https:\/\/musica.santjosep.org\/es\/wp-json\/wp\/v2\/media?parent=54005"}],"wp:term":[{"taxonomy":"category","embeddable":true,"href":"https:\/\/musica.santjosep.org\/es\/wp-json\/wp\/v2\/categories?post=54005"},{"taxonomy":"post_tag","embeddable":true,"href":"https:\/\/musica.santjosep.org\/es\/wp-json\/wp\/v2\/tags?post=54005"}],"curies":[{"name":"wp","href":"https:\/\/api.w.org\/{rel}","templated":true}]}}