{"id":53914,"date":"2025-12-03T00:06:12","date_gmt":"2025-12-02T23:06:12","guid":{"rendered":"https:\/\/musica.santjosep.org\/?p=53914"},"modified":"2025-12-03T00:10:02","modified_gmt":"2025-12-02T23:10:02","slug":"que-navidades-tan-musicales-canasnroll-sobrassada-rock-soul-food-fest","status":"publish","type":"post","link":"https:\/\/musica.santjosep.org\/es\/que-navidades-tan-musicales-canasnroll-sobrassada-rock-soul-food-fest\/","title":{"rendered":"\u00a1Qu\u00e9 Navidades tan musicales! Ca\u00f1as\u2019n\u2019Roll, Sobrassada Rock, Soul Food Fest\u2026"},"content":{"rendered":"<p>El Ayuntamiento de Sant Josep ha difundido hoy el programa de las fiestas navide\u00f1as de este a\u00f1o, que comienzan esta misma semana con un aluvi\u00f3n de eventos, gastronom\u00eda, talleres, teatro y, por supuesto, espect\u00e1culos musicales. El pistoletazo de salida ser\u00e1 este jueves, d\u00eda 4, a las 18 horas, con el encendido de las luces de Navidad en la plaza de Sant Josep, la actuaci\u00f3n del Cor de l\u2019Urgell y una sorpresa para todos los asistentes.<\/p>\n<p>El alcalde, Vicent Roig, afirma en el programa que desde \u201cel Ayuntamiento de Sant Josep de sa Talaia seguiremos trabajando para que el espi\u0301ritu de comunidad nunca se apague. Para que cada barrio, cada pueblo y cada hogar sientan que forman parte de un municipio vivo, cercano y lleno de vida\u201d.<\/p>\n<div id=\"attachment_53767\" style=\"width: 1410px\" class=\"wp-caption alignnone\"><img loading=\"lazy\" decoding=\"async\" aria-describedby=\"caption-attachment-53767\" class=\"wp-image-53767 size-full\" src=\"https:\/\/musica.santjosep.org\/wp-content\/uploads\/2025\/12\/peter-colors-expo-rec.jpg\" alt=\"\" width=\"1400\" height=\"932\" srcset=\"https:\/\/musica.santjosep.org\/wp-content\/uploads\/2025\/12\/peter-colors-expo-rec.jpg 1400w, https:\/\/musica.santjosep.org\/wp-content\/uploads\/2025\/12\/peter-colors-expo-rec-300x200.jpg 300w, https:\/\/musica.santjosep.org\/wp-content\/uploads\/2025\/12\/peter-colors-expo-rec-1024x682.jpg 1024w, https:\/\/musica.santjosep.org\/wp-content\/uploads\/2025\/12\/peter-colors-expo-rec-768x511.jpg 768w\" sizes=\"auto, (max-width: 1400px) 100vw, 1400px\" \/><p id=\"caption-attachment-53767\" class=\"wp-caption-text\">Peter Colours<\/p><\/div>\n<p>Uno de los momentos estelares del programa es el certamen musical y gastron\u00f3mico Ca\u00f1as\u2019n\u2019Roll, que esta vez est\u00e1 dedicado a las bandas locales y trae dos importantes conciertos: el s\u00e1bado 6, a las 19 horas, en la carpa de Sant Josep, donde actuar\u00e1n Stone Corners, Sant Rafel Playboys y Billy Flamingos, y el s\u00e1bado 13, a la misma hora, en la carpa de Sant Jordi, donde la hist\u00f3rica banda Peter Colours regresar\u00e1 a los escenarios, precedida por el grupo Ni\u00f1os Raros y el Dj Marcos Torres. Adem\u00e1s, habr\u00e1 hamburguesas especiales, \u2018pintxos\u2019 y ca\u00f1as a precios populares y m\u00faltiples actuaciones en distintos bares del municipio.<\/p>\n<p>El viernes, 19 de diciembre, a las 17 horas, se celebra la apertura de las casetas de Navidad de la plaza de Sant Jordi, con m\u00fasica, comida y buen ambiente. Adem\u00e1s, durante todas las fiestas, se programar\u00e1n conciertos cuya agenda se dar\u00e1 a conocer pr\u00f3ximamente.<\/p>\n<div id=\"attachment_53915\" style=\"width: 1410px\" class=\"wp-caption alignnone\"><img loading=\"lazy\" decoding=\"async\" aria-describedby=\"caption-attachment-53915\" class=\"wp-image-53915 size-full\" src=\"https:\/\/musica.santjosep.org\/wp-content\/uploads\/2025\/12\/lobos-1-rec.jpg\" alt=\"\" width=\"1400\" height=\"933\" srcset=\"https:\/\/musica.santjosep.org\/wp-content\/uploads\/2025\/12\/lobos-1-rec.jpg 1400w, https:\/\/musica.santjosep.org\/wp-content\/uploads\/2025\/12\/lobos-1-rec-300x200.jpg 300w, https:\/\/musica.santjosep.org\/wp-content\/uploads\/2025\/12\/lobos-1-rec-1024x682.jpg 1024w, https:\/\/musica.santjosep.org\/wp-content\/uploads\/2025\/12\/lobos-1-rec-768x512.jpg 768w\" sizes=\"auto, (max-width: 1400px) 100vw, 1400px\" \/><p id=\"caption-attachment-53915\" class=\"wp-caption-text\">Lobos Band (Ciudad Real)<\/p><\/div>\n<p>Al d\u00eda siguiente, d\u00eda 20, a partir de las 21 horas, en la carpa de Sant Josep, comenzar\u00e1 el Sobrassada Rock, donde actuar\u00e1 el grupo Lobos, una formaci\u00f3n procedente de Ciudad Real que rinde tributo a Leiva y Pereza, as\u00ed como los ibicencos LaCalle y el Dj John Sax. El domingo tambi\u00e9n vuelve el certamen gastron\u00f3mico \u2018T\u00e9 ous sa colla\u2019, con degustaci\u00f3n de huevos fritos, patatas y sobrasada, y la actuaci\u00f3n del grupo Igea.<\/p>\n<p>Sant Jordi acoger\u00e1 el 27, a las 19 horas, la tercera edici\u00f3n del festival Urban Music, donde subir\u00e1n al escenario Vinnie Dollar, Y9, LFACE y otros artistas invitados. Una hora m\u00e1s tarde, en Sant Agust\u00ed, est\u00e1 previsto el habitual Tastavins navide\u00f1o, con la m\u00fasica nuevamente de Igea.<\/p>\n<div id=\"attachment_53919\" style=\"width: 2010px\" class=\"wp-caption alignnone\"><img loading=\"lazy\" decoding=\"async\" aria-describedby=\"caption-attachment-53919\" class=\"wp-image-53919 size-full\" src=\"https:\/\/musica.santjosep.org\/wp-content\/uploads\/2025\/12\/Springsteen-36.jpg\" alt=\"\" width=\"2000\" height=\"1333\" srcset=\"https:\/\/musica.santjosep.org\/wp-content\/uploads\/2025\/12\/Springsteen-36.jpg 2000w, https:\/\/musica.santjosep.org\/wp-content\/uploads\/2025\/12\/Springsteen-36-300x200.jpg 300w, https:\/\/musica.santjosep.org\/wp-content\/uploads\/2025\/12\/Springsteen-36-1024x682.jpg 1024w, https:\/\/musica.santjosep.org\/wp-content\/uploads\/2025\/12\/Springsteen-36-768x512.jpg 768w, https:\/\/musica.santjosep.org\/wp-content\/uploads\/2025\/12\/Springsteen-36-1536x1024.jpg 1536w\" sizes=\"auto, (max-width: 2000px) 100vw, 2000px\" \/><p id=\"caption-attachment-53919\" class=\"wp-caption-text\">Acoustic Springsteen. Foto: Joan F. Ribas<\/p><\/div>\n<p>El domingo, 28 de diciembre, a partir de las 12,30 horas, se iniciar\u00e1 el V Soul Food Fest en Cal\u00f3 de s\u2019Oli, que contar\u00e1 con las actuaciones de la nueva banda Acoustic Springsteen y el quinteto de rock Little Pomegranate Honey. Adem\u00e1s, se servir\u00e1 un estofado de marisco al estilo de Nueva Orleans, a precios populares. Este certamen se pospuso el pasado 12 de octubre a causa de las fuertes tormentas que afectaron a la isla y se ha decidido incluirlo en el programa de las fiestas navide\u00f1as.<\/p>\n<p>Como ya es tradici\u00f3n, el 31 de diciembre habr\u00e1 campanadas a mediod\u00eda en Sant Josep y Sant Jordi, con las actuaciones de The Rosemary Family y Esta me la s\u00e9, respectivamente.<\/p>\n<p>Los m\u00e1s peque\u00f1os, asimismo, podr\u00e1n disfrutar del musical \u2018Peter Pan\u2019 el 3 de enero, que se representar\u00e1 por duplicado, a las 16,30 y las 18,30 horas, en el Auditorio Cal\u00f3 de s\u2019Oli. Las entradas estar\u00e1n disponibles en las oficinas municipales de Sant Josep, Sant Jordi y Cala de Bou, a partir del 22 de diciembre, de 8,30 a 14 horas, pudi\u00e9ndose retirar un m\u00e1ximo de cuatro unidades por persona.<\/p>\n<div id=\"attachment_53921\" style=\"width: 1410px\" class=\"wp-caption alignnone\"><img loading=\"lazy\" decoding=\"async\" aria-describedby=\"caption-attachment-53921\" class=\"wp-image-53921 size-full\" src=\"https:\/\/musica.santjosep.org\/wp-content\/uploads\/2025\/12\/f2rec.jpg\" alt=\"\" width=\"1400\" height=\"933\" srcset=\"https:\/\/musica.santjosep.org\/wp-content\/uploads\/2025\/12\/f2rec.jpg 1400w, https:\/\/musica.santjosep.org\/wp-content\/uploads\/2025\/12\/f2rec-300x200.jpg 300w, https:\/\/musica.santjosep.org\/wp-content\/uploads\/2025\/12\/f2rec-1024x682.jpg 1024w, https:\/\/musica.santjosep.org\/wp-content\/uploads\/2025\/12\/f2rec-768x512.jpg 768w\" sizes=\"auto, (max-width: 1400px) 100vw, 1400px\" \/><p id=\"caption-attachment-53921\" class=\"wp-caption-text\">Cor de Can Blau<\/p><\/div>\n<p>A todo ello hay que sumar una gran cantidad de conciertos corales y protagonizados por los m\u00fasicos de Can Blau y otras formaciones. El 11 de diciembre los coros de l\u2019Urgell y Sant Josep actuar\u00e1n en la iglesia de Sant Josep a las 19,30 horas, previamente a la chocolatada que los vecinos del pueblo servir\u00e1n en la plaza. El 14, a las 12,30 horas, el Cor des Cubells interpretar\u00e1 en la localidad un concierto de Navidad y despu\u00e9s habr\u00e1 torrada de sobrasada. Ese mismo d\u00eda, a las 18 horas, los grupos de sensibilizaci\u00f3n e iniciaci\u00f3n de Can Blau subir\u00e1n al escenario de Cal\u00f3 de s\u2019Oli, y a las 20 horas est\u00e1 prevista tambi\u00e9n una cantada payesa en la carpa de Sant Jordi, a cargo del grupo folkl\u00f3rico de la localidad.<\/p>\n<p>Las agrupaciones instrumentales de Can Blau ofrecer\u00e1n un recital en la iglesia de Sant Agust\u00ed el 17 de diciembre, a las 18 horas, y el Cor de Can Blau, junto al Cor d\u2019Al\u00b7lots, acudir\u00e1 al templo de Sant Jordi el 18, a las 20 horas. Finalmente, el 20, a las 20 horas, el p\u00fablico podr\u00e1 escuchar a Petit Cor y Amics de la M\u00fasica, en la iglesia de Sant Josep.<\/p>\n<p>Unas fiestas, en definitiva, cargadas de m\u00fasica y con un programa destinado a todas las edades y gustos, que se ha configurado con la colaboraci\u00f3n de m\u00faltiples entidades sociales y vecinales. \u00a1Felices Fiestas!<\/p>\n<p>Descarga el programa completo de las fiestas de Navidad en <a href=\"https:\/\/musica.santjosep.org\/wp-content\/uploads\/2025\/05\/Festes-Nadal-2025-comprimido.pdf\" target=\"_blank\" rel=\"noopener\">este enlace<\/a>.<\/p>\n","protected":false},"excerpt":{"rendered":"<p>Las casetas de Sant Jordi tambi\u00e9n repiten y ofrecer\u00e1n conciertos, y adem\u00e1s habr\u00e1 co-rales, m\u00fasica cl\u00e1sica y un musical para ni\u00f1os, entre muchos otros eventos. <\/p>\n","protected":false},"author":2,"featured_media":53917,"comment_status":"closed","ping_status":"closed","sticky":false,"template":"","format":"standard","meta":{"_acf_changed":false,"footnotes":""},"categories":[14],"tags":[],"class_list":["post-53914","post","type-post","status-publish","format-standard","has-post-thumbnail","hentry","category-actualidad"],"acf":[],"yoast_head":"<!-- This site is optimized with the Yoast SEO plugin v26.6 - https:\/\/yoast.com\/wordpress\/plugins\/seo\/ -->\n<title>\u00a1Qu\u00e9 Navidades tan musicales! Ca\u00f1as\u2019n\u2019Roll, Sobrassada Rock, Soul Food Fest\u2026 - Sant Josep \u00e9s m\u00fasica<\/title>\n<meta name=\"robots\" content=\"index, follow, max-snippet:-1, max-image-preview:large, max-video-preview:-1\" \/>\n<link rel=\"canonical\" href=\"https:\/\/musica.santjosep.org\/es\/que-navidades-tan-musicales-canasnroll-sobrassada-rock-soul-food-fest\/\" \/>\n<meta property=\"og:locale\" content=\"es_ES\" \/>\n<meta property=\"og:type\" content=\"article\" \/>\n<meta property=\"og:title\" content=\"\u00a1Qu\u00e9 Navidades tan musicales! Ca\u00f1as\u2019n\u2019Roll, Sobrassada Rock, Soul Food Fest\u2026 - Sant Josep \u00e9s m\u00fasica\" \/>\n<meta property=\"og:description\" content=\"Las casetas de Sant Jordi tambi\u00e9n repiten y ofrecer\u00e1n conciertos, y adem\u00e1s habr\u00e1 co-rales, m\u00fasica cl\u00e1sica y un musical para ni\u00f1os, entre muchos otros eventos.\" \/>\n<meta property=\"og:url\" content=\"https:\/\/musica.santjosep.org\/es\/que-navidades-tan-musicales-canasnroll-sobrassada-rock-soul-food-fest\/\" \/>\n<meta property=\"og:site_name\" content=\"Sant Josep \u00e9s m\u00fasica\" \/>\n<meta property=\"article:publisher\" content=\"https:\/\/www.facebook.com\/Sant-Josep-s-Msica-105337042007790\" \/>\n<meta property=\"article:published_time\" content=\"2025-12-02T23:06:12+00:00\" \/>\n<meta property=\"article:modified_time\" content=\"2025-12-02T23:10:02+00:00\" \/>\n<meta property=\"og:image\" content=\"https:\/\/musica.santjosep.org\/wp-content\/uploads\/2025\/12\/navidades-musicales-1-rec.jpg\" \/>\n\t<meta property=\"og:image:width\" content=\"1400\" \/>\n\t<meta property=\"og:image:height\" content=\"933\" \/>\n\t<meta property=\"og:image:type\" content=\"image\/jpeg\" \/>\n<meta name=\"author\" content=\"xescu\" \/>\n<meta name=\"twitter:card\" content=\"summary_large_image\" \/>\n<meta name=\"twitter:creator\" content=\"@MusicaSantJosep\" \/>\n<meta name=\"twitter:site\" content=\"@MusicaSantJosep\" \/>\n<meta name=\"twitter:label1\" content=\"Escrito por\" \/>\n\t<meta name=\"twitter:data1\" content=\"xescu\" \/>\n\t<meta name=\"twitter:label2\" content=\"Tiempo de lectura\" \/>\n\t<meta name=\"twitter:data2\" content=\"5 minutos\" \/>\n<script type=\"application\/ld+json\" class=\"yoast-schema-graph\">{\"@context\":\"https:\/\/schema.org\",\"@graph\":[{\"@type\":\"Article\",\"@id\":\"https:\/\/musica.santjosep.org\/es\/que-navidades-tan-musicales-canasnroll-sobrassada-rock-soul-food-fest\/#article\",\"isPartOf\":{\"@id\":\"https:\/\/musica.santjosep.org\/es\/que-navidades-tan-musicales-canasnroll-sobrassada-rock-soul-food-fest\/\"},\"author\":{\"name\":\"xescu\",\"@id\":\"https:\/\/musica.santjosep.org\/es\/#\/schema\/person\/0f860b74dd6768c60f67a1aacfe267e3\"},\"headline\":\"\u00a1Qu\u00e9 Navidades tan musicales! Ca\u00f1as\u2019n\u2019Roll, Sobrassada Rock, Soul Food Fest\u2026\",\"datePublished\":\"2025-12-02T23:06:12+00:00\",\"dateModified\":\"2025-12-02T23:10:02+00:00\",\"mainEntityOfPage\":{\"@id\":\"https:\/\/musica.santjosep.org\/es\/que-navidades-tan-musicales-canasnroll-sobrassada-rock-soul-food-fest\/\"},\"wordCount\":922,\"publisher\":{\"@id\":\"https:\/\/musica.santjosep.org\/es\/#organization\"},\"image\":{\"@id\":\"https:\/\/musica.santjosep.org\/es\/que-navidades-tan-musicales-canasnroll-sobrassada-rock-soul-food-fest\/#primaryimage\"},\"thumbnailUrl\":\"https:\/\/musica.santjosep.org\/wp-content\/uploads\/2025\/12\/navidades-musicales-1-rec.jpg\",\"articleSection\":[\"Actualidad\"],\"inLanguage\":\"es\"},{\"@type\":\"WebPage\",\"@id\":\"https:\/\/musica.santjosep.org\/es\/que-navidades-tan-musicales-canasnroll-sobrassada-rock-soul-food-fest\/\",\"url\":\"https:\/\/musica.santjosep.org\/es\/que-navidades-tan-musicales-canasnroll-sobrassada-rock-soul-food-fest\/\",\"name\":\"\u00a1Qu\u00e9 Navidades tan musicales! Ca\u00f1as\u2019n\u2019Roll, Sobrassada Rock, Soul Food Fest\u2026 - Sant Josep \u00e9s m\u00fasica\",\"isPartOf\":{\"@id\":\"https:\/\/musica.santjosep.org\/es\/#website\"},\"primaryImageOfPage\":{\"@id\":\"https:\/\/musica.santjosep.org\/es\/que-navidades-tan-musicales-canasnroll-sobrassada-rock-soul-food-fest\/#primaryimage\"},\"image\":{\"@id\":\"https:\/\/musica.santjosep.org\/es\/que-navidades-tan-musicales-canasnroll-sobrassada-rock-soul-food-fest\/#primaryimage\"},\"thumbnailUrl\":\"https:\/\/musica.santjosep.org\/wp-content\/uploads\/2025\/12\/navidades-musicales-1-rec.jpg\",\"datePublished\":\"2025-12-02T23:06:12+00:00\",\"dateModified\":\"2025-12-02T23:10:02+00:00\",\"breadcrumb\":{\"@id\":\"https:\/\/musica.santjosep.org\/es\/que-navidades-tan-musicales-canasnroll-sobrassada-rock-soul-food-fest\/#breadcrumb\"},\"inLanguage\":\"es\",\"potentialAction\":[{\"@type\":\"ReadAction\",\"target\":[\"https:\/\/musica.santjosep.org\/es\/que-navidades-tan-musicales-canasnroll-sobrassada-rock-soul-food-fest\/\"]}]},{\"@type\":\"ImageObject\",\"inLanguage\":\"es\",\"@id\":\"https:\/\/musica.santjosep.org\/es\/que-navidades-tan-musicales-canasnroll-sobrassada-rock-soul-food-fest\/#primaryimage\",\"url\":\"https:\/\/musica.santjosep.org\/wp-content\/uploads\/2025\/12\/navidades-musicales-1-rec.jpg\",\"contentUrl\":\"https:\/\/musica.santjosep.org\/wp-content\/uploads\/2025\/12\/navidades-musicales-1-rec.jpg\",\"width\":1400,\"height\":933},{\"@type\":\"BreadcrumbList\",\"@id\":\"https:\/\/musica.santjosep.org\/es\/que-navidades-tan-musicales-canasnroll-sobrassada-rock-soul-food-fest\/#breadcrumb\",\"itemListElement\":[{\"@type\":\"ListItem\",\"position\":1,\"name\":\"Portada\",\"item\":\"https:\/\/musica.santjosep.org\/es\/\"},{\"@type\":\"ListItem\",\"position\":2,\"name\":\"\u00a1Qu\u00e9 Navidades tan musicales! Ca\u00f1as\u2019n\u2019Roll, Sobrassada Rock, Soul Food Fest\u2026\"}]},{\"@type\":\"WebSite\",\"@id\":\"https:\/\/musica.santjosep.org\/es\/#website\",\"url\":\"https:\/\/musica.santjosep.org\/es\/\",\"name\":\"Sant Josep \u00e9s m\u00fasica\",\"description\":\"Informaci\u00f3n actualizada de todos los conciertos, grupos y artistas que act\u00faen tanto en fiestas y festivales, como en establecimientos privados en el municipio de Sant Josep de sa Talaia\",\"publisher\":{\"@id\":\"https:\/\/musica.santjosep.org\/es\/#organization\"},\"potentialAction\":[{\"@type\":\"SearchAction\",\"target\":{\"@type\":\"EntryPoint\",\"urlTemplate\":\"https:\/\/musica.santjosep.org\/es\/?s={search_term_string}\"},\"query-input\":{\"@type\":\"PropertyValueSpecification\",\"valueRequired\":true,\"valueName\":\"search_term_string\"}}],\"inLanguage\":\"es\"},{\"@type\":\"Organization\",\"@id\":\"https:\/\/musica.santjosep.org\/es\/#organization\",\"name\":\"Sant Josep \u00e9s m\u00fasica\",\"url\":\"https:\/\/musica.santjosep.org\/es\/\",\"logo\":{\"@type\":\"ImageObject\",\"inLanguage\":\"es\",\"@id\":\"https:\/\/musica.santjosep.org\/es\/#\/schema\/logo\/image\/\",\"url\":\"https:\/\/musica.santjosep.org\/wp-content\/uploads\/2022\/01\/logo-SJEM.png\",\"contentUrl\":\"https:\/\/musica.santjosep.org\/wp-content\/uploads\/2022\/01\/logo-SJEM.png\",\"width\":213,\"height\":103,\"caption\":\"Sant Josep \u00e9s m\u00fasica\"},\"image\":{\"@id\":\"https:\/\/musica.santjosep.org\/es\/#\/schema\/logo\/image\/\"},\"sameAs\":[\"https:\/\/www.facebook.com\/Sant-Josep-s-Msica-105337042007790\",\"https:\/\/x.com\/MusicaSantJosep\",\"https:\/\/www.instagram.com\/musicasantjosep\/\",\"https:\/\/www.youtube.com\/channel\/UCBSLSUpqfrfsiOMVslmZEJA\"]},{\"@type\":\"Person\",\"@id\":\"https:\/\/musica.santjosep.org\/es\/#\/schema\/person\/0f860b74dd6768c60f67a1aacfe267e3\",\"name\":\"xescu\",\"image\":{\"@type\":\"ImageObject\",\"inLanguage\":\"es\",\"@id\":\"https:\/\/musica.santjosep.org\/es\/#\/schema\/person\/image\/\",\"url\":\"https:\/\/secure.gravatar.com\/avatar\/d569ee5739a9c7022470ea472c9b4b9cf476e15f1be71e5242c911d673d14ad9?s=96&d=mm&r=g\",\"contentUrl\":\"https:\/\/secure.gravatar.com\/avatar\/d569ee5739a9c7022470ea472c9b4b9cf476e15f1be71e5242c911d673d14ad9?s=96&d=mm&r=g\",\"caption\":\"xescu\"}}]}<\/script>\n<!-- \/ Yoast SEO plugin. -->","yoast_head_json":{"title":"\u00a1Qu\u00e9 Navidades tan musicales! Ca\u00f1as\u2019n\u2019Roll, Sobrassada Rock, Soul Food Fest\u2026 - Sant Josep \u00e9s m\u00fasica","robots":{"index":"index","follow":"follow","max-snippet":"max-snippet:-1","max-image-preview":"max-image-preview:large","max-video-preview":"max-video-preview:-1"},"canonical":"https:\/\/musica.santjosep.org\/es\/que-navidades-tan-musicales-canasnroll-sobrassada-rock-soul-food-fest\/","og_locale":"es_ES","og_type":"article","og_title":"\u00a1Qu\u00e9 Navidades tan musicales! Ca\u00f1as\u2019n\u2019Roll, Sobrassada Rock, Soul Food Fest\u2026 - Sant Josep \u00e9s m\u00fasica","og_description":"Las casetas de Sant Jordi tambi\u00e9n repiten y ofrecer\u00e1n conciertos, y adem\u00e1s habr\u00e1 co-rales, m\u00fasica cl\u00e1sica y un musical para ni\u00f1os, entre muchos otros eventos.","og_url":"https:\/\/musica.santjosep.org\/es\/que-navidades-tan-musicales-canasnroll-sobrassada-rock-soul-food-fest\/","og_site_name":"Sant Josep \u00e9s m\u00fasica","article_publisher":"https:\/\/www.facebook.com\/Sant-Josep-s-Msica-105337042007790","article_published_time":"2025-12-02T23:06:12+00:00","article_modified_time":"2025-12-02T23:10:02+00:00","og_image":[{"width":1400,"height":933,"url":"https:\/\/musica.santjosep.org\/wp-content\/uploads\/2025\/12\/navidades-musicales-1-rec.jpg","type":"image\/jpeg"}],"author":"xescu","twitter_card":"summary_large_image","twitter_creator":"@MusicaSantJosep","twitter_site":"@MusicaSantJosep","twitter_misc":{"Escrito por":"xescu","Tiempo de lectura":"5 minutos"},"schema":{"@context":"https:\/\/schema.org","@graph":[{"@type":"Article","@id":"https:\/\/musica.santjosep.org\/es\/que-navidades-tan-musicales-canasnroll-sobrassada-rock-soul-food-fest\/#article","isPartOf":{"@id":"https:\/\/musica.santjosep.org\/es\/que-navidades-tan-musicales-canasnroll-sobrassada-rock-soul-food-fest\/"},"author":{"name":"xescu","@id":"https:\/\/musica.santjosep.org\/es\/#\/schema\/person\/0f860b74dd6768c60f67a1aacfe267e3"},"headline":"\u00a1Qu\u00e9 Navidades tan musicales! Ca\u00f1as\u2019n\u2019Roll, Sobrassada Rock, Soul Food Fest\u2026","datePublished":"2025-12-02T23:06:12+00:00","dateModified":"2025-12-02T23:10:02+00:00","mainEntityOfPage":{"@id":"https:\/\/musica.santjosep.org\/es\/que-navidades-tan-musicales-canasnroll-sobrassada-rock-soul-food-fest\/"},"wordCount":922,"publisher":{"@id":"https:\/\/musica.santjosep.org\/es\/#organization"},"image":{"@id":"https:\/\/musica.santjosep.org\/es\/que-navidades-tan-musicales-canasnroll-sobrassada-rock-soul-food-fest\/#primaryimage"},"thumbnailUrl":"https:\/\/musica.santjosep.org\/wp-content\/uploads\/2025\/12\/navidades-musicales-1-rec.jpg","articleSection":["Actualidad"],"inLanguage":"es"},{"@type":"WebPage","@id":"https:\/\/musica.santjosep.org\/es\/que-navidades-tan-musicales-canasnroll-sobrassada-rock-soul-food-fest\/","url":"https:\/\/musica.santjosep.org\/es\/que-navidades-tan-musicales-canasnroll-sobrassada-rock-soul-food-fest\/","name":"\u00a1Qu\u00e9 Navidades tan musicales! Ca\u00f1as\u2019n\u2019Roll, Sobrassada Rock, Soul Food Fest\u2026 - Sant Josep \u00e9s m\u00fasica","isPartOf":{"@id":"https:\/\/musica.santjosep.org\/es\/#website"},"primaryImageOfPage":{"@id":"https:\/\/musica.santjosep.org\/es\/que-navidades-tan-musicales-canasnroll-sobrassada-rock-soul-food-fest\/#primaryimage"},"image":{"@id":"https:\/\/musica.santjosep.org\/es\/que-navidades-tan-musicales-canasnroll-sobrassada-rock-soul-food-fest\/#primaryimage"},"thumbnailUrl":"https:\/\/musica.santjosep.org\/wp-content\/uploads\/2025\/12\/navidades-musicales-1-rec.jpg","datePublished":"2025-12-02T23:06:12+00:00","dateModified":"2025-12-02T23:10:02+00:00","breadcrumb":{"@id":"https:\/\/musica.santjosep.org\/es\/que-navidades-tan-musicales-canasnroll-sobrassada-rock-soul-food-fest\/#breadcrumb"},"inLanguage":"es","potentialAction":[{"@type":"ReadAction","target":["https:\/\/musica.santjosep.org\/es\/que-navidades-tan-musicales-canasnroll-sobrassada-rock-soul-food-fest\/"]}]},{"@type":"ImageObject","inLanguage":"es","@id":"https:\/\/musica.santjosep.org\/es\/que-navidades-tan-musicales-canasnroll-sobrassada-rock-soul-food-fest\/#primaryimage","url":"https:\/\/musica.santjosep.org\/wp-content\/uploads\/2025\/12\/navidades-musicales-1-rec.jpg","contentUrl":"https:\/\/musica.santjosep.org\/wp-content\/uploads\/2025\/12\/navidades-musicales-1-rec.jpg","width":1400,"height":933},{"@type":"BreadcrumbList","@id":"https:\/\/musica.santjosep.org\/es\/que-navidades-tan-musicales-canasnroll-sobrassada-rock-soul-food-fest\/#breadcrumb","itemListElement":[{"@type":"ListItem","position":1,"name":"Portada","item":"https:\/\/musica.santjosep.org\/es\/"},{"@type":"ListItem","position":2,"name":"\u00a1Qu\u00e9 Navidades tan musicales! Ca\u00f1as\u2019n\u2019Roll, Sobrassada Rock, Soul Food Fest\u2026"}]},{"@type":"WebSite","@id":"https:\/\/musica.santjosep.org\/es\/#website","url":"https:\/\/musica.santjosep.org\/es\/","name":"Sant Josep \u00e9s m\u00fasica","description":"Informaci\u00f3n actualizada de todos los conciertos, grupos y artistas que act\u00faen tanto en fiestas y festivales, como en establecimientos privados en el municipio de Sant Josep de sa Talaia","publisher":{"@id":"https:\/\/musica.santjosep.org\/es\/#organization"},"potentialAction":[{"@type":"SearchAction","target":{"@type":"EntryPoint","urlTemplate":"https:\/\/musica.santjosep.org\/es\/?s={search_term_string}"},"query-input":{"@type":"PropertyValueSpecification","valueRequired":true,"valueName":"search_term_string"}}],"inLanguage":"es"},{"@type":"Organization","@id":"https:\/\/musica.santjosep.org\/es\/#organization","name":"Sant Josep \u00e9s m\u00fasica","url":"https:\/\/musica.santjosep.org\/es\/","logo":{"@type":"ImageObject","inLanguage":"es","@id":"https:\/\/musica.santjosep.org\/es\/#\/schema\/logo\/image\/","url":"https:\/\/musica.santjosep.org\/wp-content\/uploads\/2022\/01\/logo-SJEM.png","contentUrl":"https:\/\/musica.santjosep.org\/wp-content\/uploads\/2022\/01\/logo-SJEM.png","width":213,"height":103,"caption":"Sant Josep \u00e9s m\u00fasica"},"image":{"@id":"https:\/\/musica.santjosep.org\/es\/#\/schema\/logo\/image\/"},"sameAs":["https:\/\/www.facebook.com\/Sant-Josep-s-Msica-105337042007790","https:\/\/x.com\/MusicaSantJosep","https:\/\/www.instagram.com\/musicasantjosep\/","https:\/\/www.youtube.com\/channel\/UCBSLSUpqfrfsiOMVslmZEJA"]},{"@type":"Person","@id":"https:\/\/musica.santjosep.org\/es\/#\/schema\/person\/0f860b74dd6768c60f67a1aacfe267e3","name":"xescu","image":{"@type":"ImageObject","inLanguage":"es","@id":"https:\/\/musica.santjosep.org\/es\/#\/schema\/person\/image\/","url":"https:\/\/secure.gravatar.com\/avatar\/d569ee5739a9c7022470ea472c9b4b9cf476e15f1be71e5242c911d673d14ad9?s=96&d=mm&r=g","contentUrl":"https:\/\/secure.gravatar.com\/avatar\/d569ee5739a9c7022470ea472c9b4b9cf476e15f1be71e5242c911d673d14ad9?s=96&d=mm&r=g","caption":"xescu"}}]}},"_links":{"self":[{"href":"https:\/\/musica.santjosep.org\/es\/wp-json\/wp\/v2\/posts\/53914","targetHints":{"allow":["GET"]}}],"collection":[{"href":"https:\/\/musica.santjosep.org\/es\/wp-json\/wp\/v2\/posts"}],"about":[{"href":"https:\/\/musica.santjosep.org\/es\/wp-json\/wp\/v2\/types\/post"}],"author":[{"embeddable":true,"href":"https:\/\/musica.santjosep.org\/es\/wp-json\/wp\/v2\/users\/2"}],"replies":[{"embeddable":true,"href":"https:\/\/musica.santjosep.org\/es\/wp-json\/wp\/v2\/comments?post=53914"}],"version-history":[{"count":2,"href":"https:\/\/musica.santjosep.org\/es\/wp-json\/wp\/v2\/posts\/53914\/revisions"}],"predecessor-version":[{"id":53927,"href":"https:\/\/musica.santjosep.org\/es\/wp-json\/wp\/v2\/posts\/53914\/revisions\/53927"}],"wp:featuredmedia":[{"embeddable":true,"href":"https:\/\/musica.santjosep.org\/es\/wp-json\/wp\/v2\/media\/53917"}],"wp:attachment":[{"href":"https:\/\/musica.santjosep.org\/es\/wp-json\/wp\/v2\/media?parent=53914"}],"wp:term":[{"taxonomy":"category","embeddable":true,"href":"https:\/\/musica.santjosep.org\/es\/wp-json\/wp\/v2\/categories?post=53914"},{"taxonomy":"post_tag","embeddable":true,"href":"https:\/\/musica.santjosep.org\/es\/wp-json\/wp\/v2\/tags?post=53914"}],"curies":[{"name":"wp","href":"https:\/\/api.w.org\/{rel}","templated":true}]}}