{"id":52902,"date":"2025-10-19T21:50:43","date_gmt":"2025-10-19T19:50:43","guid":{"rendered":"https:\/\/musica.santjosep.org\/?p=52902"},"modified":"2025-10-19T21:50:43","modified_gmt":"2025-10-19T19:50:43","slug":"el-espantos-fest-y-una-frita-de-porcella-musical-por-todos-los-santos","status":"publish","type":"post","link":"https:\/\/musica.santjosep.org\/es\/el-espantos-fest-y-una-frita-de-porcella-musical-por-todos-los-santos\/","title":{"rendered":"El \u2018Espant\u00f3s! Fest\u2019 y una \u2018Frita de Porcella\u2019 musical por Todos los Santos"},"content":{"rendered":"<p>El Ayuntamiento de Sant Josep ha vuelto a organizar un amplio programa festivo para celebrar la festividad de Todos los Santos, cuyo contenido puede consultarse a trav\u00e9s de\u00a0<a href=\"https:\/\/musica.santjosep.org\/wp-content\/uploads\/2025\/10\/Programa-Tots-Sants-2025.pdf\" target=\"_blank\" rel=\"noopener\">este enlace<\/a>.<\/p>\n<p>El programa incluye mucha m\u00fasica, comenzando por el \u2018Espant\u00f3s! Fest\u2019, que se celebra en Sant Jordi el 31 de octubre, desde las 20 horas hasta la medianoche. Participar\u00e1n el cuarteto Los del Varadero y el DJ Toni Torres. Tambi\u00e9n en Sant Jordi, coincidiendo con la m\u00fasica, se podr\u00e1 disfrutar de la experiencia terror\u00edfica Ca n\u2019Esglai. Se trata de una actividad no recomendada para menores de 12 a\u00f1os y los menores de edad tienen que ir acompa\u00f1ados de un adulto. No se requiere inscripci\u00f3n previa y la entrada es gratuita hasta completar aforo. El derecho de admisi\u00f3n queda reservado a la organizaci\u00f3n.<\/p>\n<p>Dentro del programa tambi\u00e9n se ha previsto una nueva celebraci\u00f3n de la tradicional \u2018Frita de Porcella\u2019, que tendr\u00e1 lugar en la plaza de Sant Josep, el 8 de noviembre. Previamente al almuerzo se ha programado un vermut musical, a las 13 horas, en el que actuar\u00e1 el popular d\u00fao Igea y, ya por la tarde, a partir de las 16, una \u2018Trencada Musical\u2019 con la amenizaci\u00f3n de los Dj D-Ramones.<\/p>\n<p><img loading=\"lazy\" decoding=\"async\" class=\"alignnone wp-image-52864 size-full\" src=\"https:\/\/musica.santjosep.org\/wp-content\/uploads\/2025\/10\/Presentacio\u0301-Tots-Sants-2025-rec.jpg\" alt=\"\" width=\"1400\" height=\"933\" srcset=\"https:\/\/musica.santjosep.org\/wp-content\/uploads\/2025\/10\/Presentacio\u0301-Tots-Sants-2025-rec.jpg 1400w, https:\/\/musica.santjosep.org\/wp-content\/uploads\/2025\/10\/Presentacio\u0301-Tots-Sants-2025-rec-300x200.jpg 300w, https:\/\/musica.santjosep.org\/wp-content\/uploads\/2025\/10\/Presentacio\u0301-Tots-Sants-2025-rec-1024x682.jpg 1024w, https:\/\/musica.santjosep.org\/wp-content\/uploads\/2025\/10\/Presentacio\u0301-Tots-Sants-2025-rec-768x512.jpg 768w\" sizes=\"auto, (max-width: 1400px) 100vw, 1400px\" \/>Los tickets para la \u2018Frita de Porcella\u2019 pueden adquirirse de manera anticipada en la parroquia de Sant Josep, Can Gra\u00f3 y Can Pep Xica. Los beneficios se destinar\u00e1n a la nueva iluminaci\u00f3n y el mantenimiento de la iglesia. Los alumnos de 6\u00ba del CEIP l\u2019Urgell participar\u00e1n vendiendo postres y caf\u00e9s para recaudar dinero para su viaje de fin de curso.<\/p>\n<p>La agenda organizada por el Ayuntamiento de Sant Josep contempla otras muchas actividades, como una gimkana terror\u00edfica, \u2018trencades\u2019 de frutos secos, cine infantil, juegos y una nueva edici\u00f3n del Survival Zombie, en Cala de Bou.<\/p>\n<p><strong>Los del Varadero: canciones muy conocidas pasadas por el tamiz de la rumba<\/strong><\/p>\n<p><img loading=\"lazy\" decoding=\"async\" class=\"alignnone wp-image-52888 size-full\" src=\"https:\/\/musica.santjosep.org\/wp-content\/uploads\/2025\/10\/los-del-varadero-new-1-rec-1.jpg\" alt=\"\" width=\"1400\" height=\"933\" srcset=\"https:\/\/musica.santjosep.org\/wp-content\/uploads\/2025\/10\/los-del-varadero-new-1-rec-1.jpg 1400w, https:\/\/musica.santjosep.org\/wp-content\/uploads\/2025\/10\/los-del-varadero-new-1-rec-1-300x200.jpg 300w, https:\/\/musica.santjosep.org\/wp-content\/uploads\/2025\/10\/los-del-varadero-new-1-rec-1-1024x682.jpg 1024w, https:\/\/musica.santjosep.org\/wp-content\/uploads\/2025\/10\/los-del-varadero-new-1-rec-1-768x512.jpg 768w\" sizes=\"auto, (max-width: 1400px) 100vw, 1400px\" \/>Los del varadero lo integran Rub\u00e9n Rubio y Manu Campanario, dos cantantes y guitarristas de Sant Antoni, acompa\u00f1ados por el trompetista Will Bone (Guillem Nadal) y el percusionista Dani Illan. El nombre del grupo alude a sus inicios a orillas del mar pitiuso, entre momentos inolvidables de diversi\u00f3n, buen rollo y alegr\u00eda entre amigos.<\/p>\n<p>Su repertorio combina un amplio abanico de versiones de pop y rumba, con un toque personal y atrevido con el que transitan por diferentes artistas, \u00e9pocas y estilos. Su intenci\u00f3n es hacer que el p\u00fablico pase un rato inolvidable.<\/p>\n<p><strong>Igea, un d\u00fao nacido en Sant Agust\u00ed con un repertorio de rock, folk e indie<\/strong><\/p>\n<p><img loading=\"lazy\" decoding=\"async\" class=\"alignnone wp-image-52890 size-full\" src=\"https:\/\/musica.santjosep.org\/wp-content\/uploads\/2025\/10\/igeanew6rec.jpg\" alt=\"\" width=\"1400\" height=\"933\" srcset=\"https:\/\/musica.santjosep.org\/wp-content\/uploads\/2025\/10\/igeanew6rec.jpg 1400w, https:\/\/musica.santjosep.org\/wp-content\/uploads\/2025\/10\/igeanew6rec-300x200.jpg 300w, https:\/\/musica.santjosep.org\/wp-content\/uploads\/2025\/10\/igeanew6rec-1024x682.jpg 1024w, https:\/\/musica.santjosep.org\/wp-content\/uploads\/2025\/10\/igeanew6rec-768x512.jpg 768w\" sizes=\"auto, (max-width: 1400px) 100vw, 1400px\" \/>Igea lo forman Dar\u00edo Rodr\u00edguez Igea y Toni Ribas Mar\u00ed, nacidos ambos en 1993 y antiguos compa\u00f1eros del instituto de Sant Agust\u00ed. Act\u00faan juntos desde 2021 y ya son habituales en algunos locales de conciertos de Sant Josep y Sant Antoni. Dar\u00edo comenz\u00f3 a actuar en solitario hace algunos a\u00f1os, dedic\u00e1ndose a la canci\u00f3n de autor, hasta reencontrarse con Toni, con el objetivo de ofrecer un espect\u00e1culo con ritmos m\u00e1s acelerados basado en versiones de rock, folk e indie, de formaciones y artistas tan ecl\u00e9cticos como The Lumineers, Oasis, Creedence Clearwater Revival, Rodr\u00edguez o Antonio Vega.<\/p>\n<p>Durante el espect\u00e1culo tambi\u00e9n interpretan canciones compuestas por Dar\u00edo, que tiende m\u00e1s hacia el pop y el indie. Dar\u00edo canta y toca la guitarra, mientras que Toni ejerce como bajista y ambos generan su propia percusi\u00f3n utilizando los pies: Toni el bombo y Dar\u00edo la pandereta. Cuando act\u00faan en formato tr\u00edo les acompa\u00f1a Quimi Luz\u00f3n a la percusi\u00f3n.<\/p>\n<p><img loading=\"lazy\" decoding=\"async\" class=\"alignnone wp-image-52862 size-full\" src=\"https:\/\/musica.santjosep.org\/wp-content\/uploads\/2025\/10\/Poster-Tots-Sants-2025_page-0001-rec.jpg\" alt=\"\" width=\"1200\" height=\"1687\" srcset=\"https:\/\/musica.santjosep.org\/wp-content\/uploads\/2025\/10\/Poster-Tots-Sants-2025_page-0001-rec.jpg 1200w, https:\/\/musica.santjosep.org\/wp-content\/uploads\/2025\/10\/Poster-Tots-Sants-2025_page-0001-rec-213x300.jpg 213w, https:\/\/musica.santjosep.org\/wp-content\/uploads\/2025\/10\/Poster-Tots-Sants-2025_page-0001-rec-728x1024.jpg 728w, https:\/\/musica.santjosep.org\/wp-content\/uploads\/2025\/10\/Poster-Tots-Sants-2025_page-0001-rec-768x1080.jpg 768w, https:\/\/musica.santjosep.org\/wp-content\/uploads\/2025\/10\/Poster-Tots-Sants-2025_page-0001-rec-1093x1536.jpg 1093w\" sizes=\"auto, (max-width: 1200px) 100vw, 1200px\" \/><\/p>\n","protected":false},"excerpt":{"rendered":"<p>Las fiestas contar\u00e1n con la amenizaci\u00f3n musical de dj\u2019s y los grupos Los del Varadero e Igea. El programa se completa con el Survival Zombie, una gimkana de terror y otras actividades.<\/p>\n","protected":false},"author":2,"featured_media":52903,"comment_status":"closed","ping_status":"closed","sticky":false,"template":"","format":"standard","meta":{"_acf_changed":false,"footnotes":""},"categories":[14],"tags":[],"class_list":["post-52902","post","type-post","status-publish","format-standard","has-post-thumbnail","hentry","category-actualidad"],"acf":[],"yoast_head":"<!-- This site is optimized with the Yoast SEO plugin v26.6 - https:\/\/yoast.com\/wordpress\/plugins\/seo\/ -->\n<title>El \u2018Espant\u00f3s! Fest\u2019 y una \u2018Frita de Porcella\u2019 musical por Todos los Santos - Sant Josep \u00e9s m\u00fasica<\/title>\n<meta name=\"robots\" content=\"index, follow, max-snippet:-1, max-image-preview:large, max-video-preview:-1\" \/>\n<link rel=\"canonical\" href=\"https:\/\/musica.santjosep.org\/es\/el-espantos-fest-y-una-frita-de-porcella-musical-por-todos-los-santos\/\" \/>\n<meta property=\"og:locale\" content=\"es_ES\" \/>\n<meta property=\"og:type\" content=\"article\" \/>\n<meta property=\"og:title\" content=\"El \u2018Espant\u00f3s! Fest\u2019 y una \u2018Frita de Porcella\u2019 musical por Todos los Santos - Sant Josep \u00e9s m\u00fasica\" \/>\n<meta property=\"og:description\" content=\"Las fiestas contar\u00e1n con la amenizaci\u00f3n musical de dj\u2019s y los grupos Los del Varadero e Igea. El programa se completa con el Survival Zombie, una gimkana de terror y otras actividades.\" \/>\n<meta property=\"og:url\" content=\"https:\/\/musica.santjosep.org\/es\/el-espantos-fest-y-una-frita-de-porcella-musical-por-todos-los-santos\/\" \/>\n<meta property=\"og:site_name\" content=\"Sant Josep \u00e9s m\u00fasica\" \/>\n<meta property=\"article:publisher\" content=\"https:\/\/www.facebook.com\/Sant-Josep-s-Msica-105337042007790\" \/>\n<meta property=\"article:published_time\" content=\"2025-10-19T19:50:43+00:00\" \/>\n<meta property=\"og:image\" content=\"https:\/\/musica.santjosep.org\/wp-content\/uploads\/2025\/10\/Groove-Garage-Sant-Jordi-15.jpg\" \/>\n\t<meta property=\"og:image:width\" content=\"1400\" \/>\n\t<meta property=\"og:image:height\" content=\"934\" \/>\n\t<meta property=\"og:image:type\" content=\"image\/jpeg\" \/>\n<meta name=\"author\" content=\"xescu\" \/>\n<meta name=\"twitter:card\" content=\"summary_large_image\" \/>\n<meta name=\"twitter:creator\" content=\"@MusicaSantJosep\" \/>\n<meta name=\"twitter:site\" content=\"@MusicaSantJosep\" \/>\n<meta name=\"twitter:label1\" content=\"Escrito por\" \/>\n\t<meta name=\"twitter:data1\" content=\"xescu\" \/>\n\t<meta name=\"twitter:label2\" content=\"Tiempo de lectura\" \/>\n\t<meta name=\"twitter:data2\" content=\"4 minutos\" \/>\n<script type=\"application\/ld+json\" class=\"yoast-schema-graph\">{\"@context\":\"https:\/\/schema.org\",\"@graph\":[{\"@type\":\"Article\",\"@id\":\"https:\/\/musica.santjosep.org\/es\/el-espantos-fest-y-una-frita-de-porcella-musical-por-todos-los-santos\/#article\",\"isPartOf\":{\"@id\":\"https:\/\/musica.santjosep.org\/es\/el-espantos-fest-y-una-frita-de-porcella-musical-por-todos-los-santos\/\"},\"author\":{\"name\":\"xescu\",\"@id\":\"https:\/\/musica.santjosep.org\/es\/#\/schema\/person\/0f860b74dd6768c60f67a1aacfe267e3\"},\"headline\":\"El \u2018Espant\u00f3s! Fest\u2019 y una \u2018Frita de Porcella\u2019 musical por Todos los Santos\",\"datePublished\":\"2025-10-19T19:50:43+00:00\",\"mainEntityOfPage\":{\"@id\":\"https:\/\/musica.santjosep.org\/es\/el-espantos-fest-y-una-frita-de-porcella-musical-por-todos-los-santos\/\"},\"wordCount\":631,\"publisher\":{\"@id\":\"https:\/\/musica.santjosep.org\/es\/#organization\"},\"image\":{\"@id\":\"https:\/\/musica.santjosep.org\/es\/el-espantos-fest-y-una-frita-de-porcella-musical-por-todos-los-santos\/#primaryimage\"},\"thumbnailUrl\":\"https:\/\/musica.santjosep.org\/wp-content\/uploads\/2025\/10\/Groove-Garage-Sant-Jordi-15.jpg\",\"articleSection\":[\"Actualidad\"],\"inLanguage\":\"es\"},{\"@type\":\"WebPage\",\"@id\":\"https:\/\/musica.santjosep.org\/es\/el-espantos-fest-y-una-frita-de-porcella-musical-por-todos-los-santos\/\",\"url\":\"https:\/\/musica.santjosep.org\/es\/el-espantos-fest-y-una-frita-de-porcella-musical-por-todos-los-santos\/\",\"name\":\"El \u2018Espant\u00f3s! Fest\u2019 y una \u2018Frita de Porcella\u2019 musical por Todos los Santos - Sant Josep \u00e9s m\u00fasica\",\"isPartOf\":{\"@id\":\"https:\/\/musica.santjosep.org\/es\/#website\"},\"primaryImageOfPage\":{\"@id\":\"https:\/\/musica.santjosep.org\/es\/el-espantos-fest-y-una-frita-de-porcella-musical-por-todos-los-santos\/#primaryimage\"},\"image\":{\"@id\":\"https:\/\/musica.santjosep.org\/es\/el-espantos-fest-y-una-frita-de-porcella-musical-por-todos-los-santos\/#primaryimage\"},\"thumbnailUrl\":\"https:\/\/musica.santjosep.org\/wp-content\/uploads\/2025\/10\/Groove-Garage-Sant-Jordi-15.jpg\",\"datePublished\":\"2025-10-19T19:50:43+00:00\",\"breadcrumb\":{\"@id\":\"https:\/\/musica.santjosep.org\/es\/el-espantos-fest-y-una-frita-de-porcella-musical-por-todos-los-santos\/#breadcrumb\"},\"inLanguage\":\"es\",\"potentialAction\":[{\"@type\":\"ReadAction\",\"target\":[\"https:\/\/musica.santjosep.org\/es\/el-espantos-fest-y-una-frita-de-porcella-musical-por-todos-los-santos\/\"]}]},{\"@type\":\"ImageObject\",\"inLanguage\":\"es\",\"@id\":\"https:\/\/musica.santjosep.org\/es\/el-espantos-fest-y-una-frita-de-porcella-musical-por-todos-los-santos\/#primaryimage\",\"url\":\"https:\/\/musica.santjosep.org\/wp-content\/uploads\/2025\/10\/Groove-Garage-Sant-Jordi-15.jpg\",\"contentUrl\":\"https:\/\/musica.santjosep.org\/wp-content\/uploads\/2025\/10\/Groove-Garage-Sant-Jordi-15.jpg\",\"width\":1400,\"height\":934,\"caption\":\"Joan F. Ribas\"},{\"@type\":\"BreadcrumbList\",\"@id\":\"https:\/\/musica.santjosep.org\/es\/el-espantos-fest-y-una-frita-de-porcella-musical-por-todos-los-santos\/#breadcrumb\",\"itemListElement\":[{\"@type\":\"ListItem\",\"position\":1,\"name\":\"Portada\",\"item\":\"https:\/\/musica.santjosep.org\/es\/\"},{\"@type\":\"ListItem\",\"position\":2,\"name\":\"El \u2018Espant\u00f3s! Fest\u2019 y una \u2018Frita de Porcella\u2019 musical por Todos los Santos\"}]},{\"@type\":\"WebSite\",\"@id\":\"https:\/\/musica.santjosep.org\/es\/#website\",\"url\":\"https:\/\/musica.santjosep.org\/es\/\",\"name\":\"Sant Josep \u00e9s m\u00fasica\",\"description\":\"Informaci\u00f3n actualizada de todos los conciertos, grupos y artistas que act\u00faen tanto en fiestas y festivales, como en establecimientos privados en el municipio de Sant Josep de sa Talaia\",\"publisher\":{\"@id\":\"https:\/\/musica.santjosep.org\/es\/#organization\"},\"potentialAction\":[{\"@type\":\"SearchAction\",\"target\":{\"@type\":\"EntryPoint\",\"urlTemplate\":\"https:\/\/musica.santjosep.org\/es\/?s={search_term_string}\"},\"query-input\":{\"@type\":\"PropertyValueSpecification\",\"valueRequired\":true,\"valueName\":\"search_term_string\"}}],\"inLanguage\":\"es\"},{\"@type\":\"Organization\",\"@id\":\"https:\/\/musica.santjosep.org\/es\/#organization\",\"name\":\"Sant Josep \u00e9s m\u00fasica\",\"url\":\"https:\/\/musica.santjosep.org\/es\/\",\"logo\":{\"@type\":\"ImageObject\",\"inLanguage\":\"es\",\"@id\":\"https:\/\/musica.santjosep.org\/es\/#\/schema\/logo\/image\/\",\"url\":\"https:\/\/musica.santjosep.org\/wp-content\/uploads\/2022\/01\/logo-SJEM.png\",\"contentUrl\":\"https:\/\/musica.santjosep.org\/wp-content\/uploads\/2022\/01\/logo-SJEM.png\",\"width\":213,\"height\":103,\"caption\":\"Sant Josep \u00e9s m\u00fasica\"},\"image\":{\"@id\":\"https:\/\/musica.santjosep.org\/es\/#\/schema\/logo\/image\/\"},\"sameAs\":[\"https:\/\/www.facebook.com\/Sant-Josep-s-Msica-105337042007790\",\"https:\/\/x.com\/MusicaSantJosep\",\"https:\/\/www.instagram.com\/musicasantjosep\/\",\"https:\/\/www.youtube.com\/channel\/UCBSLSUpqfrfsiOMVslmZEJA\"]},{\"@type\":\"Person\",\"@id\":\"https:\/\/musica.santjosep.org\/es\/#\/schema\/person\/0f860b74dd6768c60f67a1aacfe267e3\",\"name\":\"xescu\",\"image\":{\"@type\":\"ImageObject\",\"inLanguage\":\"es\",\"@id\":\"https:\/\/musica.santjosep.org\/es\/#\/schema\/person\/image\/\",\"url\":\"https:\/\/secure.gravatar.com\/avatar\/d569ee5739a9c7022470ea472c9b4b9cf476e15f1be71e5242c911d673d14ad9?s=96&d=mm&r=g\",\"contentUrl\":\"https:\/\/secure.gravatar.com\/avatar\/d569ee5739a9c7022470ea472c9b4b9cf476e15f1be71e5242c911d673d14ad9?s=96&d=mm&r=g\",\"caption\":\"xescu\"}}]}<\/script>\n<!-- \/ Yoast SEO plugin. -->","yoast_head_json":{"title":"El \u2018Espant\u00f3s! Fest\u2019 y una \u2018Frita de Porcella\u2019 musical por Todos los Santos - Sant Josep \u00e9s m\u00fasica","robots":{"index":"index","follow":"follow","max-snippet":"max-snippet:-1","max-image-preview":"max-image-preview:large","max-video-preview":"max-video-preview:-1"},"canonical":"https:\/\/musica.santjosep.org\/es\/el-espantos-fest-y-una-frita-de-porcella-musical-por-todos-los-santos\/","og_locale":"es_ES","og_type":"article","og_title":"El \u2018Espant\u00f3s! Fest\u2019 y una \u2018Frita de Porcella\u2019 musical por Todos los Santos - Sant Josep \u00e9s m\u00fasica","og_description":"Las fiestas contar\u00e1n con la amenizaci\u00f3n musical de dj\u2019s y los grupos Los del Varadero e Igea. El programa se completa con el Survival Zombie, una gimkana de terror y otras actividades.","og_url":"https:\/\/musica.santjosep.org\/es\/el-espantos-fest-y-una-frita-de-porcella-musical-por-todos-los-santos\/","og_site_name":"Sant Josep \u00e9s m\u00fasica","article_publisher":"https:\/\/www.facebook.com\/Sant-Josep-s-Msica-105337042007790","article_published_time":"2025-10-19T19:50:43+00:00","og_image":[{"width":1400,"height":934,"url":"https:\/\/musica.santjosep.org\/wp-content\/uploads\/2025\/10\/Groove-Garage-Sant-Jordi-15.jpg","type":"image\/jpeg"}],"author":"xescu","twitter_card":"summary_large_image","twitter_creator":"@MusicaSantJosep","twitter_site":"@MusicaSantJosep","twitter_misc":{"Escrito por":"xescu","Tiempo de lectura":"4 minutos"},"schema":{"@context":"https:\/\/schema.org","@graph":[{"@type":"Article","@id":"https:\/\/musica.santjosep.org\/es\/el-espantos-fest-y-una-frita-de-porcella-musical-por-todos-los-santos\/#article","isPartOf":{"@id":"https:\/\/musica.santjosep.org\/es\/el-espantos-fest-y-una-frita-de-porcella-musical-por-todos-los-santos\/"},"author":{"name":"xescu","@id":"https:\/\/musica.santjosep.org\/es\/#\/schema\/person\/0f860b74dd6768c60f67a1aacfe267e3"},"headline":"El \u2018Espant\u00f3s! Fest\u2019 y una \u2018Frita de Porcella\u2019 musical por Todos los Santos","datePublished":"2025-10-19T19:50:43+00:00","mainEntityOfPage":{"@id":"https:\/\/musica.santjosep.org\/es\/el-espantos-fest-y-una-frita-de-porcella-musical-por-todos-los-santos\/"},"wordCount":631,"publisher":{"@id":"https:\/\/musica.santjosep.org\/es\/#organization"},"image":{"@id":"https:\/\/musica.santjosep.org\/es\/el-espantos-fest-y-una-frita-de-porcella-musical-por-todos-los-santos\/#primaryimage"},"thumbnailUrl":"https:\/\/musica.santjosep.org\/wp-content\/uploads\/2025\/10\/Groove-Garage-Sant-Jordi-15.jpg","articleSection":["Actualidad"],"inLanguage":"es"},{"@type":"WebPage","@id":"https:\/\/musica.santjosep.org\/es\/el-espantos-fest-y-una-frita-de-porcella-musical-por-todos-los-santos\/","url":"https:\/\/musica.santjosep.org\/es\/el-espantos-fest-y-una-frita-de-porcella-musical-por-todos-los-santos\/","name":"El \u2018Espant\u00f3s! Fest\u2019 y una \u2018Frita de Porcella\u2019 musical por Todos los Santos - Sant Josep \u00e9s m\u00fasica","isPartOf":{"@id":"https:\/\/musica.santjosep.org\/es\/#website"},"primaryImageOfPage":{"@id":"https:\/\/musica.santjosep.org\/es\/el-espantos-fest-y-una-frita-de-porcella-musical-por-todos-los-santos\/#primaryimage"},"image":{"@id":"https:\/\/musica.santjosep.org\/es\/el-espantos-fest-y-una-frita-de-porcella-musical-por-todos-los-santos\/#primaryimage"},"thumbnailUrl":"https:\/\/musica.santjosep.org\/wp-content\/uploads\/2025\/10\/Groove-Garage-Sant-Jordi-15.jpg","datePublished":"2025-10-19T19:50:43+00:00","breadcrumb":{"@id":"https:\/\/musica.santjosep.org\/es\/el-espantos-fest-y-una-frita-de-porcella-musical-por-todos-los-santos\/#breadcrumb"},"inLanguage":"es","potentialAction":[{"@type":"ReadAction","target":["https:\/\/musica.santjosep.org\/es\/el-espantos-fest-y-una-frita-de-porcella-musical-por-todos-los-santos\/"]}]},{"@type":"ImageObject","inLanguage":"es","@id":"https:\/\/musica.santjosep.org\/es\/el-espantos-fest-y-una-frita-de-porcella-musical-por-todos-los-santos\/#primaryimage","url":"https:\/\/musica.santjosep.org\/wp-content\/uploads\/2025\/10\/Groove-Garage-Sant-Jordi-15.jpg","contentUrl":"https:\/\/musica.santjosep.org\/wp-content\/uploads\/2025\/10\/Groove-Garage-Sant-Jordi-15.jpg","width":1400,"height":934,"caption":"Joan F. Ribas"},{"@type":"BreadcrumbList","@id":"https:\/\/musica.santjosep.org\/es\/el-espantos-fest-y-una-frita-de-porcella-musical-por-todos-los-santos\/#breadcrumb","itemListElement":[{"@type":"ListItem","position":1,"name":"Portada","item":"https:\/\/musica.santjosep.org\/es\/"},{"@type":"ListItem","position":2,"name":"El \u2018Espant\u00f3s! Fest\u2019 y una \u2018Frita de Porcella\u2019 musical por Todos los Santos"}]},{"@type":"WebSite","@id":"https:\/\/musica.santjosep.org\/es\/#website","url":"https:\/\/musica.santjosep.org\/es\/","name":"Sant Josep \u00e9s m\u00fasica","description":"Informaci\u00f3n actualizada de todos los conciertos, grupos y artistas que act\u00faen tanto en fiestas y festivales, como en establecimientos privados en el municipio de Sant Josep de sa Talaia","publisher":{"@id":"https:\/\/musica.santjosep.org\/es\/#organization"},"potentialAction":[{"@type":"SearchAction","target":{"@type":"EntryPoint","urlTemplate":"https:\/\/musica.santjosep.org\/es\/?s={search_term_string}"},"query-input":{"@type":"PropertyValueSpecification","valueRequired":true,"valueName":"search_term_string"}}],"inLanguage":"es"},{"@type":"Organization","@id":"https:\/\/musica.santjosep.org\/es\/#organization","name":"Sant Josep \u00e9s m\u00fasica","url":"https:\/\/musica.santjosep.org\/es\/","logo":{"@type":"ImageObject","inLanguage":"es","@id":"https:\/\/musica.santjosep.org\/es\/#\/schema\/logo\/image\/","url":"https:\/\/musica.santjosep.org\/wp-content\/uploads\/2022\/01\/logo-SJEM.png","contentUrl":"https:\/\/musica.santjosep.org\/wp-content\/uploads\/2022\/01\/logo-SJEM.png","width":213,"height":103,"caption":"Sant Josep \u00e9s m\u00fasica"},"image":{"@id":"https:\/\/musica.santjosep.org\/es\/#\/schema\/logo\/image\/"},"sameAs":["https:\/\/www.facebook.com\/Sant-Josep-s-Msica-105337042007790","https:\/\/x.com\/MusicaSantJosep","https:\/\/www.instagram.com\/musicasantjosep\/","https:\/\/www.youtube.com\/channel\/UCBSLSUpqfrfsiOMVslmZEJA"]},{"@type":"Person","@id":"https:\/\/musica.santjosep.org\/es\/#\/schema\/person\/0f860b74dd6768c60f67a1aacfe267e3","name":"xescu","image":{"@type":"ImageObject","inLanguage":"es","@id":"https:\/\/musica.santjosep.org\/es\/#\/schema\/person\/image\/","url":"https:\/\/secure.gravatar.com\/avatar\/d569ee5739a9c7022470ea472c9b4b9cf476e15f1be71e5242c911d673d14ad9?s=96&d=mm&r=g","contentUrl":"https:\/\/secure.gravatar.com\/avatar\/d569ee5739a9c7022470ea472c9b4b9cf476e15f1be71e5242c911d673d14ad9?s=96&d=mm&r=g","caption":"xescu"}}]}},"_links":{"self":[{"href":"https:\/\/musica.santjosep.org\/es\/wp-json\/wp\/v2\/posts\/52902","targetHints":{"allow":["GET"]}}],"collection":[{"href":"https:\/\/musica.santjosep.org\/es\/wp-json\/wp\/v2\/posts"}],"about":[{"href":"https:\/\/musica.santjosep.org\/es\/wp-json\/wp\/v2\/types\/post"}],"author":[{"embeddable":true,"href":"https:\/\/musica.santjosep.org\/es\/wp-json\/wp\/v2\/users\/2"}],"replies":[{"embeddable":true,"href":"https:\/\/musica.santjosep.org\/es\/wp-json\/wp\/v2\/comments?post=52902"}],"version-history":[{"count":1,"href":"https:\/\/musica.santjosep.org\/es\/wp-json\/wp\/v2\/posts\/52902\/revisions"}],"predecessor-version":[{"id":52905,"href":"https:\/\/musica.santjosep.org\/es\/wp-json\/wp\/v2\/posts\/52902\/revisions\/52905"}],"wp:featuredmedia":[{"embeddable":true,"href":"https:\/\/musica.santjosep.org\/es\/wp-json\/wp\/v2\/media\/52903"}],"wp:attachment":[{"href":"https:\/\/musica.santjosep.org\/es\/wp-json\/wp\/v2\/media?parent=52902"}],"wp:term":[{"taxonomy":"category","embeddable":true,"href":"https:\/\/musica.santjosep.org\/es\/wp-json\/wp\/v2\/categories?post=52902"},{"taxonomy":"post_tag","embeddable":true,"href":"https:\/\/musica.santjosep.org\/es\/wp-json\/wp\/v2\/tags?post=52902"}],"curies":[{"name":"wp","href":"https:\/\/api.w.org\/{rel}","templated":true}]}}