{"id":51703,"date":"2025-09-03T11:03:51","date_gmt":"2025-09-03T09:03:51","guid":{"rendered":"https:\/\/musica.santjosep.org\/el-anticristo-esta-en-la-disco-i-leivissa-subliminal\/"},"modified":"2025-09-03T11:05:36","modified_gmt":"2025-09-03T09:05:36","slug":"el-anticristo-esta-en-la-disco-y-la-ibiza-subliminal","status":"publish","type":"post","link":"https:\/\/musica.santjosep.org\/es\/el-anticristo-esta-en-la-disco-y-la-ibiza-subliminal\/","title":{"rendered":"\u2018El anticristo est\u00e1 en la disco\u2019 y la Ibiza subliminal"},"content":{"rendered":"<p>Sin duda, uno de los momentos m\u00e1s impresionantes y emotivos que los aficionados a la m\u00fasica de la isla han podido vivir tuvo lugar el pasado s\u00e1bado durante las fiestas de Sant Agust\u00ed, con la presentaci\u00f3n del nuevo disco de Doctor Trapero \u2018El anticristo est\u00e1 en la disco\u2019. Este trabajo, que incluye muchos temas que la popular banda de Sant Josep ya hab\u00eda ofrecido en sus directos, pero que no hab\u00eda grabado, constituye una rotunda cr\u00edtica social a la estructura tur\u00edstica de la isla y la omnipresencia de las discotecas y su publicidad.<\/p>\n<p>El disco lo grabaron a finales del a\u00f1o pasado en Magrana Studios con Joan Barb\u00e9, del que los integrantes de Doctor Trapero destacan el estupendo trabajo realizado, las ganas inmensas que el productor ibicenco le ha puesto y el espectacular sonido logrado. El \u00e1lbum contiene once temazos, entre los que destaca \u2018El rap de la cripta\u2019, la cr\u00edtica m\u00e1s \u00e1cida a la Ibiza actual que se ha podido escuchar en mucho tiempo, y que de alguna forma conecta con otras anteriores, como, por ejemplo, \u2018En aquesta illa tan pobra\u2019, que populariz\u00f3 el grupo Uc, aunque a trav\u00e9s un lenguaje musical completamente distinto. El de los Trapero es urbano, rapero y vanguardista. Tambi\u00e9n incluye himnos esenciales del repertorio trapero, como \u2018Animal\u2019, \u2018N\u00e1ufrago majareta\u2019, \u2018Mu\u00f1eco de trapo\u2019, \u2018Duro hueso\u2019 o \u2018Sospechoso habitual\u2019, y una nueva masterizaci\u00f3n del ya cl\u00e1sico de la formaci\u00f3n \u2018Vida\u2019.<\/p>\n<p><img loading=\"lazy\" decoding=\"async\" class=\"alignnone wp-image-51700 size-full\" src=\"https:\/\/musica.santjosep.org\/wp-content\/uploads\/2025\/09\/portada-completa-rec.jpg\" alt=\"\" width=\"1400\" height=\"1257\" srcset=\"https:\/\/musica.santjosep.org\/wp-content\/uploads\/2025\/09\/portada-completa-rec.jpg 1400w, https:\/\/musica.santjosep.org\/wp-content\/uploads\/2025\/09\/portada-completa-rec-300x269.jpg 300w, https:\/\/musica.santjosep.org\/wp-content\/uploads\/2025\/09\/portada-completa-rec-1024x919.jpg 1024w, https:\/\/musica.santjosep.org\/wp-content\/uploads\/2025\/09\/portada-completa-rec-768x690.jpg 768w\" sizes=\"auto, (max-width: 1400px) 100vw, 1400px\" \/><\/p>\n<p>Todas las canciones est\u00e1n compuestas por Alfonso Hern\u00e1ndez Morillas, <em>Fonsi<\/em>, y David Lorenzo, pioneros del grupo, guitarristas y cantantes, que las han grabado junto a su base r\u00edtmica habitual: Luis Iglesias al bajo y Luis R. del Cerro a la bater\u00eda. Lorenzo, adem\u00e1s, ha plagado el \u00e1lbum de ilustraciones creadas a mano, que esbozan a la perfecci\u00f3n el concepto cr\u00edtico del \u00e1lbum, que a su vez se inspira en la famosa pel\u00edcula \u2018Est\u00e1n vivos\u2019 de John Carpenter (1988).<\/p>\n<p>\u2018Est\u00e1n vivos\u2019 cuenta la historia de un trabajador norteamericano que casualmente encuentra unas gafas de sol que permiten ver a las personas tal y como son, as\u00ed como los mensajes subliminales escondidos en la publicidad, destinados a aborregar a la poblaci\u00f3n, esclaviz\u00e1ndola a trav\u00e9s del consumismo. Gracias a ellas, descubre tambi\u00e9n que importantes personajes de la vida pol\u00edtica y social son en realidad extraterrestres que pretenden convertir a los hombres en una raza de esclavos.<\/p>\n<p>\u201cEsta obra es un pelicul\u00f3n y quer\u00edamos hacerle este peque\u00f1o tributo trasladando su historia y moraleja a Ibiza. En nuestras canciones hablamos de esta gente ciega que llega a una isla de piratas para que le saquen la pasta y la expriman. Tambi\u00e9n del mundo de la discoteca, que al final es un parip\u00e9 y un postureo que nos afecta a todos\u201d, apunta Fonsi Hern\u00e1ndez.<\/p>\n<p><iframe loading=\"lazy\" title=\"&#039;El rap de la Cripta&#039; (Doctor Trapero)\" width=\"1100\" height=\"619\" src=\"https:\/\/www.youtube.com\/embed\/NNDd8bxIP-Y?feature=oembed\" frameborder=\"0\" allow=\"accelerometer; autoplay; clipboard-write; encrypted-media; gyroscope; picture-in-picture; web-share\" referrerpolicy=\"strict-origin-when-cross-origin\" allowfullscreen><\/iframe><\/p>\n<p>\u201cLa idea de relacionar el disco con la pel\u00edcula surge de que toda Ibiza es un anuncio de discotecas, como ocurre, por ejemplo, en el aeropuerto. Despu\u00e9s de reformarlo han puesto carteles a lo burro y casi ni te enteras de que es un aeropuerto porque s\u00f3lo se ven dj\u2019s y fiestas de discotecas. Anuncios que, como en la pel\u00edcula de Carpenter, en realidad proclaman: venid, consumid y dejaros toda vuestra pasta. Ah\u00ed est\u00e1n, por ejemplo, esos p\u00f3sters de la fiesta de las hormigas. Parece que digan t\u00fa, que eres una hormiga, t\u00edrate un a\u00f1o trabajando y ahorrando para venir aqu\u00ed y dejarte toda la pasta, y vuelve el a\u00f1o que viene. En \u2018El rap de la cripta\u2019 lo dejamos todo plasmado, pero tambi\u00e9n tenemos canciones que reflejan el lado bonito de la isla, con su invierno, sus calas y su buena gente, como \u2018N\u00e1ufrago majareta\u201d, a\u00f1ade el cantante de Doctor Trapero.<\/p>\n<p>La colaboraci\u00f3n con Joan Barb\u00e9 surgi\u00f3 tras un concierto en Sant Rafel en el que Doctor Trapero telone\u00f3 a uno de los grupos del multiinstrumentista y productor: \u201cTras escucharnos, Joan nos dijo que le hab\u00eda gustado mucho lo que hac\u00edamos, que ya se ve\u00eda muy trabajado, y se ofreci\u00f3 a grabarlo en su estudio. Ha sido un crack y nos ha dado todas las facilidades. Desde el principio dijo que quer\u00eda que el disco sonara a directo y lo ha conseguido. Nos encanta el sonido profesional y potente que tiene\u201d, apostilla Fonsi.<\/p>\n<p>Un disco fabuloso, que ya puede escucharse en las principales plataformas de m\u00fasica por <em>streaming<\/em> y que tambi\u00e9n est\u00e1 a la venta en formato f\u00edsico en Can Jordi, y por el que desde Sant Josep \u00e9s M\u00fasica s\u00f3lo podemos darles efusivamente la enhorabuena.<\/p>\n<p>A continuaci\u00f3n, una selecci\u00f3n de im\u00e1genes de la presentaci\u00f3n del disco en Sant Agust\u00ed, de Joan F. Ribas:<\/p>\n<p><img loading=\"lazy\" decoding=\"async\" class=\"alignnone wp-image-51698 size-full\" src=\"https:\/\/musica.santjosep.org\/wp-content\/uploads\/2025\/09\/Dr-Trapero.jpg\" alt=\"\" width=\"1400\" height=\"933\" srcset=\"https:\/\/musica.santjosep.org\/wp-content\/uploads\/2025\/09\/Dr-Trapero.jpg 1400w, https:\/\/musica.santjosep.org\/wp-content\/uploads\/2025\/09\/Dr-Trapero-300x200.jpg 300w, https:\/\/musica.santjosep.org\/wp-content\/uploads\/2025\/09\/Dr-Trapero-1024x682.jpg 1024w, https:\/\/musica.santjosep.org\/wp-content\/uploads\/2025\/09\/Dr-Trapero-768x512.jpg 768w\" sizes=\"auto, (max-width: 1400px) 100vw, 1400px\" \/><\/p>\n<p><img loading=\"lazy\" decoding=\"async\" class=\"alignnone wp-image-51692 size-full\" src=\"https:\/\/musica.santjosep.org\/wp-content\/uploads\/2025\/09\/Dr-Trapero-26.jpg\" alt=\"\" width=\"1400\" height=\"933\" srcset=\"https:\/\/musica.santjosep.org\/wp-content\/uploads\/2025\/09\/Dr-Trapero-26.jpg 1400w, https:\/\/musica.santjosep.org\/wp-content\/uploads\/2025\/09\/Dr-Trapero-26-300x200.jpg 300w, https:\/\/musica.santjosep.org\/wp-content\/uploads\/2025\/09\/Dr-Trapero-26-1024x682.jpg 1024w, https:\/\/musica.santjosep.org\/wp-content\/uploads\/2025\/09\/Dr-Trapero-26-768x512.jpg 768w\" sizes=\"auto, (max-width: 1400px) 100vw, 1400px\" \/><\/p>\n<p><img loading=\"lazy\" decoding=\"async\" class=\"alignnone wp-image-51682 size-full\" src=\"https:\/\/musica.santjosep.org\/wp-content\/uploads\/2025\/09\/Dr-Trapero-20.jpg\" alt=\"\" width=\"1400\" height=\"933\" srcset=\"https:\/\/musica.santjosep.org\/wp-content\/uploads\/2025\/09\/Dr-Trapero-20.jpg 1400w, https:\/\/musica.santjosep.org\/wp-content\/uploads\/2025\/09\/Dr-Trapero-20-300x200.jpg 300w, https:\/\/musica.santjosep.org\/wp-content\/uploads\/2025\/09\/Dr-Trapero-20-1024x682.jpg 1024w, https:\/\/musica.santjosep.org\/wp-content\/uploads\/2025\/09\/Dr-Trapero-20-768x512.jpg 768w\" sizes=\"auto, (max-width: 1400px) 100vw, 1400px\" \/><\/p>\n<p><img loading=\"lazy\" decoding=\"async\" class=\"alignnone wp-image-51654 size-full\" src=\"https:\/\/musica.santjosep.org\/wp-content\/uploads\/2025\/09\/Dr-Trapero-6.jpg\" alt=\"\" width=\"1400\" height=\"933\" srcset=\"https:\/\/musica.santjosep.org\/wp-content\/uploads\/2025\/09\/Dr-Trapero-6.jpg 1400w, https:\/\/musica.santjosep.org\/wp-content\/uploads\/2025\/09\/Dr-Trapero-6-300x200.jpg 300w, https:\/\/musica.santjosep.org\/wp-content\/uploads\/2025\/09\/Dr-Trapero-6-1024x682.jpg 1024w, https:\/\/musica.santjosep.org\/wp-content\/uploads\/2025\/09\/Dr-Trapero-6-768x512.jpg 768w\" sizes=\"auto, (max-width: 1400px) 100vw, 1400px\" \/><\/p>\n<p><img loading=\"lazy\" decoding=\"async\" class=\"alignnone wp-image-51664 size-full\" src=\"https:\/\/musica.santjosep.org\/wp-content\/uploads\/2025\/09\/Dr-Trapero-11.jpg\" alt=\"\" width=\"1400\" height=\"933\" srcset=\"https:\/\/musica.santjosep.org\/wp-content\/uploads\/2025\/09\/Dr-Trapero-11.jpg 1400w, https:\/\/musica.santjosep.org\/wp-content\/uploads\/2025\/09\/Dr-Trapero-11-300x200.jpg 300w, https:\/\/musica.santjosep.org\/wp-content\/uploads\/2025\/09\/Dr-Trapero-11-1024x682.jpg 1024w, https:\/\/musica.santjosep.org\/wp-content\/uploads\/2025\/09\/Dr-Trapero-11-768x512.jpg 768w\" sizes=\"auto, (max-width: 1400px) 100vw, 1400px\" \/><\/p>\n<p><img loading=\"lazy\" decoding=\"async\" class=\"alignnone wp-image-51666 size-full\" src=\"https:\/\/musica.santjosep.org\/wp-content\/uploads\/2025\/09\/Dr-Trapero-12.jpg\" alt=\"\" width=\"1400\" height=\"933\" srcset=\"https:\/\/musica.santjosep.org\/wp-content\/uploads\/2025\/09\/Dr-Trapero-12.jpg 1400w, https:\/\/musica.santjosep.org\/wp-content\/uploads\/2025\/09\/Dr-Trapero-12-300x200.jpg 300w, https:\/\/musica.santjosep.org\/wp-content\/uploads\/2025\/09\/Dr-Trapero-12-1024x682.jpg 1024w, https:\/\/musica.santjosep.org\/wp-content\/uploads\/2025\/09\/Dr-Trapero-12-768x512.jpg 768w\" sizes=\"auto, (max-width: 1400px) 100vw, 1400px\" \/><\/p>\n<p><img loading=\"lazy\" decoding=\"async\" class=\"alignnone wp-image-51660 size-full\" src=\"https:\/\/musica.santjosep.org\/wp-content\/uploads\/2025\/09\/Dr-Trapero-9.jpg\" alt=\"\" width=\"1400\" height=\"933\" srcset=\"https:\/\/musica.santjosep.org\/wp-content\/uploads\/2025\/09\/Dr-Trapero-9.jpg 1400w, https:\/\/musica.santjosep.org\/wp-content\/uploads\/2025\/09\/Dr-Trapero-9-300x200.jpg 300w, https:\/\/musica.santjosep.org\/wp-content\/uploads\/2025\/09\/Dr-Trapero-9-1024x682.jpg 1024w, https:\/\/musica.santjosep.org\/wp-content\/uploads\/2025\/09\/Dr-Trapero-9-768x512.jpg 768w\" sizes=\"auto, (max-width: 1400px) 100vw, 1400px\" \/><\/p>\n<p><img loading=\"lazy\" decoding=\"async\" class=\"alignnone wp-image-51684 size-full\" src=\"https:\/\/musica.santjosep.org\/wp-content\/uploads\/2025\/09\/Dr-Trapero-21.jpg\" alt=\"\" width=\"1400\" height=\"933\" srcset=\"https:\/\/musica.santjosep.org\/wp-content\/uploads\/2025\/09\/Dr-Trapero-21.jpg 1400w, https:\/\/musica.santjosep.org\/wp-content\/uploads\/2025\/09\/Dr-Trapero-21-300x200.jpg 300w, https:\/\/musica.santjosep.org\/wp-content\/uploads\/2025\/09\/Dr-Trapero-21-1024x682.jpg 1024w, https:\/\/musica.santjosep.org\/wp-content\/uploads\/2025\/09\/Dr-Trapero-21-768x512.jpg 768w\" sizes=\"auto, (max-width: 1400px) 100vw, 1400px\" \/><\/p>\n<p><img loading=\"lazy\" decoding=\"async\" class=\"alignnone wp-image-51680 size-full\" src=\"https:\/\/musica.santjosep.org\/wp-content\/uploads\/2025\/09\/Dr-Trapero-19.jpg\" alt=\"\" width=\"1400\" height=\"933\" srcset=\"https:\/\/musica.santjosep.org\/wp-content\/uploads\/2025\/09\/Dr-Trapero-19.jpg 1400w, https:\/\/musica.santjosep.org\/wp-content\/uploads\/2025\/09\/Dr-Trapero-19-300x200.jpg 300w, https:\/\/musica.santjosep.org\/wp-content\/uploads\/2025\/09\/Dr-Trapero-19-1024x682.jpg 1024w, https:\/\/musica.santjosep.org\/wp-content\/uploads\/2025\/09\/Dr-Trapero-19-768x512.jpg 768w\" sizes=\"auto, (max-width: 1400px) 100vw, 1400px\" \/><\/p>\n<p><img loading=\"lazy\" decoding=\"async\" class=\"alignnone wp-image-51658 size-full\" src=\"https:\/\/musica.santjosep.org\/wp-content\/uploads\/2025\/09\/Dr-Trapero-8.jpg\" alt=\"\" width=\"1400\" height=\"933\" srcset=\"https:\/\/musica.santjosep.org\/wp-content\/uploads\/2025\/09\/Dr-Trapero-8.jpg 1400w, https:\/\/musica.santjosep.org\/wp-content\/uploads\/2025\/09\/Dr-Trapero-8-300x200.jpg 300w, https:\/\/musica.santjosep.org\/wp-content\/uploads\/2025\/09\/Dr-Trapero-8-1024x682.jpg 1024w, https:\/\/musica.santjosep.org\/wp-content\/uploads\/2025\/09\/Dr-Trapero-8-768x512.jpg 768w\" sizes=\"auto, (max-width: 1400px) 100vw, 1400px\" \/><\/p>\n<p><img loading=\"lazy\" decoding=\"async\" class=\"alignnone wp-image-51646 size-full\" src=\"https:\/\/musica.santjosep.org\/wp-content\/uploads\/2025\/09\/Dr-Trapero-2.jpg\" alt=\"\" width=\"1400\" height=\"933\" srcset=\"https:\/\/musica.santjosep.org\/wp-content\/uploads\/2025\/09\/Dr-Trapero-2.jpg 1400w, https:\/\/musica.santjosep.org\/wp-content\/uploads\/2025\/09\/Dr-Trapero-2-300x200.jpg 300w, https:\/\/musica.santjosep.org\/wp-content\/uploads\/2025\/09\/Dr-Trapero-2-1024x682.jpg 1024w, https:\/\/musica.santjosep.org\/wp-content\/uploads\/2025\/09\/Dr-Trapero-2-768x512.jpg 768w\" sizes=\"auto, (max-width: 1400px) 100vw, 1400px\" \/><\/p>\n<p><img loading=\"lazy\" decoding=\"async\" class=\"alignnone wp-image-51652 size-full\" src=\"https:\/\/musica.santjosep.org\/wp-content\/uploads\/2025\/09\/Dr-Trapero-5.jpg\" alt=\"\" width=\"1400\" height=\"933\" srcset=\"https:\/\/musica.santjosep.org\/wp-content\/uploads\/2025\/09\/Dr-Trapero-5.jpg 1400w, https:\/\/musica.santjosep.org\/wp-content\/uploads\/2025\/09\/Dr-Trapero-5-300x200.jpg 300w, https:\/\/musica.santjosep.org\/wp-content\/uploads\/2025\/09\/Dr-Trapero-5-1024x682.jpg 1024w, https:\/\/musica.santjosep.org\/wp-content\/uploads\/2025\/09\/Dr-Trapero-5-768x512.jpg 768w\" sizes=\"auto, (max-width: 1400px) 100vw, 1400px\" \/><\/p>\n<p><img loading=\"lazy\" decoding=\"async\" class=\"alignnone wp-image-51648 size-full\" src=\"https:\/\/musica.santjosep.org\/wp-content\/uploads\/2025\/09\/Dr-Trapero-3.jpg\" alt=\"\" width=\"1400\" height=\"933\" srcset=\"https:\/\/musica.santjosep.org\/wp-content\/uploads\/2025\/09\/Dr-Trapero-3.jpg 1400w, https:\/\/musica.santjosep.org\/wp-content\/uploads\/2025\/09\/Dr-Trapero-3-300x200.jpg 300w, https:\/\/musica.santjosep.org\/wp-content\/uploads\/2025\/09\/Dr-Trapero-3-1024x682.jpg 1024w, https:\/\/musica.santjosep.org\/wp-content\/uploads\/2025\/09\/Dr-Trapero-3-768x512.jpg 768w\" sizes=\"auto, (max-width: 1400px) 100vw, 1400px\" \/><\/p>\n<p><img loading=\"lazy\" decoding=\"async\" class=\"alignnone wp-image-51686 size-full\" src=\"https:\/\/musica.santjosep.org\/wp-content\/uploads\/2025\/09\/Dr-Trapero-22.jpg\" alt=\"\" width=\"1400\" height=\"933\" srcset=\"https:\/\/musica.santjosep.org\/wp-content\/uploads\/2025\/09\/Dr-Trapero-22.jpg 1400w, https:\/\/musica.santjosep.org\/wp-content\/uploads\/2025\/09\/Dr-Trapero-22-300x200.jpg 300w, https:\/\/musica.santjosep.org\/wp-content\/uploads\/2025\/09\/Dr-Trapero-22-1024x682.jpg 1024w, https:\/\/musica.santjosep.org\/wp-content\/uploads\/2025\/09\/Dr-Trapero-22-768x512.jpg 768w\" sizes=\"auto, (max-width: 1400px) 100vw, 1400px\" \/><\/p>\n<p><img loading=\"lazy\" decoding=\"async\" class=\"alignnone wp-image-51690 size-full\" src=\"https:\/\/musica.santjosep.org\/wp-content\/uploads\/2025\/09\/Dr-Trapero-25.jpg\" alt=\"\" width=\"1400\" height=\"933\" srcset=\"https:\/\/musica.santjosep.org\/wp-content\/uploads\/2025\/09\/Dr-Trapero-25.jpg 1400w, https:\/\/musica.santjosep.org\/wp-content\/uploads\/2025\/09\/Dr-Trapero-25-300x200.jpg 300w, https:\/\/musica.santjosep.org\/wp-content\/uploads\/2025\/09\/Dr-Trapero-25-1024x682.jpg 1024w, https:\/\/musica.santjosep.org\/wp-content\/uploads\/2025\/09\/Dr-Trapero-25-768x512.jpg 768w\" sizes=\"auto, (max-width: 1400px) 100vw, 1400px\" \/><\/p>\n<p><img loading=\"lazy\" decoding=\"async\" class=\"alignnone wp-image-51688 size-full\" src=\"https:\/\/musica.santjosep.org\/wp-content\/uploads\/2025\/09\/Dr-Trapero-24.jpg\" alt=\"\" width=\"1400\" height=\"933\" srcset=\"https:\/\/musica.santjosep.org\/wp-content\/uploads\/2025\/09\/Dr-Trapero-24.jpg 1400w, https:\/\/musica.santjosep.org\/wp-content\/uploads\/2025\/09\/Dr-Trapero-24-300x200.jpg 300w, https:\/\/musica.santjosep.org\/wp-content\/uploads\/2025\/09\/Dr-Trapero-24-1024x682.jpg 1024w, https:\/\/musica.santjosep.org\/wp-content\/uploads\/2025\/09\/Dr-Trapero-24-768x512.jpg 768w\" sizes=\"auto, (max-width: 1400px) 100vw, 1400px\" \/><\/p>\n<p><img loading=\"lazy\" decoding=\"async\" class=\"alignnone wp-image-51696 size-full\" src=\"https:\/\/musica.santjosep.org\/wp-content\/uploads\/2025\/09\/Dr-Trapero-28.jpg\" alt=\"\" width=\"1400\" height=\"933\" srcset=\"https:\/\/musica.santjosep.org\/wp-content\/uploads\/2025\/09\/Dr-Trapero-28.jpg 1400w, https:\/\/musica.santjosep.org\/wp-content\/uploads\/2025\/09\/Dr-Trapero-28-300x200.jpg 300w, https:\/\/musica.santjosep.org\/wp-content\/uploads\/2025\/09\/Dr-Trapero-28-1024x682.jpg 1024w, https:\/\/musica.santjosep.org\/wp-content\/uploads\/2025\/09\/Dr-Trapero-28-768x512.jpg 768w\" sizes=\"auto, (max-width: 1400px) 100vw, 1400px\" \/><\/p>\n","protected":false},"excerpt":{"rendered":"<p>Tras la impactante presentaci\u00f3n en Sant Agust\u00ed, el nuevo \u00e1lbum de Doctor Trapero ya es una realidad. Est\u00e1 en las plataformas digitales y se puede adquirir en Can Jordi. <\/p>\n","protected":false},"author":2,"featured_media":51645,"comment_status":"closed","ping_status":"closed","sticky":false,"template":"","format":"standard","meta":{"_acf_changed":false,"footnotes":""},"categories":[14],"tags":[],"class_list":["post-51703","post","type-post","status-publish","format-standard","has-post-thumbnail","hentry","category-actualidad"],"acf":[],"yoast_head":"<!-- This site is optimized with the Yoast SEO plugin v26.6 - https:\/\/yoast.com\/wordpress\/plugins\/seo\/ -->\n<title>\u2018El anticristo est\u00e1 en la disco\u2019 y la Ibiza subliminal - Sant Josep \u00e9s m\u00fasica<\/title>\n<meta name=\"robots\" content=\"index, follow, max-snippet:-1, max-image-preview:large, max-video-preview:-1\" \/>\n<link rel=\"canonical\" href=\"https:\/\/musica.santjosep.org\/es\/el-anticristo-esta-en-la-disco-y-la-ibiza-subliminal\/\" \/>\n<meta property=\"og:locale\" content=\"es_ES\" \/>\n<meta property=\"og:type\" content=\"article\" \/>\n<meta property=\"og:title\" content=\"\u2018El anticristo est\u00e1 en la disco\u2019 y la Ibiza subliminal - Sant Josep \u00e9s m\u00fasica\" \/>\n<meta property=\"og:description\" content=\"Tras la impactante presentaci\u00f3n en Sant Agust\u00ed, el nuevo \u00e1lbum de Doctor Trapero ya es una realidad. Est\u00e1 en las plataformas digitales y se puede adquirir en Can Jordi.\" \/>\n<meta property=\"og:url\" content=\"https:\/\/musica.santjosep.org\/es\/el-anticristo-esta-en-la-disco-y-la-ibiza-subliminal\/\" \/>\n<meta property=\"og:site_name\" content=\"Sant Josep \u00e9s m\u00fasica\" \/>\n<meta property=\"article:publisher\" content=\"https:\/\/www.facebook.com\/Sant-Josep-s-Msica-105337042007790\" \/>\n<meta property=\"article:published_time\" content=\"2025-09-03T09:03:51+00:00\" \/>\n<meta property=\"article:modified_time\" content=\"2025-09-03T09:05:36+00:00\" \/>\n<meta property=\"og:image\" content=\"https:\/\/musica.santjosep.org\/wp-content\/uploads\/2025\/09\/Dr-Trapero-23.jpg\" \/>\n\t<meta property=\"og:image:width\" content=\"1400\" \/>\n\t<meta property=\"og:image:height\" content=\"933\" \/>\n\t<meta property=\"og:image:type\" content=\"image\/jpeg\" \/>\n<meta name=\"author\" content=\"xescu\" \/>\n<meta name=\"twitter:card\" content=\"summary_large_image\" \/>\n<meta name=\"twitter:creator\" content=\"@MusicaSantJosep\" \/>\n<meta name=\"twitter:site\" content=\"@MusicaSantJosep\" \/>\n<meta name=\"twitter:label1\" content=\"Escrito por\" \/>\n\t<meta name=\"twitter:data1\" content=\"xescu\" \/>\n\t<meta name=\"twitter:label2\" content=\"Tiempo de lectura\" \/>\n\t<meta name=\"twitter:data2\" content=\"8 minutos\" \/>\n<script type=\"application\/ld+json\" class=\"yoast-schema-graph\">{\"@context\":\"https:\/\/schema.org\",\"@graph\":[{\"@type\":\"Article\",\"@id\":\"https:\/\/musica.santjosep.org\/es\/el-anticristo-esta-en-la-disco-y-la-ibiza-subliminal\/#article\",\"isPartOf\":{\"@id\":\"https:\/\/musica.santjosep.org\/es\/el-anticristo-esta-en-la-disco-y-la-ibiza-subliminal\/\"},\"author\":{\"name\":\"xescu\",\"@id\":\"https:\/\/musica.santjosep.org\/es\/#\/schema\/person\/0f860b74dd6768c60f67a1aacfe267e3\"},\"headline\":\"\u2018El anticristo est\u00e1 en la disco\u2019 y la Ibiza subliminal\",\"datePublished\":\"2025-09-03T09:03:51+00:00\",\"dateModified\":\"2025-09-03T09:05:36+00:00\",\"mainEntityOfPage\":{\"@id\":\"https:\/\/musica.santjosep.org\/es\/el-anticristo-esta-en-la-disco-y-la-ibiza-subliminal\/\"},\"wordCount\":836,\"publisher\":{\"@id\":\"https:\/\/musica.santjosep.org\/es\/#organization\"},\"image\":{\"@id\":\"https:\/\/musica.santjosep.org\/es\/el-anticristo-esta-en-la-disco-y-la-ibiza-subliminal\/#primaryimage\"},\"thumbnailUrl\":\"https:\/\/musica.santjosep.org\/wp-content\/uploads\/2025\/09\/Dr-Trapero-23.jpg\",\"articleSection\":[\"Actualidad\"],\"inLanguage\":\"es\"},{\"@type\":\"WebPage\",\"@id\":\"https:\/\/musica.santjosep.org\/es\/el-anticristo-esta-en-la-disco-y-la-ibiza-subliminal\/\",\"url\":\"https:\/\/musica.santjosep.org\/es\/el-anticristo-esta-en-la-disco-y-la-ibiza-subliminal\/\",\"name\":\"\u2018El anticristo est\u00e1 en la disco\u2019 y la Ibiza subliminal - Sant Josep \u00e9s m\u00fasica\",\"isPartOf\":{\"@id\":\"https:\/\/musica.santjosep.org\/es\/#website\"},\"primaryImageOfPage\":{\"@id\":\"https:\/\/musica.santjosep.org\/es\/el-anticristo-esta-en-la-disco-y-la-ibiza-subliminal\/#primaryimage\"},\"image\":{\"@id\":\"https:\/\/musica.santjosep.org\/es\/el-anticristo-esta-en-la-disco-y-la-ibiza-subliminal\/#primaryimage\"},\"thumbnailUrl\":\"https:\/\/musica.santjosep.org\/wp-content\/uploads\/2025\/09\/Dr-Trapero-23.jpg\",\"datePublished\":\"2025-09-03T09:03:51+00:00\",\"dateModified\":\"2025-09-03T09:05:36+00:00\",\"breadcrumb\":{\"@id\":\"https:\/\/musica.santjosep.org\/es\/el-anticristo-esta-en-la-disco-y-la-ibiza-subliminal\/#breadcrumb\"},\"inLanguage\":\"es\",\"potentialAction\":[{\"@type\":\"ReadAction\",\"target\":[\"https:\/\/musica.santjosep.org\/es\/el-anticristo-esta-en-la-disco-y-la-ibiza-subliminal\/\"]}]},{\"@type\":\"ImageObject\",\"inLanguage\":\"es\",\"@id\":\"https:\/\/musica.santjosep.org\/es\/el-anticristo-esta-en-la-disco-y-la-ibiza-subliminal\/#primaryimage\",\"url\":\"https:\/\/musica.santjosep.org\/wp-content\/uploads\/2025\/09\/Dr-Trapero-23.jpg\",\"contentUrl\":\"https:\/\/musica.santjosep.org\/wp-content\/uploads\/2025\/09\/Dr-Trapero-23.jpg\",\"width\":1400,\"height\":933,\"caption\":\"Joan F. Ribas\"},{\"@type\":\"BreadcrumbList\",\"@id\":\"https:\/\/musica.santjosep.org\/es\/el-anticristo-esta-en-la-disco-y-la-ibiza-subliminal\/#breadcrumb\",\"itemListElement\":[{\"@type\":\"ListItem\",\"position\":1,\"name\":\"Portada\",\"item\":\"https:\/\/musica.santjosep.org\/es\/\"},{\"@type\":\"ListItem\",\"position\":2,\"name\":\"\u2018El anticristo est\u00e1 en la disco\u2019 y la Ibiza subliminal\"}]},{\"@type\":\"WebSite\",\"@id\":\"https:\/\/musica.santjosep.org\/es\/#website\",\"url\":\"https:\/\/musica.santjosep.org\/es\/\",\"name\":\"Sant Josep \u00e9s m\u00fasica\",\"description\":\"Informaci\u00f3n actualizada de todos los conciertos, grupos y artistas que act\u00faen tanto en fiestas y festivales, como en establecimientos privados en el municipio de Sant Josep de sa Talaia\",\"publisher\":{\"@id\":\"https:\/\/musica.santjosep.org\/es\/#organization\"},\"potentialAction\":[{\"@type\":\"SearchAction\",\"target\":{\"@type\":\"EntryPoint\",\"urlTemplate\":\"https:\/\/musica.santjosep.org\/es\/?s={search_term_string}\"},\"query-input\":{\"@type\":\"PropertyValueSpecification\",\"valueRequired\":true,\"valueName\":\"search_term_string\"}}],\"inLanguage\":\"es\"},{\"@type\":\"Organization\",\"@id\":\"https:\/\/musica.santjosep.org\/es\/#organization\",\"name\":\"Sant Josep \u00e9s m\u00fasica\",\"url\":\"https:\/\/musica.santjosep.org\/es\/\",\"logo\":{\"@type\":\"ImageObject\",\"inLanguage\":\"es\",\"@id\":\"https:\/\/musica.santjosep.org\/es\/#\/schema\/logo\/image\/\",\"url\":\"https:\/\/musica.santjosep.org\/wp-content\/uploads\/2022\/01\/logo-SJEM.png\",\"contentUrl\":\"https:\/\/musica.santjosep.org\/wp-content\/uploads\/2022\/01\/logo-SJEM.png\",\"width\":213,\"height\":103,\"caption\":\"Sant Josep \u00e9s m\u00fasica\"},\"image\":{\"@id\":\"https:\/\/musica.santjosep.org\/es\/#\/schema\/logo\/image\/\"},\"sameAs\":[\"https:\/\/www.facebook.com\/Sant-Josep-s-Msica-105337042007790\",\"https:\/\/x.com\/MusicaSantJosep\",\"https:\/\/www.instagram.com\/musicasantjosep\/\",\"https:\/\/www.youtube.com\/channel\/UCBSLSUpqfrfsiOMVslmZEJA\"]},{\"@type\":\"Person\",\"@id\":\"https:\/\/musica.santjosep.org\/es\/#\/schema\/person\/0f860b74dd6768c60f67a1aacfe267e3\",\"name\":\"xescu\",\"image\":{\"@type\":\"ImageObject\",\"inLanguage\":\"es\",\"@id\":\"https:\/\/musica.santjosep.org\/es\/#\/schema\/person\/image\/\",\"url\":\"https:\/\/secure.gravatar.com\/avatar\/d569ee5739a9c7022470ea472c9b4b9cf476e15f1be71e5242c911d673d14ad9?s=96&d=mm&r=g\",\"contentUrl\":\"https:\/\/secure.gravatar.com\/avatar\/d569ee5739a9c7022470ea472c9b4b9cf476e15f1be71e5242c911d673d14ad9?s=96&d=mm&r=g\",\"caption\":\"xescu\"}}]}<\/script>\n<!-- \/ Yoast SEO plugin. -->","yoast_head_json":{"title":"\u2018El anticristo est\u00e1 en la disco\u2019 y la Ibiza subliminal - Sant Josep \u00e9s m\u00fasica","robots":{"index":"index","follow":"follow","max-snippet":"max-snippet:-1","max-image-preview":"max-image-preview:large","max-video-preview":"max-video-preview:-1"},"canonical":"https:\/\/musica.santjosep.org\/es\/el-anticristo-esta-en-la-disco-y-la-ibiza-subliminal\/","og_locale":"es_ES","og_type":"article","og_title":"\u2018El anticristo est\u00e1 en la disco\u2019 y la Ibiza subliminal - Sant Josep \u00e9s m\u00fasica","og_description":"Tras la impactante presentaci\u00f3n en Sant Agust\u00ed, el nuevo \u00e1lbum de Doctor Trapero ya es una realidad. Est\u00e1 en las plataformas digitales y se puede adquirir en Can Jordi.","og_url":"https:\/\/musica.santjosep.org\/es\/el-anticristo-esta-en-la-disco-y-la-ibiza-subliminal\/","og_site_name":"Sant Josep \u00e9s m\u00fasica","article_publisher":"https:\/\/www.facebook.com\/Sant-Josep-s-Msica-105337042007790","article_published_time":"2025-09-03T09:03:51+00:00","article_modified_time":"2025-09-03T09:05:36+00:00","og_image":[{"width":1400,"height":933,"url":"https:\/\/musica.santjosep.org\/wp-content\/uploads\/2025\/09\/Dr-Trapero-23.jpg","type":"image\/jpeg"}],"author":"xescu","twitter_card":"summary_large_image","twitter_creator":"@MusicaSantJosep","twitter_site":"@MusicaSantJosep","twitter_misc":{"Escrito por":"xescu","Tiempo de lectura":"8 minutos"},"schema":{"@context":"https:\/\/schema.org","@graph":[{"@type":"Article","@id":"https:\/\/musica.santjosep.org\/es\/el-anticristo-esta-en-la-disco-y-la-ibiza-subliminal\/#article","isPartOf":{"@id":"https:\/\/musica.santjosep.org\/es\/el-anticristo-esta-en-la-disco-y-la-ibiza-subliminal\/"},"author":{"name":"xescu","@id":"https:\/\/musica.santjosep.org\/es\/#\/schema\/person\/0f860b74dd6768c60f67a1aacfe267e3"},"headline":"\u2018El anticristo est\u00e1 en la disco\u2019 y la Ibiza subliminal","datePublished":"2025-09-03T09:03:51+00:00","dateModified":"2025-09-03T09:05:36+00:00","mainEntityOfPage":{"@id":"https:\/\/musica.santjosep.org\/es\/el-anticristo-esta-en-la-disco-y-la-ibiza-subliminal\/"},"wordCount":836,"publisher":{"@id":"https:\/\/musica.santjosep.org\/es\/#organization"},"image":{"@id":"https:\/\/musica.santjosep.org\/es\/el-anticristo-esta-en-la-disco-y-la-ibiza-subliminal\/#primaryimage"},"thumbnailUrl":"https:\/\/musica.santjosep.org\/wp-content\/uploads\/2025\/09\/Dr-Trapero-23.jpg","articleSection":["Actualidad"],"inLanguage":"es"},{"@type":"WebPage","@id":"https:\/\/musica.santjosep.org\/es\/el-anticristo-esta-en-la-disco-y-la-ibiza-subliminal\/","url":"https:\/\/musica.santjosep.org\/es\/el-anticristo-esta-en-la-disco-y-la-ibiza-subliminal\/","name":"\u2018El anticristo est\u00e1 en la disco\u2019 y la Ibiza subliminal - Sant Josep \u00e9s m\u00fasica","isPartOf":{"@id":"https:\/\/musica.santjosep.org\/es\/#website"},"primaryImageOfPage":{"@id":"https:\/\/musica.santjosep.org\/es\/el-anticristo-esta-en-la-disco-y-la-ibiza-subliminal\/#primaryimage"},"image":{"@id":"https:\/\/musica.santjosep.org\/es\/el-anticristo-esta-en-la-disco-y-la-ibiza-subliminal\/#primaryimage"},"thumbnailUrl":"https:\/\/musica.santjosep.org\/wp-content\/uploads\/2025\/09\/Dr-Trapero-23.jpg","datePublished":"2025-09-03T09:03:51+00:00","dateModified":"2025-09-03T09:05:36+00:00","breadcrumb":{"@id":"https:\/\/musica.santjosep.org\/es\/el-anticristo-esta-en-la-disco-y-la-ibiza-subliminal\/#breadcrumb"},"inLanguage":"es","potentialAction":[{"@type":"ReadAction","target":["https:\/\/musica.santjosep.org\/es\/el-anticristo-esta-en-la-disco-y-la-ibiza-subliminal\/"]}]},{"@type":"ImageObject","inLanguage":"es","@id":"https:\/\/musica.santjosep.org\/es\/el-anticristo-esta-en-la-disco-y-la-ibiza-subliminal\/#primaryimage","url":"https:\/\/musica.santjosep.org\/wp-content\/uploads\/2025\/09\/Dr-Trapero-23.jpg","contentUrl":"https:\/\/musica.santjosep.org\/wp-content\/uploads\/2025\/09\/Dr-Trapero-23.jpg","width":1400,"height":933,"caption":"Joan F. Ribas"},{"@type":"BreadcrumbList","@id":"https:\/\/musica.santjosep.org\/es\/el-anticristo-esta-en-la-disco-y-la-ibiza-subliminal\/#breadcrumb","itemListElement":[{"@type":"ListItem","position":1,"name":"Portada","item":"https:\/\/musica.santjosep.org\/es\/"},{"@type":"ListItem","position":2,"name":"\u2018El anticristo est\u00e1 en la disco\u2019 y la Ibiza subliminal"}]},{"@type":"WebSite","@id":"https:\/\/musica.santjosep.org\/es\/#website","url":"https:\/\/musica.santjosep.org\/es\/","name":"Sant Josep \u00e9s m\u00fasica","description":"Informaci\u00f3n actualizada de todos los conciertos, grupos y artistas que act\u00faen tanto en fiestas y festivales, como en establecimientos privados en el municipio de Sant Josep de sa Talaia","publisher":{"@id":"https:\/\/musica.santjosep.org\/es\/#organization"},"potentialAction":[{"@type":"SearchAction","target":{"@type":"EntryPoint","urlTemplate":"https:\/\/musica.santjosep.org\/es\/?s={search_term_string}"},"query-input":{"@type":"PropertyValueSpecification","valueRequired":true,"valueName":"search_term_string"}}],"inLanguage":"es"},{"@type":"Organization","@id":"https:\/\/musica.santjosep.org\/es\/#organization","name":"Sant Josep \u00e9s m\u00fasica","url":"https:\/\/musica.santjosep.org\/es\/","logo":{"@type":"ImageObject","inLanguage":"es","@id":"https:\/\/musica.santjosep.org\/es\/#\/schema\/logo\/image\/","url":"https:\/\/musica.santjosep.org\/wp-content\/uploads\/2022\/01\/logo-SJEM.png","contentUrl":"https:\/\/musica.santjosep.org\/wp-content\/uploads\/2022\/01\/logo-SJEM.png","width":213,"height":103,"caption":"Sant Josep \u00e9s m\u00fasica"},"image":{"@id":"https:\/\/musica.santjosep.org\/es\/#\/schema\/logo\/image\/"},"sameAs":["https:\/\/www.facebook.com\/Sant-Josep-s-Msica-105337042007790","https:\/\/x.com\/MusicaSantJosep","https:\/\/www.instagram.com\/musicasantjosep\/","https:\/\/www.youtube.com\/channel\/UCBSLSUpqfrfsiOMVslmZEJA"]},{"@type":"Person","@id":"https:\/\/musica.santjosep.org\/es\/#\/schema\/person\/0f860b74dd6768c60f67a1aacfe267e3","name":"xescu","image":{"@type":"ImageObject","inLanguage":"es","@id":"https:\/\/musica.santjosep.org\/es\/#\/schema\/person\/image\/","url":"https:\/\/secure.gravatar.com\/avatar\/d569ee5739a9c7022470ea472c9b4b9cf476e15f1be71e5242c911d673d14ad9?s=96&d=mm&r=g","contentUrl":"https:\/\/secure.gravatar.com\/avatar\/d569ee5739a9c7022470ea472c9b4b9cf476e15f1be71e5242c911d673d14ad9?s=96&d=mm&r=g","caption":"xescu"}}]}},"_links":{"self":[{"href":"https:\/\/musica.santjosep.org\/es\/wp-json\/wp\/v2\/posts\/51703","targetHints":{"allow":["GET"]}}],"collection":[{"href":"https:\/\/musica.santjosep.org\/es\/wp-json\/wp\/v2\/posts"}],"about":[{"href":"https:\/\/musica.santjosep.org\/es\/wp-json\/wp\/v2\/types\/post"}],"author":[{"embeddable":true,"href":"https:\/\/musica.santjosep.org\/es\/wp-json\/wp\/v2\/users\/2"}],"replies":[{"embeddable":true,"href":"https:\/\/musica.santjosep.org\/es\/wp-json\/wp\/v2\/comments?post=51703"}],"version-history":[{"count":1,"href":"https:\/\/musica.santjosep.org\/es\/wp-json\/wp\/v2\/posts\/51703\/revisions"}],"predecessor-version":[{"id":51704,"href":"https:\/\/musica.santjosep.org\/es\/wp-json\/wp\/v2\/posts\/51703\/revisions\/51704"}],"wp:featuredmedia":[{"embeddable":true,"href":"https:\/\/musica.santjosep.org\/es\/wp-json\/wp\/v2\/media\/51645"}],"wp:attachment":[{"href":"https:\/\/musica.santjosep.org\/es\/wp-json\/wp\/v2\/media?parent=51703"}],"wp:term":[{"taxonomy":"category","embeddable":true,"href":"https:\/\/musica.santjosep.org\/es\/wp-json\/wp\/v2\/categories?post=51703"},{"taxonomy":"post_tag","embeddable":true,"href":"https:\/\/musica.santjosep.org\/es\/wp-json\/wp\/v2\/tags?post=51703"}],"curies":[{"name":"wp","href":"https:\/\/api.w.org\/{rel}","templated":true}]}}