{"id":51427,"date":"2025-08-15T23:30:44","date_gmt":"2025-08-15T21:30:44","guid":{"rendered":"https:\/\/musica.santjosep.org\/gibson-i-latin-grammy-concedeixen-a-leivissenc-marc-serra-una-de-les-seues-tres-beques-mundials\/"},"modified":"2025-08-15T23:44:57","modified_gmt":"2025-08-15T21:44:57","slug":"gibson-y-latin-grammy-conceden-al-ibicenco-marc-serra-una-de-sus-tres-becas-mundiales","status":"publish","type":"post","link":"https:\/\/musica.santjosep.org\/es\/gibson-y-latin-grammy-conceden-al-ibicenco-marc-serra-una-de-sus-tres-becas-mundiales\/","title":{"rendered":"Gibson y Latin Grammy conceden al ibicenco Marc Serra una de sus tres becas mundiales"},"content":{"rendered":"<p>El joven m\u00fasico de Sant Josep de sa Talaia Marc Serra Bofill, conocido por impulsar el grupo The New Young Polaks, Little Pomegranate Honey y su propio tr\u00edo de jazz, es uno de los tres guitarristas del mundo que este a\u00f1o han recibido una beca Latin Grammy, que esponsoriza Gibson Gives, organismo ben\u00e9fico asociado a la famosa marca norteamericana de instrumentos de cuerda.<\/p>\n<p>Se trata de un reconocimiento extraordinario destinado a estudiantes del instrumento, ya que se presentan m\u00fasicos de todo el planeta y s\u00f3lo tres son elegidos. Marc, que se enter\u00f3 de la noticia coincidiendo con su 19 cumplea\u00f1os, que celebr\u00f3 el pasado 15 de julio, se encuentra en la isla disfrutando de unas merecidas vacaciones, tras terminar con \u00e9xito el primer curso de Composici\u00f3n y Guitarra de Jazz, en el Berklee College of Music de Boston (Estados Unidos). El premio le otorga un total de 12.500 d\u00f3lares, que tiene que destinar a sufragar parte de la matr\u00edcula y los gastos del prestigioso centro universitario estadounidense donde estudia y al que accedi\u00f3 tras superar una dif\u00edcil prueba de acceso. Tambi\u00e9n recibir\u00e1 una guitarra Gibson, aunque por el momento desconoce de qu\u00e9 modelo.<\/p>\n<p>\u201cPara la beca hab\u00eda que enviar dos o tres v\u00eddeos y, al final, eleg\u00ed dos composiciones m\u00edas, una balada llamada \u2018Neria\u2019 y una pieza inspirada en un tumbao cubano titulada \u2018En su tierra\u2019, y otra de Norberto Rodr\u00edguez (extraordinario guitarrista cubano afincado en Ibiza, que ha actuado con artistas tan importantes como Juan Perro y ha ejercido como profesor de Marc), que se llama \u2018C\u00f3mo te extra\u00f1o\u2019 y que arregl\u00e9 de forma sutil, incorporando ritmos de buler\u00eda. La idea era encontrar inspiraci\u00f3n en la m\u00fasica latina, ya que estas becas las convoca Latin Grammy. Grab\u00e9 las tres piezas en la Universidad, junto a varios compa\u00f1eros de estudios\u201d, explica Marc.<\/p>\n<p><iframe loading=\"lazy\" title=\"Ballad\" width=\"1100\" height=\"619\" src=\"https:\/\/www.youtube.com\/embed\/ko5M9QImRok?feature=oembed\" frameborder=\"0\" allow=\"accelerometer; autoplay; clipboard-write; encrypted-media; gyroscope; picture-in-picture; web-share\" referrerpolicy=\"strict-origin-when-cross-origin\" allowfullscreen><\/iframe><\/p>\n<p>\u201cRecibir esta beca es un gran honor, tanto por la ayuda econ\u00f3mica que supone para m\u00ed y para mi familia, como por el prestigio y por incorporarme de esta manera a dos organizaciones tan relevantes en el mundo de la m\u00fasica como son Gibson, que adem\u00e1s es mi marca preferida de guitarras, y Latin Grammy\u201d, a\u00f1ade el joven ibicenco.<\/p>\n<p>Adem\u00e1s de Marc Serra, han recibido la beca dos m\u00fasicos brasile\u00f1os: Eduardo de Abreu Moro (New York University) y Jo\u00e3o Vitor Nunes Le\u00e3o (Faculdade de M\u00fasica Souza Lima). Esta semana, desde los perfiles en Instagram de Gibson y Gibson en espa\u00f1ol, as\u00ed como de Latin Grammy Foundation, se han publicado las identidades de los ganadores, traslad\u00e1ndoles su felicitaci\u00f3n. Aglutinan a un p\u00fablico que supera los tres millones de seguidores.<\/p>\n<p><img loading=\"lazy\" decoding=\"async\" class=\"alignnone wp-image-51420 size-full\" src=\"https:\/\/musica.santjosep.org\/wp-content\/uploads\/2025\/08\/IMG_8633.jpg\" alt=\"\" width=\"1290\" height=\"1604\" srcset=\"https:\/\/musica.santjosep.org\/wp-content\/uploads\/2025\/08\/IMG_8633.jpg 1290w, https:\/\/musica.santjosep.org\/wp-content\/uploads\/2025\/08\/IMG_8633-241x300.jpg 241w, https:\/\/musica.santjosep.org\/wp-content\/uploads\/2025\/08\/IMG_8633-824x1024.jpg 824w, https:\/\/musica.santjosep.org\/wp-content\/uploads\/2025\/08\/IMG_8633-768x955.jpg 768w, https:\/\/musica.santjosep.org\/wp-content\/uploads\/2025\/08\/IMG_8633-1235x1536.jpg 1235w\" sizes=\"auto, (max-width: 1290px) 100vw, 1290px\" \/><\/p>\n<p>Marc Serra, que forma parte de la familia de Can Creu, en el barrio de Cas Puvils, es uno de los m\u00fasicos j\u00f3venes nacidos en la isla que llevan una de las carreras m\u00e1s prometedoras y mete\u00f3ricas. En 2021, cuando ten\u00eda tan s\u00f3lo 15 a\u00f1os, form\u00f3 el grupo The New Young Polaks junto a Toni L\u00f3pez (bater\u00eda), A\u0301ngel Lo\u0301pez (voz) y Rau\u0301l Torres (bajo). Sus principales influencias eran el rock y el blues de los a\u00f1os sesenta y setenta, presentando versiones de bandas como Led Zeppelin, The Rolling Stones, Eric Clapton, The Who, Jimi Hendrix\u2026 Un repertorio que no dejaba de sorprender a quienes pudieron disfrutar de sus primeros conciertos en Can Jordi, ya que todos los integrantes de la formaci\u00f3n eran menores de edad y se deleitaban con una m\u00fasica creada muchas d\u00e9cadas antes de que todos ellos nacieran.<\/p>\n<p>En 2023, los Polaks lanzaron su primer \u00e1lbum hom\u00f3nimo, con nueve canciones, la mayor parte de ellas con m\u00fasica compuesta por Marc y letras de su hermano, Joan Serra Bofill, que es dise\u00f1ador, modelista de miniaturas, poeta e historiador, entre otras facetas, y que actualmente reside en Londres. Cuando todos los integrantes de la formaci\u00f3n se fueron marchando fuera a cursar sus estudios universitarios, el grupo se tom\u00f3 un descanso. Sin embargo, cada vez que Marc viene a la isla, suele actuar con otra banda que ha creado junto a m\u00fasicos veteranos llamada Little Pomegranate Honey (Mel de Magraneta). Con esta formaci\u00f3n canta y toca la guitarra, acompa\u00f1ado por V\u00edctor Gresely (teclados), Jos\u00e9 David Cruz (guitarra, arm\u00f3nica y coros), Rafa Bonet (bajo) y Luis R. del Cerro (bater\u00eda).<\/p>\n<p>Todos aquellos que quieran disfrutar de la destreza de Marc a la guitarra, el pr\u00f3ximo jueves, 21 de agosto, a las 20,30 horas, pueden escucharlo en vivo en el escenario de Rac\u00f3 Verd, con su tr\u00edo de jazz, en el que tambi\u00e9n militan el pianista V\u00edctor Gresely y el percusionista Javier Roig.<\/p>\n<p>Toda una haza\u00f1a por la que, desde Sant Josep \u00e9s M\u00fasica, le felicitamos efusivamente. \u00a1Enhorabuena Marc!<\/p>\n<p><img loading=\"lazy\" decoding=\"async\" class=\"alignnone wp-image-51422 size-full\" src=\"https:\/\/musica.santjosep.org\/wp-content\/uploads\/2025\/08\/WhatsApp-Image-2025-08-08-at-19.05.47-scaled.jpeg\" alt=\"\" width=\"2560\" height=\"2560\" srcset=\"https:\/\/musica.santjosep.org\/wp-content\/uploads\/2025\/08\/WhatsApp-Image-2025-08-08-at-19.05.47-scaled.jpeg 2560w, https:\/\/musica.santjosep.org\/wp-content\/uploads\/2025\/08\/WhatsApp-Image-2025-08-08-at-19.05.47-300x300.jpeg 300w, https:\/\/musica.santjosep.org\/wp-content\/uploads\/2025\/08\/WhatsApp-Image-2025-08-08-at-19.05.47-1024x1024.jpeg 1024w, https:\/\/musica.santjosep.org\/wp-content\/uploads\/2025\/08\/WhatsApp-Image-2025-08-08-at-19.05.47-150x150.jpeg 150w, https:\/\/musica.santjosep.org\/wp-content\/uploads\/2025\/08\/WhatsApp-Image-2025-08-08-at-19.05.47-768x768.jpeg 768w, https:\/\/musica.santjosep.org\/wp-content\/uploads\/2025\/08\/WhatsApp-Image-2025-08-08-at-19.05.47-1536x1536.jpeg 1536w, https:\/\/musica.santjosep.org\/wp-content\/uploads\/2025\/08\/WhatsApp-Image-2025-08-08-at-19.05.47-550x550.jpeg 550w, https:\/\/musica.santjosep.org\/wp-content\/uploads\/2025\/08\/WhatsApp-Image-2025-08-08-at-19.05.47-1100x1100.jpeg 1100w\" sizes=\"auto, (max-width: 2560px) 100vw, 2560px\" \/><\/p>\n","protected":false},"excerpt":{"rendered":"<p>El joven guitarrista de Sant Josep, que estudia en el Berklee College of Music de Boston, ha sido elegido junto a dos brasile\u00f1os, entre promesas de todo el planeta.<\/p>\n","protected":false},"author":2,"featured_media":51425,"comment_status":"closed","ping_status":"closed","sticky":false,"template":"","format":"standard","meta":{"_acf_changed":false,"footnotes":""},"categories":[14],"tags":[],"class_list":["post-51427","post","type-post","status-publish","format-standard","has-post-thumbnail","hentry","category-actualidad"],"acf":[],"yoast_head":"<!-- This site is optimized with the Yoast SEO plugin v26.6 - https:\/\/yoast.com\/wordpress\/plugins\/seo\/ -->\n<title>Gibson y Latin Grammy conceden al ibicenco Marc Serra una de sus tres becas mundiales - Sant Josep \u00e9s m\u00fasica<\/title>\n<meta name=\"robots\" content=\"index, follow, max-snippet:-1, max-image-preview:large, max-video-preview:-1\" \/>\n<link rel=\"canonical\" href=\"https:\/\/musica.santjosep.org\/es\/gibson-y-latin-grammy-conceden-al-ibicenco-marc-serra-una-de-sus-tres-becas-mundiales\/\" \/>\n<meta property=\"og:locale\" content=\"es_ES\" \/>\n<meta property=\"og:type\" content=\"article\" \/>\n<meta property=\"og:title\" content=\"Gibson y Latin Grammy conceden al ibicenco Marc Serra una de sus tres becas mundiales - Sant Josep \u00e9s m\u00fasica\" \/>\n<meta property=\"og:description\" content=\"El joven guitarrista de Sant Josep, que estudia en el Berklee College of Music de Boston, ha sido elegido junto a dos brasile\u00f1os, entre promesas de todo el planeta.\" \/>\n<meta property=\"og:url\" content=\"https:\/\/musica.santjosep.org\/es\/gibson-y-latin-grammy-conceden-al-ibicenco-marc-serra-una-de-sus-tres-becas-mundiales\/\" \/>\n<meta property=\"og:site_name\" content=\"Sant Josep \u00e9s m\u00fasica\" \/>\n<meta property=\"article:publisher\" content=\"https:\/\/www.facebook.com\/Sant-Josep-s-Msica-105337042007790\" \/>\n<meta property=\"article:published_time\" content=\"2025-08-15T21:30:44+00:00\" \/>\n<meta property=\"article:modified_time\" content=\"2025-08-15T21:44:57+00:00\" \/>\n<meta property=\"og:image\" content=\"https:\/\/musica.santjosep.org\/wp-content\/uploads\/2025\/08\/Little-Pomegranate-Honey-3.jpg\" \/>\n\t<meta property=\"og:image:width\" content=\"1400\" \/>\n\t<meta property=\"og:image:height\" content=\"933\" \/>\n\t<meta property=\"og:image:type\" content=\"image\/jpeg\" \/>\n<meta name=\"author\" content=\"xescu\" \/>\n<meta name=\"twitter:card\" content=\"summary_large_image\" \/>\n<meta name=\"twitter:creator\" content=\"@MusicaSantJosep\" \/>\n<meta name=\"twitter:site\" content=\"@MusicaSantJosep\" \/>\n<meta name=\"twitter:label1\" content=\"Escrito por\" \/>\n\t<meta name=\"twitter:data1\" content=\"xescu\" \/>\n\t<meta name=\"twitter:label2\" content=\"Tiempo de lectura\" \/>\n\t<meta name=\"twitter:data2\" content=\"5 minutos\" \/>\n<script type=\"application\/ld+json\" class=\"yoast-schema-graph\">{\"@context\":\"https:\/\/schema.org\",\"@graph\":[{\"@type\":\"Article\",\"@id\":\"https:\/\/musica.santjosep.org\/es\/gibson-y-latin-grammy-conceden-al-ibicenco-marc-serra-una-de-sus-tres-becas-mundiales\/#article\",\"isPartOf\":{\"@id\":\"https:\/\/musica.santjosep.org\/es\/gibson-y-latin-grammy-conceden-al-ibicenco-marc-serra-una-de-sus-tres-becas-mundiales\/\"},\"author\":{\"name\":\"xescu\",\"@id\":\"https:\/\/musica.santjosep.org\/es\/#\/schema\/person\/0f860b74dd6768c60f67a1aacfe267e3\"},\"headline\":\"Gibson y Latin Grammy conceden al ibicenco Marc Serra una de sus tres becas mundiales\",\"datePublished\":\"2025-08-15T21:30:44+00:00\",\"dateModified\":\"2025-08-15T21:44:57+00:00\",\"mainEntityOfPage\":{\"@id\":\"https:\/\/musica.santjosep.org\/es\/gibson-y-latin-grammy-conceden-al-ibicenco-marc-serra-una-de-sus-tres-becas-mundiales\/\"},\"wordCount\":851,\"publisher\":{\"@id\":\"https:\/\/musica.santjosep.org\/es\/#organization\"},\"image\":{\"@id\":\"https:\/\/musica.santjosep.org\/es\/gibson-y-latin-grammy-conceden-al-ibicenco-marc-serra-una-de-sus-tres-becas-mundiales\/#primaryimage\"},\"thumbnailUrl\":\"https:\/\/musica.santjosep.org\/wp-content\/uploads\/2025\/08\/Little-Pomegranate-Honey-3.jpg\",\"articleSection\":[\"Actualidad\"],\"inLanguage\":\"es\"},{\"@type\":\"WebPage\",\"@id\":\"https:\/\/musica.santjosep.org\/es\/gibson-y-latin-grammy-conceden-al-ibicenco-marc-serra-una-de-sus-tres-becas-mundiales\/\",\"url\":\"https:\/\/musica.santjosep.org\/es\/gibson-y-latin-grammy-conceden-al-ibicenco-marc-serra-una-de-sus-tres-becas-mundiales\/\",\"name\":\"Gibson y Latin Grammy conceden al ibicenco Marc Serra una de sus tres becas mundiales - Sant Josep \u00e9s m\u00fasica\",\"isPartOf\":{\"@id\":\"https:\/\/musica.santjosep.org\/es\/#website\"},\"primaryImageOfPage\":{\"@id\":\"https:\/\/musica.santjosep.org\/es\/gibson-y-latin-grammy-conceden-al-ibicenco-marc-serra-una-de-sus-tres-becas-mundiales\/#primaryimage\"},\"image\":{\"@id\":\"https:\/\/musica.santjosep.org\/es\/gibson-y-latin-grammy-conceden-al-ibicenco-marc-serra-una-de-sus-tres-becas-mundiales\/#primaryimage\"},\"thumbnailUrl\":\"https:\/\/musica.santjosep.org\/wp-content\/uploads\/2025\/08\/Little-Pomegranate-Honey-3.jpg\",\"datePublished\":\"2025-08-15T21:30:44+00:00\",\"dateModified\":\"2025-08-15T21:44:57+00:00\",\"breadcrumb\":{\"@id\":\"https:\/\/musica.santjosep.org\/es\/gibson-y-latin-grammy-conceden-al-ibicenco-marc-serra-una-de-sus-tres-becas-mundiales\/#breadcrumb\"},\"inLanguage\":\"es\",\"potentialAction\":[{\"@type\":\"ReadAction\",\"target\":[\"https:\/\/musica.santjosep.org\/es\/gibson-y-latin-grammy-conceden-al-ibicenco-marc-serra-una-de-sus-tres-becas-mundiales\/\"]}]},{\"@type\":\"ImageObject\",\"inLanguage\":\"es\",\"@id\":\"https:\/\/musica.santjosep.org\/es\/gibson-y-latin-grammy-conceden-al-ibicenco-marc-serra-una-de-sus-tres-becas-mundiales\/#primaryimage\",\"url\":\"https:\/\/musica.santjosep.org\/wp-content\/uploads\/2025\/08\/Little-Pomegranate-Honey-3.jpg\",\"contentUrl\":\"https:\/\/musica.santjosep.org\/wp-content\/uploads\/2025\/08\/Little-Pomegranate-Honey-3.jpg\",\"width\":1400,\"height\":933,\"caption\":\"Joan F. Ribas\"},{\"@type\":\"BreadcrumbList\",\"@id\":\"https:\/\/musica.santjosep.org\/es\/gibson-y-latin-grammy-conceden-al-ibicenco-marc-serra-una-de-sus-tres-becas-mundiales\/#breadcrumb\",\"itemListElement\":[{\"@type\":\"ListItem\",\"position\":1,\"name\":\"Portada\",\"item\":\"https:\/\/musica.santjosep.org\/es\/\"},{\"@type\":\"ListItem\",\"position\":2,\"name\":\"Gibson y Latin Grammy conceden al ibicenco Marc Serra una de sus tres becas mundiales\"}]},{\"@type\":\"WebSite\",\"@id\":\"https:\/\/musica.santjosep.org\/es\/#website\",\"url\":\"https:\/\/musica.santjosep.org\/es\/\",\"name\":\"Sant Josep \u00e9s m\u00fasica\",\"description\":\"Informaci\u00f3n actualizada de todos los conciertos, grupos y artistas que act\u00faen tanto en fiestas y festivales, como en establecimientos privados en el municipio de Sant Josep de sa Talaia\",\"publisher\":{\"@id\":\"https:\/\/musica.santjosep.org\/es\/#organization\"},\"potentialAction\":[{\"@type\":\"SearchAction\",\"target\":{\"@type\":\"EntryPoint\",\"urlTemplate\":\"https:\/\/musica.santjosep.org\/es\/?s={search_term_string}\"},\"query-input\":{\"@type\":\"PropertyValueSpecification\",\"valueRequired\":true,\"valueName\":\"search_term_string\"}}],\"inLanguage\":\"es\"},{\"@type\":\"Organization\",\"@id\":\"https:\/\/musica.santjosep.org\/es\/#organization\",\"name\":\"Sant Josep \u00e9s m\u00fasica\",\"url\":\"https:\/\/musica.santjosep.org\/es\/\",\"logo\":{\"@type\":\"ImageObject\",\"inLanguage\":\"es\",\"@id\":\"https:\/\/musica.santjosep.org\/es\/#\/schema\/logo\/image\/\",\"url\":\"https:\/\/musica.santjosep.org\/wp-content\/uploads\/2022\/01\/logo-SJEM.png\",\"contentUrl\":\"https:\/\/musica.santjosep.org\/wp-content\/uploads\/2022\/01\/logo-SJEM.png\",\"width\":213,\"height\":103,\"caption\":\"Sant Josep \u00e9s m\u00fasica\"},\"image\":{\"@id\":\"https:\/\/musica.santjosep.org\/es\/#\/schema\/logo\/image\/\"},\"sameAs\":[\"https:\/\/www.facebook.com\/Sant-Josep-s-Msica-105337042007790\",\"https:\/\/x.com\/MusicaSantJosep\",\"https:\/\/www.instagram.com\/musicasantjosep\/\",\"https:\/\/www.youtube.com\/channel\/UCBSLSUpqfrfsiOMVslmZEJA\"]},{\"@type\":\"Person\",\"@id\":\"https:\/\/musica.santjosep.org\/es\/#\/schema\/person\/0f860b74dd6768c60f67a1aacfe267e3\",\"name\":\"xescu\",\"image\":{\"@type\":\"ImageObject\",\"inLanguage\":\"es\",\"@id\":\"https:\/\/musica.santjosep.org\/es\/#\/schema\/person\/image\/\",\"url\":\"https:\/\/secure.gravatar.com\/avatar\/d569ee5739a9c7022470ea472c9b4b9cf476e15f1be71e5242c911d673d14ad9?s=96&d=mm&r=g\",\"contentUrl\":\"https:\/\/secure.gravatar.com\/avatar\/d569ee5739a9c7022470ea472c9b4b9cf476e15f1be71e5242c911d673d14ad9?s=96&d=mm&r=g\",\"caption\":\"xescu\"}}]}<\/script>\n<!-- \/ Yoast SEO plugin. -->","yoast_head_json":{"title":"Gibson y Latin Grammy conceden al ibicenco Marc Serra una de sus tres becas mundiales - Sant Josep \u00e9s m\u00fasica","robots":{"index":"index","follow":"follow","max-snippet":"max-snippet:-1","max-image-preview":"max-image-preview:large","max-video-preview":"max-video-preview:-1"},"canonical":"https:\/\/musica.santjosep.org\/es\/gibson-y-latin-grammy-conceden-al-ibicenco-marc-serra-una-de-sus-tres-becas-mundiales\/","og_locale":"es_ES","og_type":"article","og_title":"Gibson y Latin Grammy conceden al ibicenco Marc Serra una de sus tres becas mundiales - Sant Josep \u00e9s m\u00fasica","og_description":"El joven guitarrista de Sant Josep, que estudia en el Berklee College of Music de Boston, ha sido elegido junto a dos brasile\u00f1os, entre promesas de todo el planeta.","og_url":"https:\/\/musica.santjosep.org\/es\/gibson-y-latin-grammy-conceden-al-ibicenco-marc-serra-una-de-sus-tres-becas-mundiales\/","og_site_name":"Sant Josep \u00e9s m\u00fasica","article_publisher":"https:\/\/www.facebook.com\/Sant-Josep-s-Msica-105337042007790","article_published_time":"2025-08-15T21:30:44+00:00","article_modified_time":"2025-08-15T21:44:57+00:00","og_image":[{"width":1400,"height":933,"url":"https:\/\/musica.santjosep.org\/wp-content\/uploads\/2025\/08\/Little-Pomegranate-Honey-3.jpg","type":"image\/jpeg"}],"author":"xescu","twitter_card":"summary_large_image","twitter_creator":"@MusicaSantJosep","twitter_site":"@MusicaSantJosep","twitter_misc":{"Escrito por":"xescu","Tiempo de lectura":"5 minutos"},"schema":{"@context":"https:\/\/schema.org","@graph":[{"@type":"Article","@id":"https:\/\/musica.santjosep.org\/es\/gibson-y-latin-grammy-conceden-al-ibicenco-marc-serra-una-de-sus-tres-becas-mundiales\/#article","isPartOf":{"@id":"https:\/\/musica.santjosep.org\/es\/gibson-y-latin-grammy-conceden-al-ibicenco-marc-serra-una-de-sus-tres-becas-mundiales\/"},"author":{"name":"xescu","@id":"https:\/\/musica.santjosep.org\/es\/#\/schema\/person\/0f860b74dd6768c60f67a1aacfe267e3"},"headline":"Gibson y Latin Grammy conceden al ibicenco Marc Serra una de sus tres becas mundiales","datePublished":"2025-08-15T21:30:44+00:00","dateModified":"2025-08-15T21:44:57+00:00","mainEntityOfPage":{"@id":"https:\/\/musica.santjosep.org\/es\/gibson-y-latin-grammy-conceden-al-ibicenco-marc-serra-una-de-sus-tres-becas-mundiales\/"},"wordCount":851,"publisher":{"@id":"https:\/\/musica.santjosep.org\/es\/#organization"},"image":{"@id":"https:\/\/musica.santjosep.org\/es\/gibson-y-latin-grammy-conceden-al-ibicenco-marc-serra-una-de-sus-tres-becas-mundiales\/#primaryimage"},"thumbnailUrl":"https:\/\/musica.santjosep.org\/wp-content\/uploads\/2025\/08\/Little-Pomegranate-Honey-3.jpg","articleSection":["Actualidad"],"inLanguage":"es"},{"@type":"WebPage","@id":"https:\/\/musica.santjosep.org\/es\/gibson-y-latin-grammy-conceden-al-ibicenco-marc-serra-una-de-sus-tres-becas-mundiales\/","url":"https:\/\/musica.santjosep.org\/es\/gibson-y-latin-grammy-conceden-al-ibicenco-marc-serra-una-de-sus-tres-becas-mundiales\/","name":"Gibson y Latin Grammy conceden al ibicenco Marc Serra una de sus tres becas mundiales - Sant Josep \u00e9s m\u00fasica","isPartOf":{"@id":"https:\/\/musica.santjosep.org\/es\/#website"},"primaryImageOfPage":{"@id":"https:\/\/musica.santjosep.org\/es\/gibson-y-latin-grammy-conceden-al-ibicenco-marc-serra-una-de-sus-tres-becas-mundiales\/#primaryimage"},"image":{"@id":"https:\/\/musica.santjosep.org\/es\/gibson-y-latin-grammy-conceden-al-ibicenco-marc-serra-una-de-sus-tres-becas-mundiales\/#primaryimage"},"thumbnailUrl":"https:\/\/musica.santjosep.org\/wp-content\/uploads\/2025\/08\/Little-Pomegranate-Honey-3.jpg","datePublished":"2025-08-15T21:30:44+00:00","dateModified":"2025-08-15T21:44:57+00:00","breadcrumb":{"@id":"https:\/\/musica.santjosep.org\/es\/gibson-y-latin-grammy-conceden-al-ibicenco-marc-serra-una-de-sus-tres-becas-mundiales\/#breadcrumb"},"inLanguage":"es","potentialAction":[{"@type":"ReadAction","target":["https:\/\/musica.santjosep.org\/es\/gibson-y-latin-grammy-conceden-al-ibicenco-marc-serra-una-de-sus-tres-becas-mundiales\/"]}]},{"@type":"ImageObject","inLanguage":"es","@id":"https:\/\/musica.santjosep.org\/es\/gibson-y-latin-grammy-conceden-al-ibicenco-marc-serra-una-de-sus-tres-becas-mundiales\/#primaryimage","url":"https:\/\/musica.santjosep.org\/wp-content\/uploads\/2025\/08\/Little-Pomegranate-Honey-3.jpg","contentUrl":"https:\/\/musica.santjosep.org\/wp-content\/uploads\/2025\/08\/Little-Pomegranate-Honey-3.jpg","width":1400,"height":933,"caption":"Joan F. Ribas"},{"@type":"BreadcrumbList","@id":"https:\/\/musica.santjosep.org\/es\/gibson-y-latin-grammy-conceden-al-ibicenco-marc-serra-una-de-sus-tres-becas-mundiales\/#breadcrumb","itemListElement":[{"@type":"ListItem","position":1,"name":"Portada","item":"https:\/\/musica.santjosep.org\/es\/"},{"@type":"ListItem","position":2,"name":"Gibson y Latin Grammy conceden al ibicenco Marc Serra una de sus tres becas mundiales"}]},{"@type":"WebSite","@id":"https:\/\/musica.santjosep.org\/es\/#website","url":"https:\/\/musica.santjosep.org\/es\/","name":"Sant Josep \u00e9s m\u00fasica","description":"Informaci\u00f3n actualizada de todos los conciertos, grupos y artistas que act\u00faen tanto en fiestas y festivales, como en establecimientos privados en el municipio de Sant Josep de sa Talaia","publisher":{"@id":"https:\/\/musica.santjosep.org\/es\/#organization"},"potentialAction":[{"@type":"SearchAction","target":{"@type":"EntryPoint","urlTemplate":"https:\/\/musica.santjosep.org\/es\/?s={search_term_string}"},"query-input":{"@type":"PropertyValueSpecification","valueRequired":true,"valueName":"search_term_string"}}],"inLanguage":"es"},{"@type":"Organization","@id":"https:\/\/musica.santjosep.org\/es\/#organization","name":"Sant Josep \u00e9s m\u00fasica","url":"https:\/\/musica.santjosep.org\/es\/","logo":{"@type":"ImageObject","inLanguage":"es","@id":"https:\/\/musica.santjosep.org\/es\/#\/schema\/logo\/image\/","url":"https:\/\/musica.santjosep.org\/wp-content\/uploads\/2022\/01\/logo-SJEM.png","contentUrl":"https:\/\/musica.santjosep.org\/wp-content\/uploads\/2022\/01\/logo-SJEM.png","width":213,"height":103,"caption":"Sant Josep \u00e9s m\u00fasica"},"image":{"@id":"https:\/\/musica.santjosep.org\/es\/#\/schema\/logo\/image\/"},"sameAs":["https:\/\/www.facebook.com\/Sant-Josep-s-Msica-105337042007790","https:\/\/x.com\/MusicaSantJosep","https:\/\/www.instagram.com\/musicasantjosep\/","https:\/\/www.youtube.com\/channel\/UCBSLSUpqfrfsiOMVslmZEJA"]},{"@type":"Person","@id":"https:\/\/musica.santjosep.org\/es\/#\/schema\/person\/0f860b74dd6768c60f67a1aacfe267e3","name":"xescu","image":{"@type":"ImageObject","inLanguage":"es","@id":"https:\/\/musica.santjosep.org\/es\/#\/schema\/person\/image\/","url":"https:\/\/secure.gravatar.com\/avatar\/d569ee5739a9c7022470ea472c9b4b9cf476e15f1be71e5242c911d673d14ad9?s=96&d=mm&r=g","contentUrl":"https:\/\/secure.gravatar.com\/avatar\/d569ee5739a9c7022470ea472c9b4b9cf476e15f1be71e5242c911d673d14ad9?s=96&d=mm&r=g","caption":"xescu"}}]}},"_links":{"self":[{"href":"https:\/\/musica.santjosep.org\/es\/wp-json\/wp\/v2\/posts\/51427","targetHints":{"allow":["GET"]}}],"collection":[{"href":"https:\/\/musica.santjosep.org\/es\/wp-json\/wp\/v2\/posts"}],"about":[{"href":"https:\/\/musica.santjosep.org\/es\/wp-json\/wp\/v2\/types\/post"}],"author":[{"embeddable":true,"href":"https:\/\/musica.santjosep.org\/es\/wp-json\/wp\/v2\/users\/2"}],"replies":[{"embeddable":true,"href":"https:\/\/musica.santjosep.org\/es\/wp-json\/wp\/v2\/comments?post=51427"}],"version-history":[{"count":3,"href":"https:\/\/musica.santjosep.org\/es\/wp-json\/wp\/v2\/posts\/51427\/revisions"}],"predecessor-version":[{"id":51430,"href":"https:\/\/musica.santjosep.org\/es\/wp-json\/wp\/v2\/posts\/51427\/revisions\/51430"}],"wp:featuredmedia":[{"embeddable":true,"href":"https:\/\/musica.santjosep.org\/es\/wp-json\/wp\/v2\/media\/51425"}],"wp:attachment":[{"href":"https:\/\/musica.santjosep.org\/es\/wp-json\/wp\/v2\/media?parent=51427"}],"wp:term":[{"taxonomy":"category","embeddable":true,"href":"https:\/\/musica.santjosep.org\/es\/wp-json\/wp\/v2\/categories?post=51427"},{"taxonomy":"post_tag","embeddable":true,"href":"https:\/\/musica.santjosep.org\/es\/wp-json\/wp\/v2\/tags?post=51427"}],"curies":[{"name":"wp","href":"https:\/\/api.w.org\/{rel}","templated":true}]}}