{"id":50221,"date":"2025-07-03T13:55:14","date_gmt":"2025-07-03T11:55:14","guid":{"rendered":"https:\/\/musica.santjosep.org\/?p=50221"},"modified":"2025-07-03T14:03:00","modified_gmt":"2025-07-03T12:03:00","slug":"asi-suena-horizonte-el-nuevo-single-de-billy-flamingos","status":"publish","type":"post","link":"https:\/\/musica.santjosep.org\/es\/asi-suena-horizonte-el-nuevo-single-de-billy-flamingos\/","title":{"rendered":"As\u00ed suena \u2018Horizonte\u2019, el nuevo single de Billy Flamingos"},"content":{"rendered":"<p>El grupo ibicenco de rock <a href=\"https:\/\/musica.santjosep.org\/es\/musicos\/billy-flamingos\/\" target=\"_blank\" rel=\"noopener\">Billy Flamingos<\/a> acaba de publicar en las principales plataformas de m\u00fasica por <em>streaming<\/em> un nuevo single titulado \u2018Horizonte\u2019. Lo han grabado en Magrana Studios, con la producci\u00f3n de Omar Gisbert, y mantiene la potencia musical caracter\u00edstica de la banda. En el proceso han participado los tres actuales integrantes del grupo: Guille Podev\u00edn (voz y guitarra), Jos\u00e9 David Cruz (guitarra) y \u00c1lex Costa (bater\u00eda).<\/p>\n<p>La canci\u00f3n formar\u00e1 parte de su tercer \u00e1lbum, llamado <em>Linde<\/em>, que saldr\u00e1 al mercado a lo largo de este a\u00f1o. \u2018Horizonte\u2019 llega tras las canciones \u2018Sushi Shock\u2019 y &#8216;Tiro al blanco&#8217;, publicadas en abril y mayo, respectivamente. El dise\u00f1o de la portada es obra de Claudio Roncoli. El disco se presentar\u00e1 el 19 de septiembre, con un concierto en la c\u00e9ntrica Sala Cadavra de Madrid (C\/ Caballero de Gracia, 10), y tambi\u00e9n han anunciado su presencia en el Sonorama Ribera Goes to Ibiza, el primer fin de semana de octubre.<\/p>\n<p><iframe loading=\"lazy\" title=\"Horizonte\" width=\"1100\" height=\"825\" src=\"https:\/\/www.youtube.com\/embed\/vlcnNHI19VQ?feature=oembed\" frameborder=\"0\" allow=\"accelerometer; autoplay; clipboard-write; encrypted-media; gyroscope; picture-in-picture; web-share\" referrerpolicy=\"strict-origin-when-cross-origin\" allowfullscreen><\/iframe><\/p>\n<p>Billy Flamingos definen <em>Linde<\/em> como \u201cun proyecto madurado que explora la ruptura con lo conocido y la construcci\u00f3n de nuevas realidades, combinando el rock afilado con la sensibilidad indie y la atm\u00f3sfera hipn\u00f3tica del stoner crudo\u201d. \u2018Horizonte\u2019, por su parte, la han descrito en sus redes sociales como \u201cuna canci\u00f3n sobre lo que se rompe, lo que arde, lo que no se dice y lo que a\u00fan puede renacer\u201d.<\/p>\n<p>La banda Billy Flamingos naci\u00f3 en Ibiza en 2017 y practica un rock crudo y potente, que ya le ha llevado a tocar por distintos escenarios del pa\u00eds. Ese mismo a\u00f1o public\u00f3 un primer \u00e1lbum hom\u00f3nimo y en 2023 lleg\u00f3 el segundo, <em>Oscuro baile de sal\u00f3n<\/em>.<\/p>\n<p>La primera formaci\u00f3n de la banda la compon\u00edan Guille Podev\u00edn (voz y guitarra), Adri\u00e1n Pedreira (bajo), Mariano Costa (guitarra) y Miquel Serra (bater\u00eda). Tras la marcha de Mariano y Miquel, a Guille y Adri\u00e1n se les sumaron el bater\u00eda \u00c1lex Costa y el guitarrista Jos\u00e9 David Cruz, aunque en fechas recientes el grupo ha quedado establecido como tr\u00edo, con Guille, \u00c1lex y Jos\u00e9 David.<\/p>\n<p><img loading=\"lazy\" decoding=\"async\" class=\"alignnone wp-image-50222 size-full\" src=\"https:\/\/musica.santjosep.org\/wp-content\/uploads\/2025\/07\/508711544_18350846899156111_1765537058822166615_n.jpg\" alt=\"\" width=\"1440\" height=\"1802\" srcset=\"https:\/\/musica.santjosep.org\/wp-content\/uploads\/2025\/07\/508711544_18350846899156111_1765537058822166615_n.jpg 1440w, https:\/\/musica.santjosep.org\/wp-content\/uploads\/2025\/07\/508711544_18350846899156111_1765537058822166615_n-240x300.jpg 240w, https:\/\/musica.santjosep.org\/wp-content\/uploads\/2025\/07\/508711544_18350846899156111_1765537058822166615_n-818x1024.jpg 818w, https:\/\/musica.santjosep.org\/wp-content\/uploads\/2025\/07\/508711544_18350846899156111_1765537058822166615_n-768x961.jpg 768w, https:\/\/musica.santjosep.org\/wp-content\/uploads\/2025\/07\/508711544_18350846899156111_1765537058822166615_n-1227x1536.jpg 1227w\" sizes=\"auto, (max-width: 1440px) 100vw, 1440px\" \/><\/p>\n","protected":false},"excerpt":{"rendered":"<p>La canci\u00f3n se ha grabado en Magrana Studios, con la producci\u00f3n de Omar Gisbert, y formar\u00e1 parte de su nuevo \u00e1lbum, &#8216;Linde&#8217;, que presentan en Madrid en septiembre.<\/p>\n","protected":false},"author":2,"featured_media":50200,"comment_status":"closed","ping_status":"closed","sticky":false,"template":"","format":"standard","meta":{"_acf_changed":false,"footnotes":""},"categories":[14],"tags":[],"class_list":["post-50221","post","type-post","status-publish","format-standard","has-post-thumbnail","hentry","category-actualidad"],"acf":[],"yoast_head":"<!-- This site is optimized with the Yoast SEO plugin v26.6 - https:\/\/yoast.com\/wordpress\/plugins\/seo\/ -->\n<title>As\u00ed suena \u2018Horizonte\u2019, el nuevo single de Billy Flamingos - Sant Josep \u00e9s m\u00fasica<\/title>\n<meta name=\"robots\" content=\"index, follow, max-snippet:-1, max-image-preview:large, max-video-preview:-1\" \/>\n<link rel=\"canonical\" href=\"https:\/\/musica.santjosep.org\/es\/asi-suena-horizonte-el-nuevo-single-de-billy-flamingos\/\" \/>\n<meta property=\"og:locale\" content=\"es_ES\" \/>\n<meta property=\"og:type\" content=\"article\" \/>\n<meta property=\"og:title\" content=\"As\u00ed suena \u2018Horizonte\u2019, el nuevo single de Billy Flamingos - Sant Josep \u00e9s m\u00fasica\" \/>\n<meta property=\"og:description\" content=\"La canci\u00f3n se ha grabado en Magrana Studios, con la producci\u00f3n de Omar Gisbert, y formar\u00e1 parte de su nuevo \u00e1lbum, &#039;Linde&#039;, que presentan en Madrid en septiembre.\" \/>\n<meta property=\"og:url\" content=\"https:\/\/musica.santjosep.org\/es\/asi-suena-horizonte-el-nuevo-single-de-billy-flamingos\/\" \/>\n<meta property=\"og:site_name\" content=\"Sant Josep \u00e9s m\u00fasica\" \/>\n<meta property=\"article:publisher\" content=\"https:\/\/www.facebook.com\/Sant-Josep-s-Msica-105337042007790\" \/>\n<meta property=\"article:published_time\" content=\"2025-07-03T11:55:14+00:00\" \/>\n<meta property=\"article:modified_time\" content=\"2025-07-03T12:03:00+00:00\" \/>\n<meta property=\"og:image\" content=\"https:\/\/musica.santjosep.org\/wp-content\/uploads\/2022\/10\/billy-2025-4-rec.jpg\" \/>\n\t<meta property=\"og:image:width\" content=\"1400\" \/>\n\t<meta property=\"og:image:height\" content=\"933\" \/>\n\t<meta property=\"og:image:type\" content=\"image\/jpeg\" \/>\n<meta name=\"author\" content=\"xescu\" \/>\n<meta name=\"twitter:card\" content=\"summary_large_image\" \/>\n<meta name=\"twitter:creator\" content=\"@MusicaSantJosep\" \/>\n<meta name=\"twitter:site\" content=\"@MusicaSantJosep\" \/>\n<meta name=\"twitter:label1\" content=\"Escrito por\" \/>\n\t<meta name=\"twitter:data1\" content=\"xescu\" \/>\n\t<meta name=\"twitter:label2\" content=\"Tiempo de lectura\" \/>\n\t<meta name=\"twitter:data2\" content=\"2 minutos\" \/>\n<script type=\"application\/ld+json\" class=\"yoast-schema-graph\">{\"@context\":\"https:\/\/schema.org\",\"@graph\":[{\"@type\":\"Article\",\"@id\":\"https:\/\/musica.santjosep.org\/es\/asi-suena-horizonte-el-nuevo-single-de-billy-flamingos\/#article\",\"isPartOf\":{\"@id\":\"https:\/\/musica.santjosep.org\/es\/asi-suena-horizonte-el-nuevo-single-de-billy-flamingos\/\"},\"author\":{\"name\":\"xescu\",\"@id\":\"https:\/\/musica.santjosep.org\/es\/#\/schema\/person\/0f860b74dd6768c60f67a1aacfe267e3\"},\"headline\":\"As\u00ed suena \u2018Horizonte\u2019, el nuevo single de Billy Flamingos\",\"datePublished\":\"2025-07-03T11:55:14+00:00\",\"dateModified\":\"2025-07-03T12:03:00+00:00\",\"mainEntityOfPage\":{\"@id\":\"https:\/\/musica.santjosep.org\/es\/asi-suena-horizonte-el-nuevo-single-de-billy-flamingos\/\"},\"wordCount\":378,\"publisher\":{\"@id\":\"https:\/\/musica.santjosep.org\/es\/#organization\"},\"image\":{\"@id\":\"https:\/\/musica.santjosep.org\/es\/asi-suena-horizonte-el-nuevo-single-de-billy-flamingos\/#primaryimage\"},\"thumbnailUrl\":\"https:\/\/musica.santjosep.org\/wp-content\/uploads\/2022\/10\/billy-2025-4-rec.jpg\",\"articleSection\":[\"Actualidad\"],\"inLanguage\":\"es\"},{\"@type\":\"WebPage\",\"@id\":\"https:\/\/musica.santjosep.org\/es\/asi-suena-horizonte-el-nuevo-single-de-billy-flamingos\/\",\"url\":\"https:\/\/musica.santjosep.org\/es\/asi-suena-horizonte-el-nuevo-single-de-billy-flamingos\/\",\"name\":\"As\u00ed suena \u2018Horizonte\u2019, el nuevo single de Billy Flamingos - Sant Josep \u00e9s m\u00fasica\",\"isPartOf\":{\"@id\":\"https:\/\/musica.santjosep.org\/es\/#website\"},\"primaryImageOfPage\":{\"@id\":\"https:\/\/musica.santjosep.org\/es\/asi-suena-horizonte-el-nuevo-single-de-billy-flamingos\/#primaryimage\"},\"image\":{\"@id\":\"https:\/\/musica.santjosep.org\/es\/asi-suena-horizonte-el-nuevo-single-de-billy-flamingos\/#primaryimage\"},\"thumbnailUrl\":\"https:\/\/musica.santjosep.org\/wp-content\/uploads\/2022\/10\/billy-2025-4-rec.jpg\",\"datePublished\":\"2025-07-03T11:55:14+00:00\",\"dateModified\":\"2025-07-03T12:03:00+00:00\",\"breadcrumb\":{\"@id\":\"https:\/\/musica.santjosep.org\/es\/asi-suena-horizonte-el-nuevo-single-de-billy-flamingos\/#breadcrumb\"},\"inLanguage\":\"es\",\"potentialAction\":[{\"@type\":\"ReadAction\",\"target\":[\"https:\/\/musica.santjosep.org\/es\/asi-suena-horizonte-el-nuevo-single-de-billy-flamingos\/\"]}]},{\"@type\":\"ImageObject\",\"inLanguage\":\"es\",\"@id\":\"https:\/\/musica.santjosep.org\/es\/asi-suena-horizonte-el-nuevo-single-de-billy-flamingos\/#primaryimage\",\"url\":\"https:\/\/musica.santjosep.org\/wp-content\/uploads\/2022\/10\/billy-2025-4-rec.jpg\",\"contentUrl\":\"https:\/\/musica.santjosep.org\/wp-content\/uploads\/2022\/10\/billy-2025-4-rec.jpg\",\"width\":1400,\"height\":933},{\"@type\":\"BreadcrumbList\",\"@id\":\"https:\/\/musica.santjosep.org\/es\/asi-suena-horizonte-el-nuevo-single-de-billy-flamingos\/#breadcrumb\",\"itemListElement\":[{\"@type\":\"ListItem\",\"position\":1,\"name\":\"Portada\",\"item\":\"https:\/\/musica.santjosep.org\/es\/\"},{\"@type\":\"ListItem\",\"position\":2,\"name\":\"As\u00ed suena \u2018Horizonte\u2019, el nuevo single de Billy Flamingos\"}]},{\"@type\":\"WebSite\",\"@id\":\"https:\/\/musica.santjosep.org\/es\/#website\",\"url\":\"https:\/\/musica.santjosep.org\/es\/\",\"name\":\"Sant Josep \u00e9s m\u00fasica\",\"description\":\"Informaci\u00f3n actualizada de todos los conciertos, grupos y artistas que act\u00faen tanto en fiestas y festivales, como en establecimientos privados en el municipio de Sant Josep de sa Talaia\",\"publisher\":{\"@id\":\"https:\/\/musica.santjosep.org\/es\/#organization\"},\"potentialAction\":[{\"@type\":\"SearchAction\",\"target\":{\"@type\":\"EntryPoint\",\"urlTemplate\":\"https:\/\/musica.santjosep.org\/es\/?s={search_term_string}\"},\"query-input\":{\"@type\":\"PropertyValueSpecification\",\"valueRequired\":true,\"valueName\":\"search_term_string\"}}],\"inLanguage\":\"es\"},{\"@type\":\"Organization\",\"@id\":\"https:\/\/musica.santjosep.org\/es\/#organization\",\"name\":\"Sant Josep \u00e9s m\u00fasica\",\"url\":\"https:\/\/musica.santjosep.org\/es\/\",\"logo\":{\"@type\":\"ImageObject\",\"inLanguage\":\"es\",\"@id\":\"https:\/\/musica.santjosep.org\/es\/#\/schema\/logo\/image\/\",\"url\":\"https:\/\/musica.santjosep.org\/wp-content\/uploads\/2022\/01\/logo-SJEM.png\",\"contentUrl\":\"https:\/\/musica.santjosep.org\/wp-content\/uploads\/2022\/01\/logo-SJEM.png\",\"width\":213,\"height\":103,\"caption\":\"Sant Josep \u00e9s m\u00fasica\"},\"image\":{\"@id\":\"https:\/\/musica.santjosep.org\/es\/#\/schema\/logo\/image\/\"},\"sameAs\":[\"https:\/\/www.facebook.com\/Sant-Josep-s-Msica-105337042007790\",\"https:\/\/x.com\/MusicaSantJosep\",\"https:\/\/www.instagram.com\/musicasantjosep\/\",\"https:\/\/www.youtube.com\/channel\/UCBSLSUpqfrfsiOMVslmZEJA\"]},{\"@type\":\"Person\",\"@id\":\"https:\/\/musica.santjosep.org\/es\/#\/schema\/person\/0f860b74dd6768c60f67a1aacfe267e3\",\"name\":\"xescu\",\"image\":{\"@type\":\"ImageObject\",\"inLanguage\":\"es\",\"@id\":\"https:\/\/musica.santjosep.org\/es\/#\/schema\/person\/image\/\",\"url\":\"https:\/\/secure.gravatar.com\/avatar\/d569ee5739a9c7022470ea472c9b4b9cf476e15f1be71e5242c911d673d14ad9?s=96&d=mm&r=g\",\"contentUrl\":\"https:\/\/secure.gravatar.com\/avatar\/d569ee5739a9c7022470ea472c9b4b9cf476e15f1be71e5242c911d673d14ad9?s=96&d=mm&r=g\",\"caption\":\"xescu\"}}]}<\/script>\n<!-- \/ Yoast SEO plugin. -->","yoast_head_json":{"title":"As\u00ed suena \u2018Horizonte\u2019, el nuevo single de Billy Flamingos - Sant Josep \u00e9s m\u00fasica","robots":{"index":"index","follow":"follow","max-snippet":"max-snippet:-1","max-image-preview":"max-image-preview:large","max-video-preview":"max-video-preview:-1"},"canonical":"https:\/\/musica.santjosep.org\/es\/asi-suena-horizonte-el-nuevo-single-de-billy-flamingos\/","og_locale":"es_ES","og_type":"article","og_title":"As\u00ed suena \u2018Horizonte\u2019, el nuevo single de Billy Flamingos - Sant Josep \u00e9s m\u00fasica","og_description":"La canci\u00f3n se ha grabado en Magrana Studios, con la producci\u00f3n de Omar Gisbert, y formar\u00e1 parte de su nuevo \u00e1lbum, 'Linde', que presentan en Madrid en septiembre.","og_url":"https:\/\/musica.santjosep.org\/es\/asi-suena-horizonte-el-nuevo-single-de-billy-flamingos\/","og_site_name":"Sant Josep \u00e9s m\u00fasica","article_publisher":"https:\/\/www.facebook.com\/Sant-Josep-s-Msica-105337042007790","article_published_time":"2025-07-03T11:55:14+00:00","article_modified_time":"2025-07-03T12:03:00+00:00","og_image":[{"width":1400,"height":933,"url":"https:\/\/musica.santjosep.org\/wp-content\/uploads\/2022\/10\/billy-2025-4-rec.jpg","type":"image\/jpeg"}],"author":"xescu","twitter_card":"summary_large_image","twitter_creator":"@MusicaSantJosep","twitter_site":"@MusicaSantJosep","twitter_misc":{"Escrito por":"xescu","Tiempo de lectura":"2 minutos"},"schema":{"@context":"https:\/\/schema.org","@graph":[{"@type":"Article","@id":"https:\/\/musica.santjosep.org\/es\/asi-suena-horizonte-el-nuevo-single-de-billy-flamingos\/#article","isPartOf":{"@id":"https:\/\/musica.santjosep.org\/es\/asi-suena-horizonte-el-nuevo-single-de-billy-flamingos\/"},"author":{"name":"xescu","@id":"https:\/\/musica.santjosep.org\/es\/#\/schema\/person\/0f860b74dd6768c60f67a1aacfe267e3"},"headline":"As\u00ed suena \u2018Horizonte\u2019, el nuevo single de Billy Flamingos","datePublished":"2025-07-03T11:55:14+00:00","dateModified":"2025-07-03T12:03:00+00:00","mainEntityOfPage":{"@id":"https:\/\/musica.santjosep.org\/es\/asi-suena-horizonte-el-nuevo-single-de-billy-flamingos\/"},"wordCount":378,"publisher":{"@id":"https:\/\/musica.santjosep.org\/es\/#organization"},"image":{"@id":"https:\/\/musica.santjosep.org\/es\/asi-suena-horizonte-el-nuevo-single-de-billy-flamingos\/#primaryimage"},"thumbnailUrl":"https:\/\/musica.santjosep.org\/wp-content\/uploads\/2022\/10\/billy-2025-4-rec.jpg","articleSection":["Actualidad"],"inLanguage":"es"},{"@type":"WebPage","@id":"https:\/\/musica.santjosep.org\/es\/asi-suena-horizonte-el-nuevo-single-de-billy-flamingos\/","url":"https:\/\/musica.santjosep.org\/es\/asi-suena-horizonte-el-nuevo-single-de-billy-flamingos\/","name":"As\u00ed suena \u2018Horizonte\u2019, el nuevo single de Billy Flamingos - Sant Josep \u00e9s m\u00fasica","isPartOf":{"@id":"https:\/\/musica.santjosep.org\/es\/#website"},"primaryImageOfPage":{"@id":"https:\/\/musica.santjosep.org\/es\/asi-suena-horizonte-el-nuevo-single-de-billy-flamingos\/#primaryimage"},"image":{"@id":"https:\/\/musica.santjosep.org\/es\/asi-suena-horizonte-el-nuevo-single-de-billy-flamingos\/#primaryimage"},"thumbnailUrl":"https:\/\/musica.santjosep.org\/wp-content\/uploads\/2022\/10\/billy-2025-4-rec.jpg","datePublished":"2025-07-03T11:55:14+00:00","dateModified":"2025-07-03T12:03:00+00:00","breadcrumb":{"@id":"https:\/\/musica.santjosep.org\/es\/asi-suena-horizonte-el-nuevo-single-de-billy-flamingos\/#breadcrumb"},"inLanguage":"es","potentialAction":[{"@type":"ReadAction","target":["https:\/\/musica.santjosep.org\/es\/asi-suena-horizonte-el-nuevo-single-de-billy-flamingos\/"]}]},{"@type":"ImageObject","inLanguage":"es","@id":"https:\/\/musica.santjosep.org\/es\/asi-suena-horizonte-el-nuevo-single-de-billy-flamingos\/#primaryimage","url":"https:\/\/musica.santjosep.org\/wp-content\/uploads\/2022\/10\/billy-2025-4-rec.jpg","contentUrl":"https:\/\/musica.santjosep.org\/wp-content\/uploads\/2022\/10\/billy-2025-4-rec.jpg","width":1400,"height":933},{"@type":"BreadcrumbList","@id":"https:\/\/musica.santjosep.org\/es\/asi-suena-horizonte-el-nuevo-single-de-billy-flamingos\/#breadcrumb","itemListElement":[{"@type":"ListItem","position":1,"name":"Portada","item":"https:\/\/musica.santjosep.org\/es\/"},{"@type":"ListItem","position":2,"name":"As\u00ed suena \u2018Horizonte\u2019, el nuevo single de Billy Flamingos"}]},{"@type":"WebSite","@id":"https:\/\/musica.santjosep.org\/es\/#website","url":"https:\/\/musica.santjosep.org\/es\/","name":"Sant Josep \u00e9s m\u00fasica","description":"Informaci\u00f3n actualizada de todos los conciertos, grupos y artistas que act\u00faen tanto en fiestas y festivales, como en establecimientos privados en el municipio de Sant Josep de sa Talaia","publisher":{"@id":"https:\/\/musica.santjosep.org\/es\/#organization"},"potentialAction":[{"@type":"SearchAction","target":{"@type":"EntryPoint","urlTemplate":"https:\/\/musica.santjosep.org\/es\/?s={search_term_string}"},"query-input":{"@type":"PropertyValueSpecification","valueRequired":true,"valueName":"search_term_string"}}],"inLanguage":"es"},{"@type":"Organization","@id":"https:\/\/musica.santjosep.org\/es\/#organization","name":"Sant Josep \u00e9s m\u00fasica","url":"https:\/\/musica.santjosep.org\/es\/","logo":{"@type":"ImageObject","inLanguage":"es","@id":"https:\/\/musica.santjosep.org\/es\/#\/schema\/logo\/image\/","url":"https:\/\/musica.santjosep.org\/wp-content\/uploads\/2022\/01\/logo-SJEM.png","contentUrl":"https:\/\/musica.santjosep.org\/wp-content\/uploads\/2022\/01\/logo-SJEM.png","width":213,"height":103,"caption":"Sant Josep \u00e9s m\u00fasica"},"image":{"@id":"https:\/\/musica.santjosep.org\/es\/#\/schema\/logo\/image\/"},"sameAs":["https:\/\/www.facebook.com\/Sant-Josep-s-Msica-105337042007790","https:\/\/x.com\/MusicaSantJosep","https:\/\/www.instagram.com\/musicasantjosep\/","https:\/\/www.youtube.com\/channel\/UCBSLSUpqfrfsiOMVslmZEJA"]},{"@type":"Person","@id":"https:\/\/musica.santjosep.org\/es\/#\/schema\/person\/0f860b74dd6768c60f67a1aacfe267e3","name":"xescu","image":{"@type":"ImageObject","inLanguage":"es","@id":"https:\/\/musica.santjosep.org\/es\/#\/schema\/person\/image\/","url":"https:\/\/secure.gravatar.com\/avatar\/d569ee5739a9c7022470ea472c9b4b9cf476e15f1be71e5242c911d673d14ad9?s=96&d=mm&r=g","contentUrl":"https:\/\/secure.gravatar.com\/avatar\/d569ee5739a9c7022470ea472c9b4b9cf476e15f1be71e5242c911d673d14ad9?s=96&d=mm&r=g","caption":"xescu"}}]}},"_links":{"self":[{"href":"https:\/\/musica.santjosep.org\/es\/wp-json\/wp\/v2\/posts\/50221","targetHints":{"allow":["GET"]}}],"collection":[{"href":"https:\/\/musica.santjosep.org\/es\/wp-json\/wp\/v2\/posts"}],"about":[{"href":"https:\/\/musica.santjosep.org\/es\/wp-json\/wp\/v2\/types\/post"}],"author":[{"embeddable":true,"href":"https:\/\/musica.santjosep.org\/es\/wp-json\/wp\/v2\/users\/2"}],"replies":[{"embeddable":true,"href":"https:\/\/musica.santjosep.org\/es\/wp-json\/wp\/v2\/comments?post=50221"}],"version-history":[{"count":3,"href":"https:\/\/musica.santjosep.org\/es\/wp-json\/wp\/v2\/posts\/50221\/revisions"}],"predecessor-version":[{"id":50230,"href":"https:\/\/musica.santjosep.org\/es\/wp-json\/wp\/v2\/posts\/50221\/revisions\/50230"}],"wp:featuredmedia":[{"embeddable":true,"href":"https:\/\/musica.santjosep.org\/es\/wp-json\/wp\/v2\/media\/50200"}],"wp:attachment":[{"href":"https:\/\/musica.santjosep.org\/es\/wp-json\/wp\/v2\/media?parent=50221"}],"wp:term":[{"taxonomy":"category","embeddable":true,"href":"https:\/\/musica.santjosep.org\/es\/wp-json\/wp\/v2\/categories?post=50221"},{"taxonomy":"post_tag","embeddable":true,"href":"https:\/\/musica.santjosep.org\/es\/wp-json\/wp\/v2\/tags?post=50221"}],"curies":[{"name":"wp","href":"https:\/\/api.w.org\/{rel}","templated":true}]}}