{"id":497,"date":"2022-01-14T10:13:49","date_gmt":"2022-01-14T09:13:49","guid":{"rendered":"https:\/\/musica.santjosep.org\/?p=497"},"modified":"2022-01-14T10:16:02","modified_gmt":"2022-01-14T09:16:02","slug":"sant-josep-es-musica-en-los-metros-de-madrid-y-barcelona","status":"publish","type":"post","link":"https:\/\/musica.santjosep.org\/es\/sant-josep-es-musica-en-los-metros-de-madrid-y-barcelona\/","title":{"rendered":"\u2018Sant Josep \u00e9s M\u00fasica\u2019, en los metros de Madrid y Barcelona"},"content":{"rendered":"<p>Coincidiendo con la Feria Internacional de Turismo (FITUR), que se celebra en Madrid del 19 al 23 de enero, el Ayuntamiento de Sant Josep de sa Talaia ha programado una campa\u00f1a con la m\u00fasica como protagonista, que ilustrar\u00e1 los t\u00faneles de Metro en varias estaciones de Madrid y Barcelona. El cartel tiene dos formatos (2&#215;2 y 2&#215;1 metros) y lo protagoniza uno de los m\u00fasicos m\u00e1s reconocidos del municipio de Sant Josep: Soulman Sal.<\/p>\n<p>Este artista, l\u00edder de la banda Uncle Sal y afincado en Sant Jordi, aparece retratado por el fot\u00f3grafo de la misma localidad, Joan F. Ribas, durante un concierto, tocando su guitarra Gibson Les Paul. Utilizando esta potente imagen como base, el artista Marcos Torres ha creado una llamativa ilustraci\u00f3n en negro y dorado que durante la semana de FITUR permanecer\u00e1 en las estaciones de Ibiza y Tribunal del Metro de Madrid, y tambi\u00e9n en la de Passeig de Gr\u00e0cia de Barcelona. <\/p>\n<p>El cartel tambi\u00e9n incluye un c\u00f3digo QR que enlaza con esta p\u00e1gina web, para que los viajeros de estas ciudades descubran hasta qu\u00e9 punto la m\u00fasica protagoniza la agenda cultural del municipio de Sant Josep de sa Talaia. Es importante subrayar que el programa de conciertos que se desarrolla en el sur de Ibiza, tanto en locales privados como en festivales p\u00fablicos, constituye uno de los productos estrella de la isla en esta edici\u00f3n de FITUR.<\/p>\n<p>Soulman Sal es uno de los m\u00fasicos m\u00e1s habituales y su banda, Uncle Sal, es invitada con frecuencia a los principales festivales del pa\u00eds especializados en rock americano. Ha publicado cuatro \u00e1lbumes y el \u00faltimo, \u2018Darken My Door\u2019, fue lanzado hace tan solo un par de meses. Distintas revistas especializadas y portales de Internet lo califican como uno de los principales grupos de rock sure\u00f1o del pa\u00eds.<\/p>\n<p>Joan F. Ribas, por su parte, est\u00e1 considerado uno de los m\u00e1s fot\u00f3grafos especializados en m\u00fasica en vivo m\u00e1s prestigiosos de la isla. Sus im\u00e1genes han sido objeto de distintas exposiciones y libros. El \u00faltimo, \u2018Can Jordi: 10 a\u00f1os de revoluci\u00f3n cultural\u2019, se public\u00f3 en el verano de 2020. <\/p>\n<p>El ilustrador Marcos Torres, asimismo, juega con la mitolog\u00eda pop y ha expuesto su obra en Ibiza, Madrid, Santiago, Castell\u00f3n, Mallorca, Le\u00f3n, Brighton, Londres, Stuttgart, Hamburgo o Copenhague, adem\u00e1s de protagonizar reportajes en los principales medios de comunicaci\u00f3n relacionados con arte y tendencias. <\/p>\n","protected":false},"excerpt":{"rendered":"<p>El Ayuntamiento de Sant Josep de sa Talaia ha programado una campa\u00f1a con la m\u00fasica como protagonista, que ilustrar\u00e1 los t\u00faneles de Metro en varias estaciones de Madrid y Barcelona<\/p>\n","protected":false},"author":1,"featured_media":498,"comment_status":"open","ping_status":"open","sticky":false,"template":"","format":"standard","meta":{"_acf_changed":false,"footnotes":""},"categories":[14],"tags":[],"class_list":["post-497","post","type-post","status-publish","format-standard","has-post-thumbnail","hentry","category-actualidad"],"acf":[],"yoast_head":"<!-- This site is optimized with the Yoast SEO plugin v26.6 - https:\/\/yoast.com\/wordpress\/plugins\/seo\/ -->\n<title>\u2018Sant Josep \u00e9s M\u00fasica\u2019, en los metros de Madrid y Barcelona - Sant Josep \u00e9s m\u00fasica<\/title>\n<meta name=\"robots\" content=\"index, follow, max-snippet:-1, max-image-preview:large, max-video-preview:-1\" \/>\n<link rel=\"canonical\" href=\"https:\/\/musica.santjosep.org\/es\/sant-josep-es-musica-en-los-metros-de-madrid-y-barcelona\/\" \/>\n<meta property=\"og:locale\" content=\"es_ES\" \/>\n<meta property=\"og:type\" content=\"article\" \/>\n<meta property=\"og:title\" content=\"\u2018Sant Josep \u00e9s M\u00fasica\u2019, en los metros de Madrid y Barcelona - Sant Josep \u00e9s m\u00fasica\" \/>\n<meta property=\"og:description\" content=\"El Ayuntamiento de Sant Josep de sa Talaia ha programado una campa\u00f1a con la m\u00fasica como protagonista, que ilustrar\u00e1 los t\u00faneles de Metro en varias estaciones de Madrid y Barcelona\" \/>\n<meta property=\"og:url\" content=\"https:\/\/musica.santjosep.org\/es\/sant-josep-es-musica-en-los-metros-de-madrid-y-barcelona\/\" \/>\n<meta property=\"og:site_name\" content=\"Sant Josep \u00e9s m\u00fasica\" \/>\n<meta property=\"article:publisher\" content=\"https:\/\/www.facebook.com\/Sant-Josep-s-Msica-105337042007790\" \/>\n<meta property=\"article:published_time\" content=\"2022-01-14T09:13:49+00:00\" \/>\n<meta property=\"article:modified_time\" content=\"2022-01-14T09:16:02+00:00\" \/>\n<meta property=\"og:image\" content=\"https:\/\/musica.santjosep.org\/wp-content\/uploads\/2022\/01\/SJEM_Cartel-Metro.jpg\" \/>\n\t<meta property=\"og:image:width\" content=\"1400\" \/>\n\t<meta property=\"og:image:height\" content=\"1050\" \/>\n\t<meta property=\"og:image:type\" content=\"image\/jpeg\" \/>\n<meta name=\"author\" content=\"welove\" \/>\n<meta name=\"twitter:card\" content=\"summary_large_image\" \/>\n<meta name=\"twitter:creator\" content=\"@MusicaSantJosep\" \/>\n<meta name=\"twitter:site\" content=\"@MusicaSantJosep\" \/>\n<meta name=\"twitter:label1\" content=\"Escrito por\" \/>\n\t<meta name=\"twitter:data1\" content=\"welove\" \/>\n\t<meta name=\"twitter:label2\" content=\"Tiempo de lectura\" \/>\n\t<meta name=\"twitter:data2\" content=\"2 minutos\" \/>\n<script type=\"application\/ld+json\" class=\"yoast-schema-graph\">{\"@context\":\"https:\/\/schema.org\",\"@graph\":[{\"@type\":\"Article\",\"@id\":\"https:\/\/musica.santjosep.org\/es\/sant-josep-es-musica-en-los-metros-de-madrid-y-barcelona\/#article\",\"isPartOf\":{\"@id\":\"https:\/\/musica.santjosep.org\/es\/sant-josep-es-musica-en-los-metros-de-madrid-y-barcelona\/\"},\"author\":{\"name\":\"welove\",\"@id\":\"https:\/\/musica.santjosep.org\/es\/#\/schema\/person\/379caa3e428c26e79be584659885557c\"},\"headline\":\"\u2018Sant Josep \u00e9s M\u00fasica\u2019, en los metros de Madrid y Barcelona\",\"datePublished\":\"2022-01-14T09:13:49+00:00\",\"dateModified\":\"2022-01-14T09:16:02+00:00\",\"mainEntityOfPage\":{\"@id\":\"https:\/\/musica.santjosep.org\/es\/sant-josep-es-musica-en-los-metros-de-madrid-y-barcelona\/\"},\"wordCount\":431,\"commentCount\":0,\"publisher\":{\"@id\":\"https:\/\/musica.santjosep.org\/es\/#organization\"},\"image\":{\"@id\":\"https:\/\/musica.santjosep.org\/es\/sant-josep-es-musica-en-los-metros-de-madrid-y-barcelona\/#primaryimage\"},\"thumbnailUrl\":\"https:\/\/musica.santjosep.org\/wp-content\/uploads\/2022\/01\/SJEM_Cartel-Metro.jpg\",\"articleSection\":[\"Actualidad\"],\"inLanguage\":\"es\",\"potentialAction\":[{\"@type\":\"CommentAction\",\"name\":\"Comment\",\"target\":[\"https:\/\/musica.santjosep.org\/es\/sant-josep-es-musica-en-los-metros-de-madrid-y-barcelona\/#respond\"]}]},{\"@type\":\"WebPage\",\"@id\":\"https:\/\/musica.santjosep.org\/es\/sant-josep-es-musica-en-los-metros-de-madrid-y-barcelona\/\",\"url\":\"https:\/\/musica.santjosep.org\/es\/sant-josep-es-musica-en-los-metros-de-madrid-y-barcelona\/\",\"name\":\"\u2018Sant Josep \u00e9s M\u00fasica\u2019, en los metros de Madrid y Barcelona - Sant Josep \u00e9s m\u00fasica\",\"isPartOf\":{\"@id\":\"https:\/\/musica.santjosep.org\/es\/#website\"},\"primaryImageOfPage\":{\"@id\":\"https:\/\/musica.santjosep.org\/es\/sant-josep-es-musica-en-los-metros-de-madrid-y-barcelona\/#primaryimage\"},\"image\":{\"@id\":\"https:\/\/musica.santjosep.org\/es\/sant-josep-es-musica-en-los-metros-de-madrid-y-barcelona\/#primaryimage\"},\"thumbnailUrl\":\"https:\/\/musica.santjosep.org\/wp-content\/uploads\/2022\/01\/SJEM_Cartel-Metro.jpg\",\"datePublished\":\"2022-01-14T09:13:49+00:00\",\"dateModified\":\"2022-01-14T09:16:02+00:00\",\"breadcrumb\":{\"@id\":\"https:\/\/musica.santjosep.org\/es\/sant-josep-es-musica-en-los-metros-de-madrid-y-barcelona\/#breadcrumb\"},\"inLanguage\":\"es\",\"potentialAction\":[{\"@type\":\"ReadAction\",\"target\":[\"https:\/\/musica.santjosep.org\/es\/sant-josep-es-musica-en-los-metros-de-madrid-y-barcelona\/\"]}]},{\"@type\":\"ImageObject\",\"inLanguage\":\"es\",\"@id\":\"https:\/\/musica.santjosep.org\/es\/sant-josep-es-musica-en-los-metros-de-madrid-y-barcelona\/#primaryimage\",\"url\":\"https:\/\/musica.santjosep.org\/wp-content\/uploads\/2022\/01\/SJEM_Cartel-Metro.jpg\",\"contentUrl\":\"https:\/\/musica.santjosep.org\/wp-content\/uploads\/2022\/01\/SJEM_Cartel-Metro.jpg\",\"width\":1400,\"height\":1050},{\"@type\":\"BreadcrumbList\",\"@id\":\"https:\/\/musica.santjosep.org\/es\/sant-josep-es-musica-en-los-metros-de-madrid-y-barcelona\/#breadcrumb\",\"itemListElement\":[{\"@type\":\"ListItem\",\"position\":1,\"name\":\"Portada\",\"item\":\"https:\/\/musica.santjosep.org\/es\/\"},{\"@type\":\"ListItem\",\"position\":2,\"name\":\"\u2018Sant Josep \u00e9s M\u00fasica\u2019, en los metros de Madrid y Barcelona\"}]},{\"@type\":\"WebSite\",\"@id\":\"https:\/\/musica.santjosep.org\/es\/#website\",\"url\":\"https:\/\/musica.santjosep.org\/es\/\",\"name\":\"Sant Josep \u00e9s m\u00fasica\",\"description\":\"Informaci\u00f3n actualizada de todos los conciertos, grupos y artistas que act\u00faen tanto en fiestas y festivales, como en establecimientos privados en el municipio de Sant Josep de sa Talaia\",\"publisher\":{\"@id\":\"https:\/\/musica.santjosep.org\/es\/#organization\"},\"potentialAction\":[{\"@type\":\"SearchAction\",\"target\":{\"@type\":\"EntryPoint\",\"urlTemplate\":\"https:\/\/musica.santjosep.org\/es\/?s={search_term_string}\"},\"query-input\":{\"@type\":\"PropertyValueSpecification\",\"valueRequired\":true,\"valueName\":\"search_term_string\"}}],\"inLanguage\":\"es\"},{\"@type\":\"Organization\",\"@id\":\"https:\/\/musica.santjosep.org\/es\/#organization\",\"name\":\"Sant Josep \u00e9s m\u00fasica\",\"url\":\"https:\/\/musica.santjosep.org\/es\/\",\"logo\":{\"@type\":\"ImageObject\",\"inLanguage\":\"es\",\"@id\":\"https:\/\/musica.santjosep.org\/es\/#\/schema\/logo\/image\/\",\"url\":\"https:\/\/musica.santjosep.org\/wp-content\/uploads\/2022\/01\/logo-SJEM.png\",\"contentUrl\":\"https:\/\/musica.santjosep.org\/wp-content\/uploads\/2022\/01\/logo-SJEM.png\",\"width\":213,\"height\":103,\"caption\":\"Sant Josep \u00e9s m\u00fasica\"},\"image\":{\"@id\":\"https:\/\/musica.santjosep.org\/es\/#\/schema\/logo\/image\/\"},\"sameAs\":[\"https:\/\/www.facebook.com\/Sant-Josep-s-Msica-105337042007790\",\"https:\/\/x.com\/MusicaSantJosep\",\"https:\/\/www.instagram.com\/musicasantjosep\/\",\"https:\/\/www.youtube.com\/channel\/UCBSLSUpqfrfsiOMVslmZEJA\"]},{\"@type\":\"Person\",\"@id\":\"https:\/\/musica.santjosep.org\/es\/#\/schema\/person\/379caa3e428c26e79be584659885557c\",\"name\":\"welove\",\"image\":{\"@type\":\"ImageObject\",\"inLanguage\":\"es\",\"@id\":\"https:\/\/musica.santjosep.org\/es\/#\/schema\/person\/image\/\",\"url\":\"https:\/\/secure.gravatar.com\/avatar\/8a215e88517ac3e3930b7c0a0b890f9fba324c4f6e29ec73d671d62468d6ac18?s=96&d=mm&r=g\",\"contentUrl\":\"https:\/\/secure.gravatar.com\/avatar\/8a215e88517ac3e3930b7c0a0b890f9fba324c4f6e29ec73d671d62468d6ac18?s=96&d=mm&r=g\",\"caption\":\"welove\"},\"sameAs\":[\"https:\/\/musica.santjosep.org\"]}]}<\/script>\n<!-- \/ Yoast SEO plugin. -->","yoast_head_json":{"title":"\u2018Sant Josep \u00e9s M\u00fasica\u2019, en los metros de Madrid y Barcelona - Sant Josep \u00e9s m\u00fasica","robots":{"index":"index","follow":"follow","max-snippet":"max-snippet:-1","max-image-preview":"max-image-preview:large","max-video-preview":"max-video-preview:-1"},"canonical":"https:\/\/musica.santjosep.org\/es\/sant-josep-es-musica-en-los-metros-de-madrid-y-barcelona\/","og_locale":"es_ES","og_type":"article","og_title":"\u2018Sant Josep \u00e9s M\u00fasica\u2019, en los metros de Madrid y Barcelona - Sant Josep \u00e9s m\u00fasica","og_description":"El Ayuntamiento de Sant Josep de sa Talaia ha programado una campa\u00f1a con la m\u00fasica como protagonista, que ilustrar\u00e1 los t\u00faneles de Metro en varias estaciones de Madrid y Barcelona","og_url":"https:\/\/musica.santjosep.org\/es\/sant-josep-es-musica-en-los-metros-de-madrid-y-barcelona\/","og_site_name":"Sant Josep \u00e9s m\u00fasica","article_publisher":"https:\/\/www.facebook.com\/Sant-Josep-s-Msica-105337042007790","article_published_time":"2022-01-14T09:13:49+00:00","article_modified_time":"2022-01-14T09:16:02+00:00","og_image":[{"width":1400,"height":1050,"url":"https:\/\/musica.santjosep.org\/wp-content\/uploads\/2022\/01\/SJEM_Cartel-Metro.jpg","type":"image\/jpeg"}],"author":"welove","twitter_card":"summary_large_image","twitter_creator":"@MusicaSantJosep","twitter_site":"@MusicaSantJosep","twitter_misc":{"Escrito por":"welove","Tiempo de lectura":"2 minutos"},"schema":{"@context":"https:\/\/schema.org","@graph":[{"@type":"Article","@id":"https:\/\/musica.santjosep.org\/es\/sant-josep-es-musica-en-los-metros-de-madrid-y-barcelona\/#article","isPartOf":{"@id":"https:\/\/musica.santjosep.org\/es\/sant-josep-es-musica-en-los-metros-de-madrid-y-barcelona\/"},"author":{"name":"welove","@id":"https:\/\/musica.santjosep.org\/es\/#\/schema\/person\/379caa3e428c26e79be584659885557c"},"headline":"\u2018Sant Josep \u00e9s M\u00fasica\u2019, en los metros de Madrid y Barcelona","datePublished":"2022-01-14T09:13:49+00:00","dateModified":"2022-01-14T09:16:02+00:00","mainEntityOfPage":{"@id":"https:\/\/musica.santjosep.org\/es\/sant-josep-es-musica-en-los-metros-de-madrid-y-barcelona\/"},"wordCount":431,"commentCount":0,"publisher":{"@id":"https:\/\/musica.santjosep.org\/es\/#organization"},"image":{"@id":"https:\/\/musica.santjosep.org\/es\/sant-josep-es-musica-en-los-metros-de-madrid-y-barcelona\/#primaryimage"},"thumbnailUrl":"https:\/\/musica.santjosep.org\/wp-content\/uploads\/2022\/01\/SJEM_Cartel-Metro.jpg","articleSection":["Actualidad"],"inLanguage":"es","potentialAction":[{"@type":"CommentAction","name":"Comment","target":["https:\/\/musica.santjosep.org\/es\/sant-josep-es-musica-en-los-metros-de-madrid-y-barcelona\/#respond"]}]},{"@type":"WebPage","@id":"https:\/\/musica.santjosep.org\/es\/sant-josep-es-musica-en-los-metros-de-madrid-y-barcelona\/","url":"https:\/\/musica.santjosep.org\/es\/sant-josep-es-musica-en-los-metros-de-madrid-y-barcelona\/","name":"\u2018Sant Josep \u00e9s M\u00fasica\u2019, en los metros de Madrid y Barcelona - Sant Josep \u00e9s m\u00fasica","isPartOf":{"@id":"https:\/\/musica.santjosep.org\/es\/#website"},"primaryImageOfPage":{"@id":"https:\/\/musica.santjosep.org\/es\/sant-josep-es-musica-en-los-metros-de-madrid-y-barcelona\/#primaryimage"},"image":{"@id":"https:\/\/musica.santjosep.org\/es\/sant-josep-es-musica-en-los-metros-de-madrid-y-barcelona\/#primaryimage"},"thumbnailUrl":"https:\/\/musica.santjosep.org\/wp-content\/uploads\/2022\/01\/SJEM_Cartel-Metro.jpg","datePublished":"2022-01-14T09:13:49+00:00","dateModified":"2022-01-14T09:16:02+00:00","breadcrumb":{"@id":"https:\/\/musica.santjosep.org\/es\/sant-josep-es-musica-en-los-metros-de-madrid-y-barcelona\/#breadcrumb"},"inLanguage":"es","potentialAction":[{"@type":"ReadAction","target":["https:\/\/musica.santjosep.org\/es\/sant-josep-es-musica-en-los-metros-de-madrid-y-barcelona\/"]}]},{"@type":"ImageObject","inLanguage":"es","@id":"https:\/\/musica.santjosep.org\/es\/sant-josep-es-musica-en-los-metros-de-madrid-y-barcelona\/#primaryimage","url":"https:\/\/musica.santjosep.org\/wp-content\/uploads\/2022\/01\/SJEM_Cartel-Metro.jpg","contentUrl":"https:\/\/musica.santjosep.org\/wp-content\/uploads\/2022\/01\/SJEM_Cartel-Metro.jpg","width":1400,"height":1050},{"@type":"BreadcrumbList","@id":"https:\/\/musica.santjosep.org\/es\/sant-josep-es-musica-en-los-metros-de-madrid-y-barcelona\/#breadcrumb","itemListElement":[{"@type":"ListItem","position":1,"name":"Portada","item":"https:\/\/musica.santjosep.org\/es\/"},{"@type":"ListItem","position":2,"name":"\u2018Sant Josep \u00e9s M\u00fasica\u2019, en los metros de Madrid y Barcelona"}]},{"@type":"WebSite","@id":"https:\/\/musica.santjosep.org\/es\/#website","url":"https:\/\/musica.santjosep.org\/es\/","name":"Sant Josep \u00e9s m\u00fasica","description":"Informaci\u00f3n actualizada de todos los conciertos, grupos y artistas que act\u00faen tanto en fiestas y festivales, como en establecimientos privados en el municipio de Sant Josep de sa Talaia","publisher":{"@id":"https:\/\/musica.santjosep.org\/es\/#organization"},"potentialAction":[{"@type":"SearchAction","target":{"@type":"EntryPoint","urlTemplate":"https:\/\/musica.santjosep.org\/es\/?s={search_term_string}"},"query-input":{"@type":"PropertyValueSpecification","valueRequired":true,"valueName":"search_term_string"}}],"inLanguage":"es"},{"@type":"Organization","@id":"https:\/\/musica.santjosep.org\/es\/#organization","name":"Sant Josep \u00e9s m\u00fasica","url":"https:\/\/musica.santjosep.org\/es\/","logo":{"@type":"ImageObject","inLanguage":"es","@id":"https:\/\/musica.santjosep.org\/es\/#\/schema\/logo\/image\/","url":"https:\/\/musica.santjosep.org\/wp-content\/uploads\/2022\/01\/logo-SJEM.png","contentUrl":"https:\/\/musica.santjosep.org\/wp-content\/uploads\/2022\/01\/logo-SJEM.png","width":213,"height":103,"caption":"Sant Josep \u00e9s m\u00fasica"},"image":{"@id":"https:\/\/musica.santjosep.org\/es\/#\/schema\/logo\/image\/"},"sameAs":["https:\/\/www.facebook.com\/Sant-Josep-s-Msica-105337042007790","https:\/\/x.com\/MusicaSantJosep","https:\/\/www.instagram.com\/musicasantjosep\/","https:\/\/www.youtube.com\/channel\/UCBSLSUpqfrfsiOMVslmZEJA"]},{"@type":"Person","@id":"https:\/\/musica.santjosep.org\/es\/#\/schema\/person\/379caa3e428c26e79be584659885557c","name":"welove","image":{"@type":"ImageObject","inLanguage":"es","@id":"https:\/\/musica.santjosep.org\/es\/#\/schema\/person\/image\/","url":"https:\/\/secure.gravatar.com\/avatar\/8a215e88517ac3e3930b7c0a0b890f9fba324c4f6e29ec73d671d62468d6ac18?s=96&d=mm&r=g","contentUrl":"https:\/\/secure.gravatar.com\/avatar\/8a215e88517ac3e3930b7c0a0b890f9fba324c4f6e29ec73d671d62468d6ac18?s=96&d=mm&r=g","caption":"welove"},"sameAs":["https:\/\/musica.santjosep.org"]}]}},"_links":{"self":[{"href":"https:\/\/musica.santjosep.org\/es\/wp-json\/wp\/v2\/posts\/497","targetHints":{"allow":["GET"]}}],"collection":[{"href":"https:\/\/musica.santjosep.org\/es\/wp-json\/wp\/v2\/posts"}],"about":[{"href":"https:\/\/musica.santjosep.org\/es\/wp-json\/wp\/v2\/types\/post"}],"author":[{"embeddable":true,"href":"https:\/\/musica.santjosep.org\/es\/wp-json\/wp\/v2\/users\/1"}],"replies":[{"embeddable":true,"href":"https:\/\/musica.santjosep.org\/es\/wp-json\/wp\/v2\/comments?post=497"}],"version-history":[{"count":0,"href":"https:\/\/musica.santjosep.org\/es\/wp-json\/wp\/v2\/posts\/497\/revisions"}],"wp:featuredmedia":[{"embeddable":true,"href":"https:\/\/musica.santjosep.org\/es\/wp-json\/wp\/v2\/media\/498"}],"wp:attachment":[{"href":"https:\/\/musica.santjosep.org\/es\/wp-json\/wp\/v2\/media?parent=497"}],"wp:term":[{"taxonomy":"category","embeddable":true,"href":"https:\/\/musica.santjosep.org\/es\/wp-json\/wp\/v2\/categories?post=497"},{"taxonomy":"post_tag","embeddable":true,"href":"https:\/\/musica.santjosep.org\/es\/wp-json\/wp\/v2\/tags?post=497"}],"curies":[{"name":"wp","href":"https:\/\/api.w.org\/{rel}","templated":true}]}}