{"id":4504,"date":"2022-03-08T20:53:55","date_gmt":"2022-03-08T19:53:55","guid":{"rendered":"https:\/\/musica.santjosep.org\/sequoia-tree-lanza-su-album-homonimo-para-cerrar-una-trayectoria-de-catorce-anos\/"},"modified":"2022-03-08T21:35:49","modified_gmt":"2022-03-08T20:35:49","slug":"sequoia-tree-lanza-un-album-homonimo-para-cerrar-una-trayectoria-de-catorce-anos","status":"publish","type":"post","link":"https:\/\/musica.santjosep.org\/es\/sequoia-tree-lanza-un-album-homonimo-para-cerrar-una-trayectoria-de-catorce-anos\/","title":{"rendered":"Sequoia Tree lanza un \u00e1lbum hom\u00f3nimo para cerrar una trayectoria de catorce a\u00f1os"},"content":{"rendered":"<p>La banda ibicenca de pop-rock alternativo <a href=\"https:\/\/musica.santjosep.org\/es\/musicos\/sequoia-tree\/\" target=\"_blank\" rel=\"noopener\">Sequoia Tree<\/a> anunci\u00f3 hace algunas semanas su intenci\u00f3n de separarse como banda, coincidiendo con la publicaci\u00f3n de su tercer \u00e1lbum, que se llama igual que el grupo. Una despedida por todo lo alto, donde la formaci\u00f3n mantiene su estilo caracter\u00edstico, aderezado de rock progresivo, que se presentar\u00e1 a trav\u00e9s de una \u00faltima minigira de conciertos.<\/p>\n<p>La banda est\u00e1 formada por los hermanos Christian (guitarra y voz) y Nathalie Roig (bajo y coros), Llu\u00eds Priu (bater\u00eda) y Miquel Roig (teclados y guitarra). El \u00e1lbum, con un llamativo dise\u00f1o de portada de Dani Tur, fue grabado en directo durante la primavera de 2021, aunque las pistas vocales se a\u00f1adieron posteriormente. Todo el proceso tuvo lugar en el Antiestudiopro de Sant Rafel (Eivissa), con Toni Bonet e Ismael Mart\u00ednez a la t\u00e9cnica, siendo mezclado y masterizado por \u00d3scar Fern\u00e1ndez, en los EstudiosMafia (Galicia).<\/p>\n<p><img loading=\"lazy\" decoding=\"async\" class=\"alignnone wp-image-4453\" src=\"https:\/\/musica.santjosep.org\/wp-content\/uploads\/2022\/03\/Portada-Facebook-1024x927.jpg\" alt=\"\" width=\"700\" height=\"634\" srcset=\"https:\/\/musica.santjosep.org\/wp-content\/uploads\/2022\/03\/Portada-Facebook-1024x927.jpg 1024w, https:\/\/musica.santjosep.org\/wp-content\/uploads\/2022\/03\/Portada-Facebook-300x272.jpg 300w, https:\/\/musica.santjosep.org\/wp-content\/uploads\/2022\/03\/Portada-Facebook-768x695.jpg 768w, https:\/\/musica.santjosep.org\/wp-content\/uploads\/2022\/03\/Portada-Facebook.jpg 1280w\" sizes=\"auto, (max-width: 700px) 100vw, 700px\" \/><\/p>\n<p>Sequoia Tree naci\u00f3 en el a\u00f1o 2008 y desde entonces han publicado tres discos: <a href=\"https:\/\/musica.santjosep.org\/es\/discos\/what-will-come\/\" target=\"_blank\" rel=\"noopener\">\u2018What will come\u2019<\/a> (2013), <a href=\"https:\/\/musica.santjosep.org\/es\/discos\/garden-of-random-thoughts\/\" target=\"_blank\" rel=\"noopener\">\u2018Garden of Random Thoughts\u2019<\/a> (2017) y <a href=\"https:\/\/musica.santjosep.org\/es\/discos\/sequoia-tree\/\" target=\"_blank\" rel=\"noopener\">\u2018Sequoia Tree\u2019<\/a> (2022). El <a href=\"https:\/\/musica.santjosep.org\/es\/concierto\/viu-sant-josep-con-sequoia-tree\/\" target=\"_blank\" rel=\"noopener\">primer concierto<\/a> de presentaci\u00f3n tendr\u00e1 lugar el pr\u00f3ximo d\u00eda 13 de marzo, en Sant Josep, dentro del programa de las fiestas patronales.<\/p>\n<p>El \u00e1lbum se puede escuchar en plataformas digitales como Youtube, Spotify o Deezer y en formato f\u00edsico solo se podr\u00e1 adquirir durante los conciertos de la banda o mediante el contacto con alguno de los miembros.<\/p>\n<p>Se trata de una despedida exclusivamente musical, ya que los integrantes de la banda son familia y amigos desde la infancia. A lo largo de sus catorce a\u00f1os de historia, han ofrecido innumerables conciertos por toda la isla y participado en convocatorias como el Circuito TalentIB del Govern balear o la Fira B de Palma, que les aportaron la posibilidad de salir a tocar fuera de la isla. Toca, por tanto, acudir a sus conciertos para hacerse con una copia del disco y disfrutar al m\u00e1ximo de estos \u00faltimos espect\u00e1culos.<\/p>\n","protected":false},"excerpt":{"rendered":"<p>Este nuevo trabajo es el tercero del grupo e ir\u00e1 acompa\u00f1ado de una minigira de conciertos de presentaci\u00f3n y despedida<\/p>\n","protected":false},"author":2,"featured_media":4456,"comment_status":"open","ping_status":"open","sticky":false,"template":"","format":"standard","meta":{"_acf_changed":false,"footnotes":""},"categories":[14],"tags":[],"class_list":["post-4504","post","type-post","status-publish","format-standard","has-post-thumbnail","hentry","category-actualidad"],"acf":[],"yoast_head":"<!-- This site is optimized with the Yoast SEO plugin v26.6 - https:\/\/yoast.com\/wordpress\/plugins\/seo\/ -->\n<title>Sequoia Tree lanza un \u00e1lbum hom\u00f3nimo para cerrar una trayectoria de catorce a\u00f1os - Sant Josep \u00e9s m\u00fasica<\/title>\n<meta name=\"robots\" content=\"index, follow, max-snippet:-1, max-image-preview:large, max-video-preview:-1\" \/>\n<link rel=\"canonical\" href=\"https:\/\/musica.santjosep.org\/es\/sequoia-tree-lanza-un-album-homonimo-para-cerrar-una-trayectoria-de-catorce-anos\/\" \/>\n<meta property=\"og:locale\" content=\"es_ES\" \/>\n<meta property=\"og:type\" content=\"article\" \/>\n<meta property=\"og:title\" content=\"Sequoia Tree lanza un \u00e1lbum hom\u00f3nimo para cerrar una trayectoria de catorce a\u00f1os - Sant Josep \u00e9s m\u00fasica\" \/>\n<meta property=\"og:description\" content=\"Este nuevo trabajo es el tercero del grupo e ir\u00e1 acompa\u00f1ado de una minigira de conciertos de presentaci\u00f3n y despedida\" \/>\n<meta property=\"og:url\" content=\"https:\/\/musica.santjosep.org\/es\/sequoia-tree-lanza-un-album-homonimo-para-cerrar-una-trayectoria-de-catorce-anos\/\" \/>\n<meta property=\"og:site_name\" content=\"Sant Josep \u00e9s m\u00fasica\" \/>\n<meta property=\"article:publisher\" content=\"https:\/\/www.facebook.com\/Sant-Josep-s-Msica-105337042007790\" \/>\n<meta property=\"article:published_time\" content=\"2022-03-08T19:53:55+00:00\" \/>\n<meta property=\"article:modified_time\" content=\"2022-03-08T20:35:49+00:00\" \/>\n<meta property=\"og:image\" content=\"https:\/\/musica.santjosep.org\/wp-content\/uploads\/2022\/03\/Sequoia-grabacio\u0301nrec.jpg\" \/>\n\t<meta property=\"og:image:width\" content=\"1400\" \/>\n\t<meta property=\"og:image:height\" content=\"933\" \/>\n\t<meta property=\"og:image:type\" content=\"image\/jpeg\" \/>\n<meta name=\"author\" content=\"xescu\" \/>\n<meta name=\"twitter:card\" content=\"summary_large_image\" \/>\n<meta name=\"twitter:creator\" content=\"@MusicaSantJosep\" \/>\n<meta name=\"twitter:site\" content=\"@MusicaSantJosep\" \/>\n<meta name=\"twitter:label1\" content=\"Escrito por\" \/>\n\t<meta name=\"twitter:data1\" content=\"xescu\" \/>\n\t<meta name=\"twitter:label2\" content=\"Tiempo de lectura\" \/>\n\t<meta name=\"twitter:data2\" content=\"2 minutos\" \/>\n<script type=\"application\/ld+json\" class=\"yoast-schema-graph\">{\"@context\":\"https:\/\/schema.org\",\"@graph\":[{\"@type\":\"Article\",\"@id\":\"https:\/\/musica.santjosep.org\/es\/sequoia-tree-lanza-un-album-homonimo-para-cerrar-una-trayectoria-de-catorce-anos\/#article\",\"isPartOf\":{\"@id\":\"https:\/\/musica.santjosep.org\/es\/sequoia-tree-lanza-un-album-homonimo-para-cerrar-una-trayectoria-de-catorce-anos\/\"},\"author\":{\"name\":\"xescu\",\"@id\":\"https:\/\/musica.santjosep.org\/es\/#\/schema\/person\/0f860b74dd6768c60f67a1aacfe267e3\"},\"headline\":\"Sequoia Tree lanza un \u00e1lbum hom\u00f3nimo para cerrar una trayectoria de catorce a\u00f1os\",\"datePublished\":\"2022-03-08T19:53:55+00:00\",\"dateModified\":\"2022-03-08T20:35:49+00:00\",\"mainEntityOfPage\":{\"@id\":\"https:\/\/musica.santjosep.org\/es\/sequoia-tree-lanza-un-album-homonimo-para-cerrar-una-trayectoria-de-catorce-anos\/\"},\"wordCount\":351,\"commentCount\":0,\"publisher\":{\"@id\":\"https:\/\/musica.santjosep.org\/es\/#organization\"},\"image\":{\"@id\":\"https:\/\/musica.santjosep.org\/es\/sequoia-tree-lanza-un-album-homonimo-para-cerrar-una-trayectoria-de-catorce-anos\/#primaryimage\"},\"thumbnailUrl\":\"https:\/\/musica.santjosep.org\/wp-content\/uploads\/2022\/03\/Sequoia-grabacio\u0301nrec.jpg\",\"articleSection\":[\"Actualidad\"],\"inLanguage\":\"es\",\"potentialAction\":[{\"@type\":\"CommentAction\",\"name\":\"Comment\",\"target\":[\"https:\/\/musica.santjosep.org\/es\/sequoia-tree-lanza-un-album-homonimo-para-cerrar-una-trayectoria-de-catorce-anos\/#respond\"]}]},{\"@type\":\"WebPage\",\"@id\":\"https:\/\/musica.santjosep.org\/es\/sequoia-tree-lanza-un-album-homonimo-para-cerrar-una-trayectoria-de-catorce-anos\/\",\"url\":\"https:\/\/musica.santjosep.org\/es\/sequoia-tree-lanza-un-album-homonimo-para-cerrar-una-trayectoria-de-catorce-anos\/\",\"name\":\"Sequoia Tree lanza un \u00e1lbum hom\u00f3nimo para cerrar una trayectoria de catorce a\u00f1os - Sant Josep \u00e9s m\u00fasica\",\"isPartOf\":{\"@id\":\"https:\/\/musica.santjosep.org\/es\/#website\"},\"primaryImageOfPage\":{\"@id\":\"https:\/\/musica.santjosep.org\/es\/sequoia-tree-lanza-un-album-homonimo-para-cerrar-una-trayectoria-de-catorce-anos\/#primaryimage\"},\"image\":{\"@id\":\"https:\/\/musica.santjosep.org\/es\/sequoia-tree-lanza-un-album-homonimo-para-cerrar-una-trayectoria-de-catorce-anos\/#primaryimage\"},\"thumbnailUrl\":\"https:\/\/musica.santjosep.org\/wp-content\/uploads\/2022\/03\/Sequoia-grabacio\u0301nrec.jpg\",\"datePublished\":\"2022-03-08T19:53:55+00:00\",\"dateModified\":\"2022-03-08T20:35:49+00:00\",\"breadcrumb\":{\"@id\":\"https:\/\/musica.santjosep.org\/es\/sequoia-tree-lanza-un-album-homonimo-para-cerrar-una-trayectoria-de-catorce-anos\/#breadcrumb\"},\"inLanguage\":\"es\",\"potentialAction\":[{\"@type\":\"ReadAction\",\"target\":[\"https:\/\/musica.santjosep.org\/es\/sequoia-tree-lanza-un-album-homonimo-para-cerrar-una-trayectoria-de-catorce-anos\/\"]}]},{\"@type\":\"ImageObject\",\"inLanguage\":\"es\",\"@id\":\"https:\/\/musica.santjosep.org\/es\/sequoia-tree-lanza-un-album-homonimo-para-cerrar-una-trayectoria-de-catorce-anos\/#primaryimage\",\"url\":\"https:\/\/musica.santjosep.org\/wp-content\/uploads\/2022\/03\/Sequoia-grabacio\u0301nrec.jpg\",\"contentUrl\":\"https:\/\/musica.santjosep.org\/wp-content\/uploads\/2022\/03\/Sequoia-grabacio\u0301nrec.jpg\",\"width\":1400,\"height\":933},{\"@type\":\"BreadcrumbList\",\"@id\":\"https:\/\/musica.santjosep.org\/es\/sequoia-tree-lanza-un-album-homonimo-para-cerrar-una-trayectoria-de-catorce-anos\/#breadcrumb\",\"itemListElement\":[{\"@type\":\"ListItem\",\"position\":1,\"name\":\"Portada\",\"item\":\"https:\/\/musica.santjosep.org\/es\/\"},{\"@type\":\"ListItem\",\"position\":2,\"name\":\"Sequoia Tree lanza un \u00e1lbum hom\u00f3nimo para cerrar una trayectoria de catorce a\u00f1os\"}]},{\"@type\":\"WebSite\",\"@id\":\"https:\/\/musica.santjosep.org\/es\/#website\",\"url\":\"https:\/\/musica.santjosep.org\/es\/\",\"name\":\"Sant Josep \u00e9s m\u00fasica\",\"description\":\"Informaci\u00f3n actualizada de todos los conciertos, grupos y artistas que act\u00faen tanto en fiestas y festivales, como en establecimientos privados en el municipio de Sant Josep de sa Talaia\",\"publisher\":{\"@id\":\"https:\/\/musica.santjosep.org\/es\/#organization\"},\"potentialAction\":[{\"@type\":\"SearchAction\",\"target\":{\"@type\":\"EntryPoint\",\"urlTemplate\":\"https:\/\/musica.santjosep.org\/es\/?s={search_term_string}\"},\"query-input\":{\"@type\":\"PropertyValueSpecification\",\"valueRequired\":true,\"valueName\":\"search_term_string\"}}],\"inLanguage\":\"es\"},{\"@type\":\"Organization\",\"@id\":\"https:\/\/musica.santjosep.org\/es\/#organization\",\"name\":\"Sant Josep \u00e9s m\u00fasica\",\"url\":\"https:\/\/musica.santjosep.org\/es\/\",\"logo\":{\"@type\":\"ImageObject\",\"inLanguage\":\"es\",\"@id\":\"https:\/\/musica.santjosep.org\/es\/#\/schema\/logo\/image\/\",\"url\":\"https:\/\/musica.santjosep.org\/wp-content\/uploads\/2022\/01\/logo-SJEM.png\",\"contentUrl\":\"https:\/\/musica.santjosep.org\/wp-content\/uploads\/2022\/01\/logo-SJEM.png\",\"width\":213,\"height\":103,\"caption\":\"Sant Josep \u00e9s m\u00fasica\"},\"image\":{\"@id\":\"https:\/\/musica.santjosep.org\/es\/#\/schema\/logo\/image\/\"},\"sameAs\":[\"https:\/\/www.facebook.com\/Sant-Josep-s-Msica-105337042007790\",\"https:\/\/x.com\/MusicaSantJosep\",\"https:\/\/www.instagram.com\/musicasantjosep\/\",\"https:\/\/www.youtube.com\/channel\/UCBSLSUpqfrfsiOMVslmZEJA\"]},{\"@type\":\"Person\",\"@id\":\"https:\/\/musica.santjosep.org\/es\/#\/schema\/person\/0f860b74dd6768c60f67a1aacfe267e3\",\"name\":\"xescu\",\"image\":{\"@type\":\"ImageObject\",\"inLanguage\":\"es\",\"@id\":\"https:\/\/musica.santjosep.org\/es\/#\/schema\/person\/image\/\",\"url\":\"https:\/\/secure.gravatar.com\/avatar\/d569ee5739a9c7022470ea472c9b4b9cf476e15f1be71e5242c911d673d14ad9?s=96&d=mm&r=g\",\"contentUrl\":\"https:\/\/secure.gravatar.com\/avatar\/d569ee5739a9c7022470ea472c9b4b9cf476e15f1be71e5242c911d673d14ad9?s=96&d=mm&r=g\",\"caption\":\"xescu\"}}]}<\/script>\n<!-- \/ Yoast SEO plugin. -->","yoast_head_json":{"title":"Sequoia Tree lanza un \u00e1lbum hom\u00f3nimo para cerrar una trayectoria de catorce a\u00f1os - Sant Josep \u00e9s m\u00fasica","robots":{"index":"index","follow":"follow","max-snippet":"max-snippet:-1","max-image-preview":"max-image-preview:large","max-video-preview":"max-video-preview:-1"},"canonical":"https:\/\/musica.santjosep.org\/es\/sequoia-tree-lanza-un-album-homonimo-para-cerrar-una-trayectoria-de-catorce-anos\/","og_locale":"es_ES","og_type":"article","og_title":"Sequoia Tree lanza un \u00e1lbum hom\u00f3nimo para cerrar una trayectoria de catorce a\u00f1os - Sant Josep \u00e9s m\u00fasica","og_description":"Este nuevo trabajo es el tercero del grupo e ir\u00e1 acompa\u00f1ado de una minigira de conciertos de presentaci\u00f3n y despedida","og_url":"https:\/\/musica.santjosep.org\/es\/sequoia-tree-lanza-un-album-homonimo-para-cerrar-una-trayectoria-de-catorce-anos\/","og_site_name":"Sant Josep \u00e9s m\u00fasica","article_publisher":"https:\/\/www.facebook.com\/Sant-Josep-s-Msica-105337042007790","article_published_time":"2022-03-08T19:53:55+00:00","article_modified_time":"2022-03-08T20:35:49+00:00","og_image":[{"width":1400,"height":933,"url":"https:\/\/musica.santjosep.org\/wp-content\/uploads\/2022\/03\/Sequoia-grabacio\u0301nrec.jpg","type":"image\/jpeg"}],"author":"xescu","twitter_card":"summary_large_image","twitter_creator":"@MusicaSantJosep","twitter_site":"@MusicaSantJosep","twitter_misc":{"Escrito por":"xescu","Tiempo de lectura":"2 minutos"},"schema":{"@context":"https:\/\/schema.org","@graph":[{"@type":"Article","@id":"https:\/\/musica.santjosep.org\/es\/sequoia-tree-lanza-un-album-homonimo-para-cerrar-una-trayectoria-de-catorce-anos\/#article","isPartOf":{"@id":"https:\/\/musica.santjosep.org\/es\/sequoia-tree-lanza-un-album-homonimo-para-cerrar-una-trayectoria-de-catorce-anos\/"},"author":{"name":"xescu","@id":"https:\/\/musica.santjosep.org\/es\/#\/schema\/person\/0f860b74dd6768c60f67a1aacfe267e3"},"headline":"Sequoia Tree lanza un \u00e1lbum hom\u00f3nimo para cerrar una trayectoria de catorce a\u00f1os","datePublished":"2022-03-08T19:53:55+00:00","dateModified":"2022-03-08T20:35:49+00:00","mainEntityOfPage":{"@id":"https:\/\/musica.santjosep.org\/es\/sequoia-tree-lanza-un-album-homonimo-para-cerrar-una-trayectoria-de-catorce-anos\/"},"wordCount":351,"commentCount":0,"publisher":{"@id":"https:\/\/musica.santjosep.org\/es\/#organization"},"image":{"@id":"https:\/\/musica.santjosep.org\/es\/sequoia-tree-lanza-un-album-homonimo-para-cerrar-una-trayectoria-de-catorce-anos\/#primaryimage"},"thumbnailUrl":"https:\/\/musica.santjosep.org\/wp-content\/uploads\/2022\/03\/Sequoia-grabacio\u0301nrec.jpg","articleSection":["Actualidad"],"inLanguage":"es","potentialAction":[{"@type":"CommentAction","name":"Comment","target":["https:\/\/musica.santjosep.org\/es\/sequoia-tree-lanza-un-album-homonimo-para-cerrar-una-trayectoria-de-catorce-anos\/#respond"]}]},{"@type":"WebPage","@id":"https:\/\/musica.santjosep.org\/es\/sequoia-tree-lanza-un-album-homonimo-para-cerrar-una-trayectoria-de-catorce-anos\/","url":"https:\/\/musica.santjosep.org\/es\/sequoia-tree-lanza-un-album-homonimo-para-cerrar-una-trayectoria-de-catorce-anos\/","name":"Sequoia Tree lanza un \u00e1lbum hom\u00f3nimo para cerrar una trayectoria de catorce a\u00f1os - Sant Josep \u00e9s m\u00fasica","isPartOf":{"@id":"https:\/\/musica.santjosep.org\/es\/#website"},"primaryImageOfPage":{"@id":"https:\/\/musica.santjosep.org\/es\/sequoia-tree-lanza-un-album-homonimo-para-cerrar-una-trayectoria-de-catorce-anos\/#primaryimage"},"image":{"@id":"https:\/\/musica.santjosep.org\/es\/sequoia-tree-lanza-un-album-homonimo-para-cerrar-una-trayectoria-de-catorce-anos\/#primaryimage"},"thumbnailUrl":"https:\/\/musica.santjosep.org\/wp-content\/uploads\/2022\/03\/Sequoia-grabacio\u0301nrec.jpg","datePublished":"2022-03-08T19:53:55+00:00","dateModified":"2022-03-08T20:35:49+00:00","breadcrumb":{"@id":"https:\/\/musica.santjosep.org\/es\/sequoia-tree-lanza-un-album-homonimo-para-cerrar-una-trayectoria-de-catorce-anos\/#breadcrumb"},"inLanguage":"es","potentialAction":[{"@type":"ReadAction","target":["https:\/\/musica.santjosep.org\/es\/sequoia-tree-lanza-un-album-homonimo-para-cerrar-una-trayectoria-de-catorce-anos\/"]}]},{"@type":"ImageObject","inLanguage":"es","@id":"https:\/\/musica.santjosep.org\/es\/sequoia-tree-lanza-un-album-homonimo-para-cerrar-una-trayectoria-de-catorce-anos\/#primaryimage","url":"https:\/\/musica.santjosep.org\/wp-content\/uploads\/2022\/03\/Sequoia-grabacio\u0301nrec.jpg","contentUrl":"https:\/\/musica.santjosep.org\/wp-content\/uploads\/2022\/03\/Sequoia-grabacio\u0301nrec.jpg","width":1400,"height":933},{"@type":"BreadcrumbList","@id":"https:\/\/musica.santjosep.org\/es\/sequoia-tree-lanza-un-album-homonimo-para-cerrar-una-trayectoria-de-catorce-anos\/#breadcrumb","itemListElement":[{"@type":"ListItem","position":1,"name":"Portada","item":"https:\/\/musica.santjosep.org\/es\/"},{"@type":"ListItem","position":2,"name":"Sequoia Tree lanza un \u00e1lbum hom\u00f3nimo para cerrar una trayectoria de catorce a\u00f1os"}]},{"@type":"WebSite","@id":"https:\/\/musica.santjosep.org\/es\/#website","url":"https:\/\/musica.santjosep.org\/es\/","name":"Sant Josep \u00e9s m\u00fasica","description":"Informaci\u00f3n actualizada de todos los conciertos, grupos y artistas que act\u00faen tanto en fiestas y festivales, como en establecimientos privados en el municipio de Sant Josep de sa Talaia","publisher":{"@id":"https:\/\/musica.santjosep.org\/es\/#organization"},"potentialAction":[{"@type":"SearchAction","target":{"@type":"EntryPoint","urlTemplate":"https:\/\/musica.santjosep.org\/es\/?s={search_term_string}"},"query-input":{"@type":"PropertyValueSpecification","valueRequired":true,"valueName":"search_term_string"}}],"inLanguage":"es"},{"@type":"Organization","@id":"https:\/\/musica.santjosep.org\/es\/#organization","name":"Sant Josep \u00e9s m\u00fasica","url":"https:\/\/musica.santjosep.org\/es\/","logo":{"@type":"ImageObject","inLanguage":"es","@id":"https:\/\/musica.santjosep.org\/es\/#\/schema\/logo\/image\/","url":"https:\/\/musica.santjosep.org\/wp-content\/uploads\/2022\/01\/logo-SJEM.png","contentUrl":"https:\/\/musica.santjosep.org\/wp-content\/uploads\/2022\/01\/logo-SJEM.png","width":213,"height":103,"caption":"Sant Josep \u00e9s m\u00fasica"},"image":{"@id":"https:\/\/musica.santjosep.org\/es\/#\/schema\/logo\/image\/"},"sameAs":["https:\/\/www.facebook.com\/Sant-Josep-s-Msica-105337042007790","https:\/\/x.com\/MusicaSantJosep","https:\/\/www.instagram.com\/musicasantjosep\/","https:\/\/www.youtube.com\/channel\/UCBSLSUpqfrfsiOMVslmZEJA"]},{"@type":"Person","@id":"https:\/\/musica.santjosep.org\/es\/#\/schema\/person\/0f860b74dd6768c60f67a1aacfe267e3","name":"xescu","image":{"@type":"ImageObject","inLanguage":"es","@id":"https:\/\/musica.santjosep.org\/es\/#\/schema\/person\/image\/","url":"https:\/\/secure.gravatar.com\/avatar\/d569ee5739a9c7022470ea472c9b4b9cf476e15f1be71e5242c911d673d14ad9?s=96&d=mm&r=g","contentUrl":"https:\/\/secure.gravatar.com\/avatar\/d569ee5739a9c7022470ea472c9b4b9cf476e15f1be71e5242c911d673d14ad9?s=96&d=mm&r=g","caption":"xescu"}}]}},"_links":{"self":[{"href":"https:\/\/musica.santjosep.org\/es\/wp-json\/wp\/v2\/posts\/4504","targetHints":{"allow":["GET"]}}],"collection":[{"href":"https:\/\/musica.santjosep.org\/es\/wp-json\/wp\/v2\/posts"}],"about":[{"href":"https:\/\/musica.santjosep.org\/es\/wp-json\/wp\/v2\/types\/post"}],"author":[{"embeddable":true,"href":"https:\/\/musica.santjosep.org\/es\/wp-json\/wp\/v2\/users\/2"}],"replies":[{"embeddable":true,"href":"https:\/\/musica.santjosep.org\/es\/wp-json\/wp\/v2\/comments?post=4504"}],"version-history":[{"count":0,"href":"https:\/\/musica.santjosep.org\/es\/wp-json\/wp\/v2\/posts\/4504\/revisions"}],"wp:featuredmedia":[{"embeddable":true,"href":"https:\/\/musica.santjosep.org\/es\/wp-json\/wp\/v2\/media\/4456"}],"wp:attachment":[{"href":"https:\/\/musica.santjosep.org\/es\/wp-json\/wp\/v2\/media?parent=4504"}],"wp:term":[{"taxonomy":"category","embeddable":true,"href":"https:\/\/musica.santjosep.org\/es\/wp-json\/wp\/v2\/categories?post=4504"},{"taxonomy":"post_tag","embeddable":true,"href":"https:\/\/musica.santjosep.org\/es\/wp-json\/wp\/v2\/tags?post=4504"}],"curies":[{"name":"wp","href":"https:\/\/api.w.org\/{rel}","templated":true}]}}