{"id":31160,"date":"2024-01-10T12:03:43","date_gmt":"2024-01-10T11:03:43","guid":{"rendered":"https:\/\/musica.santjosep.org\/?p=31160"},"modified":"2024-01-10T12:16:52","modified_gmt":"2024-01-10T11:16:52","slug":"sant-josep-es-musica-promociono-1-200-conciertos-en-2023-un-20-mas","status":"publish","type":"post","link":"https:\/\/musica.santjosep.org\/es\/sant-josep-es-musica-promociono-1-200-conciertos-en-2023-un-20-mas\/","title":{"rendered":"Sant Josep \u00e9s M\u00fasica promocion\u00f3 1.200 conciertos en 2023, un 20% m\u00e1s"},"content":{"rendered":"<p>A lo largo de 2023, en su segundo a\u00f1o de funcionamiento, el portal Sant Josep \u00e9s M\u00fasica, que impulsa el Ayuntamiento de Sant Josep, ha superado los 1.200 conciertos promocionados, lo que supone un incremento del 20% con respecto al a\u00f1o anterior. El portal naci\u00f3 en enero de 2022 y durante ese a\u00f1o se publicaron en la agenda de la web unos 1.000 conciertos, tanto organizados por instituciones p\u00fablicas en recintos municipales como por locales privados. El notable incremento registrado el a\u00f1o pasado refleja, sin duda, la excelente salud de la m\u00fasica en vivo en Sant Josep de sa Talaia, ya que cada vez hay m\u00e1s establecimientos que apuestan por esta forma de cultura con el objetivo de ofrecer un valor a\u00f1adido a sus clientes.<\/p>\n<p>La web, que poco a poco se va convirtiendo en una suerte enciclopedia sobre los grupos ibicencos y la industria musical de la isla, ya acumula 225 fichas de grupos y artistas, que incluyen fotograf\u00edas, v\u00eddeos, texto biogr\u00e1fico, la manera de contactar con la formaci\u00f3n y enlaces a sus redes sociales y a las plataformas de m\u00fasica por <em>streaming<\/em> donde puede escucharse su m\u00fasica.<\/p>\n<p>Tambi\u00e9n hay subidos 86 discos producidos en Ibiza en los \u00faltimos a\u00f1os, m\u00e1s de medio centenar de locales privados que programan conciertos de manera regular, una decena de recintos p\u00fablicos y 17 estudios de grabaci\u00f3n y otras empresas especializadas vinculadas al sector musical.<\/p>\n<div id=\"attachment_31165\" style=\"width: 1410px\" class=\"wp-caption alignnone\"><img loading=\"lazy\" decoding=\"async\" aria-describedby=\"caption-attachment-31165\" class=\"wp-image-31165 size-full\" src=\"https:\/\/musica.santjosep.org\/wp-content\/uploads\/2024\/01\/Soul-Food-Fest-38.jpg\" alt=\"\" width=\"1400\" height=\"934\" srcset=\"https:\/\/musica.santjosep.org\/wp-content\/uploads\/2024\/01\/Soul-Food-Fest-38.jpg 1400w, https:\/\/musica.santjosep.org\/wp-content\/uploads\/2024\/01\/Soul-Food-Fest-38-300x200.jpg 300w, https:\/\/musica.santjosep.org\/wp-content\/uploads\/2024\/01\/Soul-Food-Fest-38-1024x683.jpg 1024w, https:\/\/musica.santjosep.org\/wp-content\/uploads\/2024\/01\/Soul-Food-Fest-38-768x512.jpg 768w\" sizes=\"auto, (max-width: 1400px) 100vw, 1400px\" \/><p id=\"caption-attachment-31165\" class=\"wp-caption-text\">Willie Buck (Soul Food Fest 2023). Foto: Joan F. Ribas<\/p><\/div>\n<p>Cabe recordar que la web tambi\u00e9n incluye miles de fotograf\u00edas, tanto promocionales de los grupos y establecimientos, como del extens\u00edsimo banco de im\u00e1genes de producci\u00f3n propia, que actualiza semanalmente el fot\u00f3grafo especializado en conciertos Joan F. Ribas. Tambi\u00e9n se han publicado 73 noticias de actualidad musical.<\/p>\n<p>En cuanto al tr\u00e1fico de la web, esta cuenta con m\u00e1s de 22.000 usuarios \u00fanicos, que visitan una media de diez p\u00e1ginas cada vez que acceden al portal. Las p\u00e1ginas vistas ascienden a 235.000 y el tiempo medio de estancia de los internautas es de un minuto y medio.<\/p>\n<p>Sobre la procedencia de los usuarios, hay que subrayar que se ha producido un cambio dr\u00e1stico, ya que los accesos directos alcanzan el 55% del total, frente al 33% de 2022, lo que significa que la web es cada vez m\u00e1s conocida. En cuanto al resto de usuarios, el 25% entra en la p\u00e1gina tras realizar una b\u00fasqueda org\u00e1nica y el 16% mediante un enlace en las redes sociales.<\/p>\n<div id=\"attachment_31167\" style=\"width: 1410px\" class=\"wp-caption alignnone\"><img loading=\"lazy\" decoding=\"async\" aria-describedby=\"caption-attachment-31167\" class=\"wp-image-31167 size-full\" src=\"https:\/\/musica.santjosep.org\/wp-content\/uploads\/2024\/01\/Hollers-18.jpg\" alt=\"\" width=\"1400\" height=\"934\" srcset=\"https:\/\/musica.santjosep.org\/wp-content\/uploads\/2024\/01\/Hollers-18.jpg 1400w, https:\/\/musica.santjosep.org\/wp-content\/uploads\/2024\/01\/Hollers-18-300x200.jpg 300w, https:\/\/musica.santjosep.org\/wp-content\/uploads\/2024\/01\/Hollers-18-1024x683.jpg 1024w, https:\/\/musica.santjosep.org\/wp-content\/uploads\/2024\/01\/Hollers-18-768x512.jpg 768w\" sizes=\"auto, (max-width: 1400px) 100vw, 1400px\" \/><p id=\"caption-attachment-31167\" class=\"wp-caption-text\">The Station Hollers (Can Jordi Blues Station). Foto: Joan F. Ribas<\/p><\/div>\n<p>Sorprendentemente, la p\u00e1gina m\u00e1s vista ha sido la agenda de conciertos, frente a la homepage, que se ahora se sit\u00faa en segundo lugar. Esto indica que los usuarios de la p\u00e1gina ya se han acostumbrado a acceder directamente al apartado de conciertos del municipio y que tienen guardada esta p\u00e1gina entre los favoritos de su navegador. La tercera secci\u00f3n m\u00e1s visitada es el directorio de m\u00fasicos y artistas, y la noticia m\u00e1s le\u00edda en 2023 y en toda la historia de la p\u00e1gina, la referida al <a href=\"https:\/\/musica.santjosep.org\/es\/nos-deja-ramon-bufi-un-musico-historico-de-ibiza\/\" target=\"_blank\" rel=\"noopener\">fallecimiento del m\u00fasico ibicenco Ram\u00f3n Buf\u00ed<\/a>. Se public\u00f3 el pasado 10 de noviembre y ofrec\u00eda un amplio repaso a su carrera musical, con el que Sant Josep \u00e9s M\u00fasica quiso rendirle homenaje.<\/p>\n<p>Respecto a las redes sociales asociadas (Facebook, Twitter e Instagram), se han realizado unas 6.000 publicaciones en conjunto en 2023, frente a las 5.000 del a\u00f1o anterior, y el canal de Youtube ya aglutina un total de 279 v\u00eddeos de conciertos, todos ellos de producci\u00f3n propia.<\/p>\n","protected":false},"excerpt":{"rendered":"<p>Desde las redes sociales vinculadas al portal se han lanzado 6.000 publicaciones y el canal de Youtube ya acumula 279 v\u00eddeos de conciertos.<\/p>\n","protected":false},"author":2,"featured_media":31163,"comment_status":"open","ping_status":"open","sticky":false,"template":"","format":"standard","meta":{"_acf_changed":false,"footnotes":""},"categories":[14],"tags":[],"class_list":["post-31160","post","type-post","status-publish","format-standard","has-post-thumbnail","hentry","category-actualidad"],"acf":[],"yoast_head":"<!-- This site is optimized with the Yoast SEO plugin v26.6 - https:\/\/yoast.com\/wordpress\/plugins\/seo\/ -->\n<title>Sant Josep \u00e9s M\u00fasica promocion\u00f3 1.200 conciertos en 2023, un 20% m\u00e1s - Sant Josep \u00e9s m\u00fasica<\/title>\n<meta name=\"robots\" content=\"index, follow, max-snippet:-1, max-image-preview:large, max-video-preview:-1\" \/>\n<link rel=\"canonical\" href=\"https:\/\/musica.santjosep.org\/es\/sant-josep-es-musica-promociono-1-200-conciertos-en-2023-un-20-mas\/\" \/>\n<meta property=\"og:locale\" content=\"es_ES\" \/>\n<meta property=\"og:type\" content=\"article\" \/>\n<meta property=\"og:title\" content=\"Sant Josep \u00e9s M\u00fasica promocion\u00f3 1.200 conciertos en 2023, un 20% m\u00e1s - Sant Josep \u00e9s m\u00fasica\" \/>\n<meta property=\"og:description\" content=\"Desde las redes sociales vinculadas al portal se han lanzado 6.000 publicaciones y el canal de Youtube ya acumula 279 v\u00eddeos de conciertos.\" \/>\n<meta property=\"og:url\" content=\"https:\/\/musica.santjosep.org\/es\/sant-josep-es-musica-promociono-1-200-conciertos-en-2023-un-20-mas\/\" \/>\n<meta property=\"og:site_name\" content=\"Sant Josep \u00e9s m\u00fasica\" \/>\n<meta property=\"article:publisher\" content=\"https:\/\/www.facebook.com\/Sant-Josep-s-Msica-105337042007790\" \/>\n<meta property=\"article:published_time\" content=\"2024-01-10T11:03:43+00:00\" \/>\n<meta property=\"article:modified_time\" content=\"2024-01-10T11:16:52+00:00\" \/>\n<meta property=\"og:image\" content=\"https:\/\/musica.santjosep.org\/wp-content\/uploads\/2024\/01\/Larry-Campbell-Sant-Josep-es-Musica-20.jpg\" \/>\n\t<meta property=\"og:image:width\" content=\"1400\" \/>\n\t<meta property=\"og:image:height\" content=\"934\" \/>\n\t<meta property=\"og:image:type\" content=\"image\/jpeg\" \/>\n<meta name=\"author\" content=\"xescu\" \/>\n<meta name=\"twitter:card\" content=\"summary_large_image\" \/>\n<meta name=\"twitter:creator\" content=\"@MusicaSantJosep\" \/>\n<meta name=\"twitter:site\" content=\"@MusicaSantJosep\" \/>\n<meta name=\"twitter:label1\" content=\"Escrito por\" \/>\n\t<meta name=\"twitter:data1\" content=\"xescu\" \/>\n\t<meta name=\"twitter:label2\" content=\"Tiempo de lectura\" \/>\n\t<meta name=\"twitter:data2\" content=\"4 minutos\" \/>\n<script type=\"application\/ld+json\" class=\"yoast-schema-graph\">{\"@context\":\"https:\/\/schema.org\",\"@graph\":[{\"@type\":\"Article\",\"@id\":\"https:\/\/musica.santjosep.org\/es\/sant-josep-es-musica-promociono-1-200-conciertos-en-2023-un-20-mas\/#article\",\"isPartOf\":{\"@id\":\"https:\/\/musica.santjosep.org\/es\/sant-josep-es-musica-promociono-1-200-conciertos-en-2023-un-20-mas\/\"},\"author\":{\"name\":\"xescu\",\"@id\":\"https:\/\/musica.santjosep.org\/es\/#\/schema\/person\/0f860b74dd6768c60f67a1aacfe267e3\"},\"headline\":\"Sant Josep \u00e9s M\u00fasica promocion\u00f3 1.200 conciertos en 2023, un 20% m\u00e1s\",\"datePublished\":\"2024-01-10T11:03:43+00:00\",\"dateModified\":\"2024-01-10T11:16:52+00:00\",\"mainEntityOfPage\":{\"@id\":\"https:\/\/musica.santjosep.org\/es\/sant-josep-es-musica-promociono-1-200-conciertos-en-2023-un-20-mas\/\"},\"wordCount\":637,\"commentCount\":0,\"publisher\":{\"@id\":\"https:\/\/musica.santjosep.org\/es\/#organization\"},\"image\":{\"@id\":\"https:\/\/musica.santjosep.org\/es\/sant-josep-es-musica-promociono-1-200-conciertos-en-2023-un-20-mas\/#primaryimage\"},\"thumbnailUrl\":\"https:\/\/musica.santjosep.org\/wp-content\/uploads\/2024\/01\/Larry-Campbell-Sant-Josep-es-Musica-20.jpg\",\"articleSection\":[\"Actualidad\"],\"inLanguage\":\"es\",\"potentialAction\":[{\"@type\":\"CommentAction\",\"name\":\"Comment\",\"target\":[\"https:\/\/musica.santjosep.org\/es\/sant-josep-es-musica-promociono-1-200-conciertos-en-2023-un-20-mas\/#respond\"]}]},{\"@type\":\"WebPage\",\"@id\":\"https:\/\/musica.santjosep.org\/es\/sant-josep-es-musica-promociono-1-200-conciertos-en-2023-un-20-mas\/\",\"url\":\"https:\/\/musica.santjosep.org\/es\/sant-josep-es-musica-promociono-1-200-conciertos-en-2023-un-20-mas\/\",\"name\":\"Sant Josep \u00e9s M\u00fasica promocion\u00f3 1.200 conciertos en 2023, un 20% m\u00e1s - Sant Josep \u00e9s m\u00fasica\",\"isPartOf\":{\"@id\":\"https:\/\/musica.santjosep.org\/es\/#website\"},\"primaryImageOfPage\":{\"@id\":\"https:\/\/musica.santjosep.org\/es\/sant-josep-es-musica-promociono-1-200-conciertos-en-2023-un-20-mas\/#primaryimage\"},\"image\":{\"@id\":\"https:\/\/musica.santjosep.org\/es\/sant-josep-es-musica-promociono-1-200-conciertos-en-2023-un-20-mas\/#primaryimage\"},\"thumbnailUrl\":\"https:\/\/musica.santjosep.org\/wp-content\/uploads\/2024\/01\/Larry-Campbell-Sant-Josep-es-Musica-20.jpg\",\"datePublished\":\"2024-01-10T11:03:43+00:00\",\"dateModified\":\"2024-01-10T11:16:52+00:00\",\"breadcrumb\":{\"@id\":\"https:\/\/musica.santjosep.org\/es\/sant-josep-es-musica-promociono-1-200-conciertos-en-2023-un-20-mas\/#breadcrumb\"},\"inLanguage\":\"es\",\"potentialAction\":[{\"@type\":\"ReadAction\",\"target\":[\"https:\/\/musica.santjosep.org\/es\/sant-josep-es-musica-promociono-1-200-conciertos-en-2023-un-20-mas\/\"]}]},{\"@type\":\"ImageObject\",\"inLanguage\":\"es\",\"@id\":\"https:\/\/musica.santjosep.org\/es\/sant-josep-es-musica-promociono-1-200-conciertos-en-2023-un-20-mas\/#primaryimage\",\"url\":\"https:\/\/musica.santjosep.org\/wp-content\/uploads\/2024\/01\/Larry-Campbell-Sant-Josep-es-Musica-20.jpg\",\"contentUrl\":\"https:\/\/musica.santjosep.org\/wp-content\/uploads\/2024\/01\/Larry-Campbell-Sant-Josep-es-Musica-20.jpg\",\"width\":1400,\"height\":934,\"caption\":\"Larry Campbell & Teresa Williams (Sol Post a s'Oli Fest). Foto: Joan F. Ribas\"},{\"@type\":\"BreadcrumbList\",\"@id\":\"https:\/\/musica.santjosep.org\/es\/sant-josep-es-musica-promociono-1-200-conciertos-en-2023-un-20-mas\/#breadcrumb\",\"itemListElement\":[{\"@type\":\"ListItem\",\"position\":1,\"name\":\"Portada\",\"item\":\"https:\/\/musica.santjosep.org\/es\/\"},{\"@type\":\"ListItem\",\"position\":2,\"name\":\"Sant Josep \u00e9s M\u00fasica promocion\u00f3 1.200 conciertos en 2023, un 20% m\u00e1s\"}]},{\"@type\":\"WebSite\",\"@id\":\"https:\/\/musica.santjosep.org\/es\/#website\",\"url\":\"https:\/\/musica.santjosep.org\/es\/\",\"name\":\"Sant Josep \u00e9s m\u00fasica\",\"description\":\"Informaci\u00f3n actualizada de todos los conciertos, grupos y artistas que act\u00faen tanto en fiestas y festivales, como en establecimientos privados en el municipio de Sant Josep de sa Talaia\",\"publisher\":{\"@id\":\"https:\/\/musica.santjosep.org\/es\/#organization\"},\"potentialAction\":[{\"@type\":\"SearchAction\",\"target\":{\"@type\":\"EntryPoint\",\"urlTemplate\":\"https:\/\/musica.santjosep.org\/es\/?s={search_term_string}\"},\"query-input\":{\"@type\":\"PropertyValueSpecification\",\"valueRequired\":true,\"valueName\":\"search_term_string\"}}],\"inLanguage\":\"es\"},{\"@type\":\"Organization\",\"@id\":\"https:\/\/musica.santjosep.org\/es\/#organization\",\"name\":\"Sant Josep \u00e9s m\u00fasica\",\"url\":\"https:\/\/musica.santjosep.org\/es\/\",\"logo\":{\"@type\":\"ImageObject\",\"inLanguage\":\"es\",\"@id\":\"https:\/\/musica.santjosep.org\/es\/#\/schema\/logo\/image\/\",\"url\":\"https:\/\/musica.santjosep.org\/wp-content\/uploads\/2022\/01\/logo-SJEM.png\",\"contentUrl\":\"https:\/\/musica.santjosep.org\/wp-content\/uploads\/2022\/01\/logo-SJEM.png\",\"width\":213,\"height\":103,\"caption\":\"Sant Josep \u00e9s m\u00fasica\"},\"image\":{\"@id\":\"https:\/\/musica.santjosep.org\/es\/#\/schema\/logo\/image\/\"},\"sameAs\":[\"https:\/\/www.facebook.com\/Sant-Josep-s-Msica-105337042007790\",\"https:\/\/x.com\/MusicaSantJosep\",\"https:\/\/www.instagram.com\/musicasantjosep\/\",\"https:\/\/www.youtube.com\/channel\/UCBSLSUpqfrfsiOMVslmZEJA\"]},{\"@type\":\"Person\",\"@id\":\"https:\/\/musica.santjosep.org\/es\/#\/schema\/person\/0f860b74dd6768c60f67a1aacfe267e3\",\"name\":\"xescu\",\"image\":{\"@type\":\"ImageObject\",\"inLanguage\":\"es\",\"@id\":\"https:\/\/musica.santjosep.org\/es\/#\/schema\/person\/image\/\",\"url\":\"https:\/\/secure.gravatar.com\/avatar\/d569ee5739a9c7022470ea472c9b4b9cf476e15f1be71e5242c911d673d14ad9?s=96&d=mm&r=g\",\"contentUrl\":\"https:\/\/secure.gravatar.com\/avatar\/d569ee5739a9c7022470ea472c9b4b9cf476e15f1be71e5242c911d673d14ad9?s=96&d=mm&r=g\",\"caption\":\"xescu\"}}]}<\/script>\n<!-- \/ Yoast SEO plugin. -->","yoast_head_json":{"title":"Sant Josep \u00e9s M\u00fasica promocion\u00f3 1.200 conciertos en 2023, un 20% m\u00e1s - Sant Josep \u00e9s m\u00fasica","robots":{"index":"index","follow":"follow","max-snippet":"max-snippet:-1","max-image-preview":"max-image-preview:large","max-video-preview":"max-video-preview:-1"},"canonical":"https:\/\/musica.santjosep.org\/es\/sant-josep-es-musica-promociono-1-200-conciertos-en-2023-un-20-mas\/","og_locale":"es_ES","og_type":"article","og_title":"Sant Josep \u00e9s M\u00fasica promocion\u00f3 1.200 conciertos en 2023, un 20% m\u00e1s - Sant Josep \u00e9s m\u00fasica","og_description":"Desde las redes sociales vinculadas al portal se han lanzado 6.000 publicaciones y el canal de Youtube ya acumula 279 v\u00eddeos de conciertos.","og_url":"https:\/\/musica.santjosep.org\/es\/sant-josep-es-musica-promociono-1-200-conciertos-en-2023-un-20-mas\/","og_site_name":"Sant Josep \u00e9s m\u00fasica","article_publisher":"https:\/\/www.facebook.com\/Sant-Josep-s-Msica-105337042007790","article_published_time":"2024-01-10T11:03:43+00:00","article_modified_time":"2024-01-10T11:16:52+00:00","og_image":[{"width":1400,"height":934,"url":"https:\/\/musica.santjosep.org\/wp-content\/uploads\/2024\/01\/Larry-Campbell-Sant-Josep-es-Musica-20.jpg","type":"image\/jpeg"}],"author":"xescu","twitter_card":"summary_large_image","twitter_creator":"@MusicaSantJosep","twitter_site":"@MusicaSantJosep","twitter_misc":{"Escrito por":"xescu","Tiempo de lectura":"4 minutos"},"schema":{"@context":"https:\/\/schema.org","@graph":[{"@type":"Article","@id":"https:\/\/musica.santjosep.org\/es\/sant-josep-es-musica-promociono-1-200-conciertos-en-2023-un-20-mas\/#article","isPartOf":{"@id":"https:\/\/musica.santjosep.org\/es\/sant-josep-es-musica-promociono-1-200-conciertos-en-2023-un-20-mas\/"},"author":{"name":"xescu","@id":"https:\/\/musica.santjosep.org\/es\/#\/schema\/person\/0f860b74dd6768c60f67a1aacfe267e3"},"headline":"Sant Josep \u00e9s M\u00fasica promocion\u00f3 1.200 conciertos en 2023, un 20% m\u00e1s","datePublished":"2024-01-10T11:03:43+00:00","dateModified":"2024-01-10T11:16:52+00:00","mainEntityOfPage":{"@id":"https:\/\/musica.santjosep.org\/es\/sant-josep-es-musica-promociono-1-200-conciertos-en-2023-un-20-mas\/"},"wordCount":637,"commentCount":0,"publisher":{"@id":"https:\/\/musica.santjosep.org\/es\/#organization"},"image":{"@id":"https:\/\/musica.santjosep.org\/es\/sant-josep-es-musica-promociono-1-200-conciertos-en-2023-un-20-mas\/#primaryimage"},"thumbnailUrl":"https:\/\/musica.santjosep.org\/wp-content\/uploads\/2024\/01\/Larry-Campbell-Sant-Josep-es-Musica-20.jpg","articleSection":["Actualidad"],"inLanguage":"es","potentialAction":[{"@type":"CommentAction","name":"Comment","target":["https:\/\/musica.santjosep.org\/es\/sant-josep-es-musica-promociono-1-200-conciertos-en-2023-un-20-mas\/#respond"]}]},{"@type":"WebPage","@id":"https:\/\/musica.santjosep.org\/es\/sant-josep-es-musica-promociono-1-200-conciertos-en-2023-un-20-mas\/","url":"https:\/\/musica.santjosep.org\/es\/sant-josep-es-musica-promociono-1-200-conciertos-en-2023-un-20-mas\/","name":"Sant Josep \u00e9s M\u00fasica promocion\u00f3 1.200 conciertos en 2023, un 20% m\u00e1s - Sant Josep \u00e9s m\u00fasica","isPartOf":{"@id":"https:\/\/musica.santjosep.org\/es\/#website"},"primaryImageOfPage":{"@id":"https:\/\/musica.santjosep.org\/es\/sant-josep-es-musica-promociono-1-200-conciertos-en-2023-un-20-mas\/#primaryimage"},"image":{"@id":"https:\/\/musica.santjosep.org\/es\/sant-josep-es-musica-promociono-1-200-conciertos-en-2023-un-20-mas\/#primaryimage"},"thumbnailUrl":"https:\/\/musica.santjosep.org\/wp-content\/uploads\/2024\/01\/Larry-Campbell-Sant-Josep-es-Musica-20.jpg","datePublished":"2024-01-10T11:03:43+00:00","dateModified":"2024-01-10T11:16:52+00:00","breadcrumb":{"@id":"https:\/\/musica.santjosep.org\/es\/sant-josep-es-musica-promociono-1-200-conciertos-en-2023-un-20-mas\/#breadcrumb"},"inLanguage":"es","potentialAction":[{"@type":"ReadAction","target":["https:\/\/musica.santjosep.org\/es\/sant-josep-es-musica-promociono-1-200-conciertos-en-2023-un-20-mas\/"]}]},{"@type":"ImageObject","inLanguage":"es","@id":"https:\/\/musica.santjosep.org\/es\/sant-josep-es-musica-promociono-1-200-conciertos-en-2023-un-20-mas\/#primaryimage","url":"https:\/\/musica.santjosep.org\/wp-content\/uploads\/2024\/01\/Larry-Campbell-Sant-Josep-es-Musica-20.jpg","contentUrl":"https:\/\/musica.santjosep.org\/wp-content\/uploads\/2024\/01\/Larry-Campbell-Sant-Josep-es-Musica-20.jpg","width":1400,"height":934,"caption":"Larry Campbell & Teresa Williams (Sol Post a s'Oli Fest). Foto: Joan F. Ribas"},{"@type":"BreadcrumbList","@id":"https:\/\/musica.santjosep.org\/es\/sant-josep-es-musica-promociono-1-200-conciertos-en-2023-un-20-mas\/#breadcrumb","itemListElement":[{"@type":"ListItem","position":1,"name":"Portada","item":"https:\/\/musica.santjosep.org\/es\/"},{"@type":"ListItem","position":2,"name":"Sant Josep \u00e9s M\u00fasica promocion\u00f3 1.200 conciertos en 2023, un 20% m\u00e1s"}]},{"@type":"WebSite","@id":"https:\/\/musica.santjosep.org\/es\/#website","url":"https:\/\/musica.santjosep.org\/es\/","name":"Sant Josep \u00e9s m\u00fasica","description":"Informaci\u00f3n actualizada de todos los conciertos, grupos y artistas que act\u00faen tanto en fiestas y festivales, como en establecimientos privados en el municipio de Sant Josep de sa Talaia","publisher":{"@id":"https:\/\/musica.santjosep.org\/es\/#organization"},"potentialAction":[{"@type":"SearchAction","target":{"@type":"EntryPoint","urlTemplate":"https:\/\/musica.santjosep.org\/es\/?s={search_term_string}"},"query-input":{"@type":"PropertyValueSpecification","valueRequired":true,"valueName":"search_term_string"}}],"inLanguage":"es"},{"@type":"Organization","@id":"https:\/\/musica.santjosep.org\/es\/#organization","name":"Sant Josep \u00e9s m\u00fasica","url":"https:\/\/musica.santjosep.org\/es\/","logo":{"@type":"ImageObject","inLanguage":"es","@id":"https:\/\/musica.santjosep.org\/es\/#\/schema\/logo\/image\/","url":"https:\/\/musica.santjosep.org\/wp-content\/uploads\/2022\/01\/logo-SJEM.png","contentUrl":"https:\/\/musica.santjosep.org\/wp-content\/uploads\/2022\/01\/logo-SJEM.png","width":213,"height":103,"caption":"Sant Josep \u00e9s m\u00fasica"},"image":{"@id":"https:\/\/musica.santjosep.org\/es\/#\/schema\/logo\/image\/"},"sameAs":["https:\/\/www.facebook.com\/Sant-Josep-s-Msica-105337042007790","https:\/\/x.com\/MusicaSantJosep","https:\/\/www.instagram.com\/musicasantjosep\/","https:\/\/www.youtube.com\/channel\/UCBSLSUpqfrfsiOMVslmZEJA"]},{"@type":"Person","@id":"https:\/\/musica.santjosep.org\/es\/#\/schema\/person\/0f860b74dd6768c60f67a1aacfe267e3","name":"xescu","image":{"@type":"ImageObject","inLanguage":"es","@id":"https:\/\/musica.santjosep.org\/es\/#\/schema\/person\/image\/","url":"https:\/\/secure.gravatar.com\/avatar\/d569ee5739a9c7022470ea472c9b4b9cf476e15f1be71e5242c911d673d14ad9?s=96&d=mm&r=g","contentUrl":"https:\/\/secure.gravatar.com\/avatar\/d569ee5739a9c7022470ea472c9b4b9cf476e15f1be71e5242c911d673d14ad9?s=96&d=mm&r=g","caption":"xescu"}}]}},"_links":{"self":[{"href":"https:\/\/musica.santjosep.org\/es\/wp-json\/wp\/v2\/posts\/31160","targetHints":{"allow":["GET"]}}],"collection":[{"href":"https:\/\/musica.santjosep.org\/es\/wp-json\/wp\/v2\/posts"}],"about":[{"href":"https:\/\/musica.santjosep.org\/es\/wp-json\/wp\/v2\/types\/post"}],"author":[{"embeddable":true,"href":"https:\/\/musica.santjosep.org\/es\/wp-json\/wp\/v2\/users\/2"}],"replies":[{"embeddable":true,"href":"https:\/\/musica.santjosep.org\/es\/wp-json\/wp\/v2\/comments?post=31160"}],"version-history":[{"count":0,"href":"https:\/\/musica.santjosep.org\/es\/wp-json\/wp\/v2\/posts\/31160\/revisions"}],"wp:featuredmedia":[{"embeddable":true,"href":"https:\/\/musica.santjosep.org\/es\/wp-json\/wp\/v2\/media\/31163"}],"wp:attachment":[{"href":"https:\/\/musica.santjosep.org\/es\/wp-json\/wp\/v2\/media?parent=31160"}],"wp:term":[{"taxonomy":"category","embeddable":true,"href":"https:\/\/musica.santjosep.org\/es\/wp-json\/wp\/v2\/categories?post=31160"},{"taxonomy":"post_tag","embeddable":true,"href":"https:\/\/musica.santjosep.org\/es\/wp-json\/wp\/v2\/tags?post=31160"}],"curies":[{"name":"wp","href":"https:\/\/api.w.org\/{rel}","templated":true}]}}