{"id":2604,"date":"2022-02-03T18:58:41","date_gmt":"2022-02-03T17:58:41","guid":{"rendered":"https:\/\/musica.santjosep.org\/?p=2604"},"modified":"2022-02-04T12:33:47","modified_gmt":"2022-02-04T11:33:47","slug":"can-jordi-blues-station-primer-local-de-conciertos-declarado-emblematico","status":"publish","type":"post","link":"https:\/\/musica.santjosep.org\/es\/can-jordi-blues-station-primer-local-de-conciertos-declarado-emblematico\/","title":{"rendered":"Can Jordi Blues Station, primer local de conciertos declarado \u201cEmblem\u00e1tico\u201d"},"content":{"rendered":"<p>Ayer tuvo lugar en el Consell Insular d\u2019Eivissa la ceremonia de entrega de las placas que distinguen a los comercios \u201cEmblem\u00e1ticos\u201d de Ibiza, que concede el Govern balear como reconocimiento a los establecimientos m\u00e1s hist\u00f3ricos y arraigados. Uno de ellos es <a href=\"https:\/\/musica.santjosep.org\/es\/locales\/can-jordi-blues-station\/\">Can Jordi Blues Station<\/a>, la tienda-bar que ha contribuido enormemente a revitalizar la m\u00fasica en vivo en la isla.<\/p>\n<p>Asistieron Vicent Mar\u00ed, \u2018Jordi\u2019, actual responsable del negocio, y su madre Esperan\u00e7a Torres, que lo regent\u00f3 toda su vida hasta que se jubil\u00f3. Es el \u00fanico establecimiento que ofrece conciertos de todos los galardonados. Los premios fueron entregados por el vicepresidente del Govern balear, Juan Pedro Yllanes, acompa\u00f1ado del presidente del Consell Insular, Vicent Mar\u00ed, y de la teniente de alcalde de Sant Josep, Pilar Ribas, entre otras autoridades.<\/p>\n<p>En la isla hay un total de diez comercios emblem\u00e1ticos, cinco en Sant Josep de sa Talaia y otros cinco en Santa Eul\u00e0ria des Riu. Los de Sant Josep, adem\u00e1s de Can Jordi, que tiene m\u00e1s de cien a\u00f1os de antig\u00fcedad, son los colmados Can Pep Xica y Can Reial, la tienda de ropa y regalos Can Pou y la carnicer\u00eda Can Ros. Por parte, de Santa Eul\u00e0ria han sido premiados la Alfarer\u00eda sa Teulera, Bodegas Ribas, Ca n\u2019Andreuet, Las Dalias y Teixits Cardona.<\/p>\n<p>Desde \u2018Sant Josep \u00e9s M\u00fasica\u2019 felicitamos a todos los galardonados, muy especialmente a Can Jordi Blues Station por su contribuci\u00f3n a la m\u00fasica, que ya en 2017 recibi\u00f3 el Premio al M\u00e9rito Ciudadano del Consell Insular por este impulso de la cultura.<\/p>\n<div id=\"attachment_2617\" style=\"width: 1410px\" class=\"wp-caption alignnone\"><img loading=\"lazy\" decoding=\"async\" aria-describedby=\"caption-attachment-2617\" class=\"wp-image-2617 size-full\" src=\"https:\/\/musica.santjosep.org\/wp-content\/uploads\/2022\/02\/eMBLEMATICS-2-REC.jpg\" alt=\"\" width=\"1400\" height=\"934\" srcset=\"https:\/\/musica.santjosep.org\/wp-content\/uploads\/2022\/02\/eMBLEMATICS-2-REC.jpg 1400w, https:\/\/musica.santjosep.org\/wp-content\/uploads\/2022\/02\/eMBLEMATICS-2-REC-300x200.jpg 300w, https:\/\/musica.santjosep.org\/wp-content\/uploads\/2022\/02\/eMBLEMATICS-2-REC-1024x683.jpg 1024w, https:\/\/musica.santjosep.org\/wp-content\/uploads\/2022\/02\/eMBLEMATICS-2-REC-768x512.jpg 768w\" sizes=\"auto, (max-width: 1400px) 100vw, 1400px\" \/><p id=\"caption-attachment-2617\" class=\"wp-caption-text\">La entrega de galardones tuvo lugar en el Consell d&#8217;Eivissa. En el centro Esperan\u00e7a i Vicent &#8216;Jordi&#8217;. Foto: Joan F. Ribas<\/p><\/div>\n","protected":false},"excerpt":{"rendered":"<p>Este distintivo reconoce a los comercios m\u00e1s destacados por historia y arraigo. La tienda-bar tiene m\u00e1s de cien a\u00f1os de antig\u00fcedad y ha contribuido al relanzamiento de la m\u00fasica en vivo en la isla<\/p>\n","protected":false},"author":2,"featured_media":2609,"comment_status":"open","ping_status":"open","sticky":false,"template":"","format":"standard","meta":{"_acf_changed":false,"footnotes":""},"categories":[14],"tags":[],"class_list":["post-2604","post","type-post","status-publish","format-standard","has-post-thumbnail","hentry","category-actualidad"],"acf":[],"yoast_head":"<!-- This site is optimized with the Yoast SEO plugin v26.6 - https:\/\/yoast.com\/wordpress\/plugins\/seo\/ -->\n<title>Can Jordi Blues Station, primer local de conciertos declarado \u201cEmblem\u00e1tico\u201d - Sant Josep \u00e9s m\u00fasica<\/title>\n<meta name=\"robots\" content=\"index, follow, max-snippet:-1, max-image-preview:large, max-video-preview:-1\" \/>\n<link rel=\"canonical\" href=\"https:\/\/musica.santjosep.org\/es\/can-jordi-blues-station-primer-local-de-conciertos-declarado-emblematico\/\" \/>\n<meta property=\"og:locale\" content=\"es_ES\" \/>\n<meta property=\"og:type\" content=\"article\" \/>\n<meta property=\"og:title\" content=\"Can Jordi Blues Station, primer local de conciertos declarado \u201cEmblem\u00e1tico\u201d - Sant Josep \u00e9s m\u00fasica\" \/>\n<meta property=\"og:description\" content=\"Este distintivo reconoce a los comercios m\u00e1s destacados por historia y arraigo. La tienda-bar tiene m\u00e1s de cien a\u00f1os de antig\u00fcedad y ha contribuido al relanzamiento de la m\u00fasica en vivo en la isla\" \/>\n<meta property=\"og:url\" content=\"https:\/\/musica.santjosep.org\/es\/can-jordi-blues-station-primer-local-de-conciertos-declarado-emblematico\/\" \/>\n<meta property=\"og:site_name\" content=\"Sant Josep \u00e9s m\u00fasica\" \/>\n<meta property=\"article:publisher\" content=\"https:\/\/www.facebook.com\/Sant-Josep-s-Msica-105337042007790\" \/>\n<meta property=\"article:published_time\" content=\"2022-02-03T17:58:41+00:00\" \/>\n<meta property=\"article:modified_time\" content=\"2022-02-04T11:33:47+00:00\" \/>\n<meta property=\"og:image\" content=\"https:\/\/musica.santjosep.org\/wp-content\/uploads\/2022\/02\/eMBLEMATICS-5.jpg\" \/>\n\t<meta property=\"og:image:width\" content=\"1400\" \/>\n\t<meta property=\"og:image:height\" content=\"934\" \/>\n\t<meta property=\"og:image:type\" content=\"image\/jpeg\" \/>\n<meta name=\"author\" content=\"xescu\" \/>\n<meta name=\"twitter:card\" content=\"summary_large_image\" \/>\n<meta name=\"twitter:creator\" content=\"@MusicaSantJosep\" \/>\n<meta name=\"twitter:site\" content=\"@MusicaSantJosep\" \/>\n<meta name=\"twitter:label1\" content=\"Escrito por\" \/>\n\t<meta name=\"twitter:data1\" content=\"xescu\" \/>\n\t<meta name=\"twitter:label2\" content=\"Tiempo de lectura\" \/>\n\t<meta name=\"twitter:data2\" content=\"2 minutos\" \/>\n<script type=\"application\/ld+json\" class=\"yoast-schema-graph\">{\"@context\":\"https:\/\/schema.org\",\"@graph\":[{\"@type\":\"Article\",\"@id\":\"https:\/\/musica.santjosep.org\/es\/can-jordi-blues-station-primer-local-de-conciertos-declarado-emblematico\/#article\",\"isPartOf\":{\"@id\":\"https:\/\/musica.santjosep.org\/es\/can-jordi-blues-station-primer-local-de-conciertos-declarado-emblematico\/\"},\"author\":{\"name\":\"xescu\",\"@id\":\"https:\/\/musica.santjosep.org\/es\/#\/schema\/person\/0f860b74dd6768c60f67a1aacfe267e3\"},\"headline\":\"Can Jordi Blues Station, primer local de conciertos declarado \u201cEmblem\u00e1tico\u201d\",\"datePublished\":\"2022-02-03T17:58:41+00:00\",\"dateModified\":\"2022-02-04T11:33:47+00:00\",\"mainEntityOfPage\":{\"@id\":\"https:\/\/musica.santjosep.org\/es\/can-jordi-blues-station-primer-local-de-conciertos-declarado-emblematico\/\"},\"wordCount\":316,\"commentCount\":0,\"publisher\":{\"@id\":\"https:\/\/musica.santjosep.org\/es\/#organization\"},\"image\":{\"@id\":\"https:\/\/musica.santjosep.org\/es\/can-jordi-blues-station-primer-local-de-conciertos-declarado-emblematico\/#primaryimage\"},\"thumbnailUrl\":\"https:\/\/musica.santjosep.org\/wp-content\/uploads\/2022\/02\/eMBLEMATICS-5.jpg\",\"articleSection\":[\"Actualidad\"],\"inLanguage\":\"es\",\"potentialAction\":[{\"@type\":\"CommentAction\",\"name\":\"Comment\",\"target\":[\"https:\/\/musica.santjosep.org\/es\/can-jordi-blues-station-primer-local-de-conciertos-declarado-emblematico\/#respond\"]}]},{\"@type\":\"WebPage\",\"@id\":\"https:\/\/musica.santjosep.org\/es\/can-jordi-blues-station-primer-local-de-conciertos-declarado-emblematico\/\",\"url\":\"https:\/\/musica.santjosep.org\/es\/can-jordi-blues-station-primer-local-de-conciertos-declarado-emblematico\/\",\"name\":\"Can Jordi Blues Station, primer local de conciertos declarado \u201cEmblem\u00e1tico\u201d - Sant Josep \u00e9s m\u00fasica\",\"isPartOf\":{\"@id\":\"https:\/\/musica.santjosep.org\/es\/#website\"},\"primaryImageOfPage\":{\"@id\":\"https:\/\/musica.santjosep.org\/es\/can-jordi-blues-station-primer-local-de-conciertos-declarado-emblematico\/#primaryimage\"},\"image\":{\"@id\":\"https:\/\/musica.santjosep.org\/es\/can-jordi-blues-station-primer-local-de-conciertos-declarado-emblematico\/#primaryimage\"},\"thumbnailUrl\":\"https:\/\/musica.santjosep.org\/wp-content\/uploads\/2022\/02\/eMBLEMATICS-5.jpg\",\"datePublished\":\"2022-02-03T17:58:41+00:00\",\"dateModified\":\"2022-02-04T11:33:47+00:00\",\"breadcrumb\":{\"@id\":\"https:\/\/musica.santjosep.org\/es\/can-jordi-blues-station-primer-local-de-conciertos-declarado-emblematico\/#breadcrumb\"},\"inLanguage\":\"es\",\"potentialAction\":[{\"@type\":\"ReadAction\",\"target\":[\"https:\/\/musica.santjosep.org\/es\/can-jordi-blues-station-primer-local-de-conciertos-declarado-emblematico\/\"]}]},{\"@type\":\"ImageObject\",\"inLanguage\":\"es\",\"@id\":\"https:\/\/musica.santjosep.org\/es\/can-jordi-blues-station-primer-local-de-conciertos-declarado-emblematico\/#primaryimage\",\"url\":\"https:\/\/musica.santjosep.org\/wp-content\/uploads\/2022\/02\/eMBLEMATICS-5.jpg\",\"contentUrl\":\"https:\/\/musica.santjosep.org\/wp-content\/uploads\/2022\/02\/eMBLEMATICS-5.jpg\",\"width\":1400,\"height\":934,\"caption\":\"Joan F. Ribas\"},{\"@type\":\"BreadcrumbList\",\"@id\":\"https:\/\/musica.santjosep.org\/es\/can-jordi-blues-station-primer-local-de-conciertos-declarado-emblematico\/#breadcrumb\",\"itemListElement\":[{\"@type\":\"ListItem\",\"position\":1,\"name\":\"Portada\",\"item\":\"https:\/\/musica.santjosep.org\/es\/\"},{\"@type\":\"ListItem\",\"position\":2,\"name\":\"Can Jordi Blues Station, primer local de conciertos declarado \u201cEmblem\u00e1tico\u201d\"}]},{\"@type\":\"WebSite\",\"@id\":\"https:\/\/musica.santjosep.org\/es\/#website\",\"url\":\"https:\/\/musica.santjosep.org\/es\/\",\"name\":\"Sant Josep \u00e9s m\u00fasica\",\"description\":\"Informaci\u00f3n actualizada de todos los conciertos, grupos y artistas que act\u00faen tanto en fiestas y festivales, como en establecimientos privados en el municipio de Sant Josep de sa Talaia\",\"publisher\":{\"@id\":\"https:\/\/musica.santjosep.org\/es\/#organization\"},\"potentialAction\":[{\"@type\":\"SearchAction\",\"target\":{\"@type\":\"EntryPoint\",\"urlTemplate\":\"https:\/\/musica.santjosep.org\/es\/?s={search_term_string}\"},\"query-input\":{\"@type\":\"PropertyValueSpecification\",\"valueRequired\":true,\"valueName\":\"search_term_string\"}}],\"inLanguage\":\"es\"},{\"@type\":\"Organization\",\"@id\":\"https:\/\/musica.santjosep.org\/es\/#organization\",\"name\":\"Sant Josep \u00e9s m\u00fasica\",\"url\":\"https:\/\/musica.santjosep.org\/es\/\",\"logo\":{\"@type\":\"ImageObject\",\"inLanguage\":\"es\",\"@id\":\"https:\/\/musica.santjosep.org\/es\/#\/schema\/logo\/image\/\",\"url\":\"https:\/\/musica.santjosep.org\/wp-content\/uploads\/2022\/01\/logo-SJEM.png\",\"contentUrl\":\"https:\/\/musica.santjosep.org\/wp-content\/uploads\/2022\/01\/logo-SJEM.png\",\"width\":213,\"height\":103,\"caption\":\"Sant Josep \u00e9s m\u00fasica\"},\"image\":{\"@id\":\"https:\/\/musica.santjosep.org\/es\/#\/schema\/logo\/image\/\"},\"sameAs\":[\"https:\/\/www.facebook.com\/Sant-Josep-s-Msica-105337042007790\",\"https:\/\/x.com\/MusicaSantJosep\",\"https:\/\/www.instagram.com\/musicasantjosep\/\",\"https:\/\/www.youtube.com\/channel\/UCBSLSUpqfrfsiOMVslmZEJA\"]},{\"@type\":\"Person\",\"@id\":\"https:\/\/musica.santjosep.org\/es\/#\/schema\/person\/0f860b74dd6768c60f67a1aacfe267e3\",\"name\":\"xescu\",\"image\":{\"@type\":\"ImageObject\",\"inLanguage\":\"es\",\"@id\":\"https:\/\/musica.santjosep.org\/es\/#\/schema\/person\/image\/\",\"url\":\"https:\/\/secure.gravatar.com\/avatar\/d569ee5739a9c7022470ea472c9b4b9cf476e15f1be71e5242c911d673d14ad9?s=96&d=mm&r=g\",\"contentUrl\":\"https:\/\/secure.gravatar.com\/avatar\/d569ee5739a9c7022470ea472c9b4b9cf476e15f1be71e5242c911d673d14ad9?s=96&d=mm&r=g\",\"caption\":\"xescu\"}}]}<\/script>\n<!-- \/ Yoast SEO plugin. -->","yoast_head_json":{"title":"Can Jordi Blues Station, primer local de conciertos declarado \u201cEmblem\u00e1tico\u201d - Sant Josep \u00e9s m\u00fasica","robots":{"index":"index","follow":"follow","max-snippet":"max-snippet:-1","max-image-preview":"max-image-preview:large","max-video-preview":"max-video-preview:-1"},"canonical":"https:\/\/musica.santjosep.org\/es\/can-jordi-blues-station-primer-local-de-conciertos-declarado-emblematico\/","og_locale":"es_ES","og_type":"article","og_title":"Can Jordi Blues Station, primer local de conciertos declarado \u201cEmblem\u00e1tico\u201d - Sant Josep \u00e9s m\u00fasica","og_description":"Este distintivo reconoce a los comercios m\u00e1s destacados por historia y arraigo. La tienda-bar tiene m\u00e1s de cien a\u00f1os de antig\u00fcedad y ha contribuido al relanzamiento de la m\u00fasica en vivo en la isla","og_url":"https:\/\/musica.santjosep.org\/es\/can-jordi-blues-station-primer-local-de-conciertos-declarado-emblematico\/","og_site_name":"Sant Josep \u00e9s m\u00fasica","article_publisher":"https:\/\/www.facebook.com\/Sant-Josep-s-Msica-105337042007790","article_published_time":"2022-02-03T17:58:41+00:00","article_modified_time":"2022-02-04T11:33:47+00:00","og_image":[{"width":1400,"height":934,"url":"https:\/\/musica.santjosep.org\/wp-content\/uploads\/2022\/02\/eMBLEMATICS-5.jpg","type":"image\/jpeg"}],"author":"xescu","twitter_card":"summary_large_image","twitter_creator":"@MusicaSantJosep","twitter_site":"@MusicaSantJosep","twitter_misc":{"Escrito por":"xescu","Tiempo de lectura":"2 minutos"},"schema":{"@context":"https:\/\/schema.org","@graph":[{"@type":"Article","@id":"https:\/\/musica.santjosep.org\/es\/can-jordi-blues-station-primer-local-de-conciertos-declarado-emblematico\/#article","isPartOf":{"@id":"https:\/\/musica.santjosep.org\/es\/can-jordi-blues-station-primer-local-de-conciertos-declarado-emblematico\/"},"author":{"name":"xescu","@id":"https:\/\/musica.santjosep.org\/es\/#\/schema\/person\/0f860b74dd6768c60f67a1aacfe267e3"},"headline":"Can Jordi Blues Station, primer local de conciertos declarado \u201cEmblem\u00e1tico\u201d","datePublished":"2022-02-03T17:58:41+00:00","dateModified":"2022-02-04T11:33:47+00:00","mainEntityOfPage":{"@id":"https:\/\/musica.santjosep.org\/es\/can-jordi-blues-station-primer-local-de-conciertos-declarado-emblematico\/"},"wordCount":316,"commentCount":0,"publisher":{"@id":"https:\/\/musica.santjosep.org\/es\/#organization"},"image":{"@id":"https:\/\/musica.santjosep.org\/es\/can-jordi-blues-station-primer-local-de-conciertos-declarado-emblematico\/#primaryimage"},"thumbnailUrl":"https:\/\/musica.santjosep.org\/wp-content\/uploads\/2022\/02\/eMBLEMATICS-5.jpg","articleSection":["Actualidad"],"inLanguage":"es","potentialAction":[{"@type":"CommentAction","name":"Comment","target":["https:\/\/musica.santjosep.org\/es\/can-jordi-blues-station-primer-local-de-conciertos-declarado-emblematico\/#respond"]}]},{"@type":"WebPage","@id":"https:\/\/musica.santjosep.org\/es\/can-jordi-blues-station-primer-local-de-conciertos-declarado-emblematico\/","url":"https:\/\/musica.santjosep.org\/es\/can-jordi-blues-station-primer-local-de-conciertos-declarado-emblematico\/","name":"Can Jordi Blues Station, primer local de conciertos declarado \u201cEmblem\u00e1tico\u201d - Sant Josep \u00e9s m\u00fasica","isPartOf":{"@id":"https:\/\/musica.santjosep.org\/es\/#website"},"primaryImageOfPage":{"@id":"https:\/\/musica.santjosep.org\/es\/can-jordi-blues-station-primer-local-de-conciertos-declarado-emblematico\/#primaryimage"},"image":{"@id":"https:\/\/musica.santjosep.org\/es\/can-jordi-blues-station-primer-local-de-conciertos-declarado-emblematico\/#primaryimage"},"thumbnailUrl":"https:\/\/musica.santjosep.org\/wp-content\/uploads\/2022\/02\/eMBLEMATICS-5.jpg","datePublished":"2022-02-03T17:58:41+00:00","dateModified":"2022-02-04T11:33:47+00:00","breadcrumb":{"@id":"https:\/\/musica.santjosep.org\/es\/can-jordi-blues-station-primer-local-de-conciertos-declarado-emblematico\/#breadcrumb"},"inLanguage":"es","potentialAction":[{"@type":"ReadAction","target":["https:\/\/musica.santjosep.org\/es\/can-jordi-blues-station-primer-local-de-conciertos-declarado-emblematico\/"]}]},{"@type":"ImageObject","inLanguage":"es","@id":"https:\/\/musica.santjosep.org\/es\/can-jordi-blues-station-primer-local-de-conciertos-declarado-emblematico\/#primaryimage","url":"https:\/\/musica.santjosep.org\/wp-content\/uploads\/2022\/02\/eMBLEMATICS-5.jpg","contentUrl":"https:\/\/musica.santjosep.org\/wp-content\/uploads\/2022\/02\/eMBLEMATICS-5.jpg","width":1400,"height":934,"caption":"Joan F. Ribas"},{"@type":"BreadcrumbList","@id":"https:\/\/musica.santjosep.org\/es\/can-jordi-blues-station-primer-local-de-conciertos-declarado-emblematico\/#breadcrumb","itemListElement":[{"@type":"ListItem","position":1,"name":"Portada","item":"https:\/\/musica.santjosep.org\/es\/"},{"@type":"ListItem","position":2,"name":"Can Jordi Blues Station, primer local de conciertos declarado \u201cEmblem\u00e1tico\u201d"}]},{"@type":"WebSite","@id":"https:\/\/musica.santjosep.org\/es\/#website","url":"https:\/\/musica.santjosep.org\/es\/","name":"Sant Josep \u00e9s m\u00fasica","description":"Informaci\u00f3n actualizada de todos los conciertos, grupos y artistas que act\u00faen tanto en fiestas y festivales, como en establecimientos privados en el municipio de Sant Josep de sa Talaia","publisher":{"@id":"https:\/\/musica.santjosep.org\/es\/#organization"},"potentialAction":[{"@type":"SearchAction","target":{"@type":"EntryPoint","urlTemplate":"https:\/\/musica.santjosep.org\/es\/?s={search_term_string}"},"query-input":{"@type":"PropertyValueSpecification","valueRequired":true,"valueName":"search_term_string"}}],"inLanguage":"es"},{"@type":"Organization","@id":"https:\/\/musica.santjosep.org\/es\/#organization","name":"Sant Josep \u00e9s m\u00fasica","url":"https:\/\/musica.santjosep.org\/es\/","logo":{"@type":"ImageObject","inLanguage":"es","@id":"https:\/\/musica.santjosep.org\/es\/#\/schema\/logo\/image\/","url":"https:\/\/musica.santjosep.org\/wp-content\/uploads\/2022\/01\/logo-SJEM.png","contentUrl":"https:\/\/musica.santjosep.org\/wp-content\/uploads\/2022\/01\/logo-SJEM.png","width":213,"height":103,"caption":"Sant Josep \u00e9s m\u00fasica"},"image":{"@id":"https:\/\/musica.santjosep.org\/es\/#\/schema\/logo\/image\/"},"sameAs":["https:\/\/www.facebook.com\/Sant-Josep-s-Msica-105337042007790","https:\/\/x.com\/MusicaSantJosep","https:\/\/www.instagram.com\/musicasantjosep\/","https:\/\/www.youtube.com\/channel\/UCBSLSUpqfrfsiOMVslmZEJA"]},{"@type":"Person","@id":"https:\/\/musica.santjosep.org\/es\/#\/schema\/person\/0f860b74dd6768c60f67a1aacfe267e3","name":"xescu","image":{"@type":"ImageObject","inLanguage":"es","@id":"https:\/\/musica.santjosep.org\/es\/#\/schema\/person\/image\/","url":"https:\/\/secure.gravatar.com\/avatar\/d569ee5739a9c7022470ea472c9b4b9cf476e15f1be71e5242c911d673d14ad9?s=96&d=mm&r=g","contentUrl":"https:\/\/secure.gravatar.com\/avatar\/d569ee5739a9c7022470ea472c9b4b9cf476e15f1be71e5242c911d673d14ad9?s=96&d=mm&r=g","caption":"xescu"}}]}},"_links":{"self":[{"href":"https:\/\/musica.santjosep.org\/es\/wp-json\/wp\/v2\/posts\/2604","targetHints":{"allow":["GET"]}}],"collection":[{"href":"https:\/\/musica.santjosep.org\/es\/wp-json\/wp\/v2\/posts"}],"about":[{"href":"https:\/\/musica.santjosep.org\/es\/wp-json\/wp\/v2\/types\/post"}],"author":[{"embeddable":true,"href":"https:\/\/musica.santjosep.org\/es\/wp-json\/wp\/v2\/users\/2"}],"replies":[{"embeddable":true,"href":"https:\/\/musica.santjosep.org\/es\/wp-json\/wp\/v2\/comments?post=2604"}],"version-history":[{"count":0,"href":"https:\/\/musica.santjosep.org\/es\/wp-json\/wp\/v2\/posts\/2604\/revisions"}],"wp:featuredmedia":[{"embeddable":true,"href":"https:\/\/musica.santjosep.org\/es\/wp-json\/wp\/v2\/media\/2609"}],"wp:attachment":[{"href":"https:\/\/musica.santjosep.org\/es\/wp-json\/wp\/v2\/media?parent=2604"}],"wp:term":[{"taxonomy":"category","embeddable":true,"href":"https:\/\/musica.santjosep.org\/es\/wp-json\/wp\/v2\/categories?post=2604"},{"taxonomy":"post_tag","embeddable":true,"href":"https:\/\/musica.santjosep.org\/es\/wp-json\/wp\/v2\/tags?post=2604"}],"curies":[{"name":"wp","href":"https:\/\/api.w.org\/{rel}","templated":true}]}}