{"id":23978,"date":"2023-06-30T15:40:15","date_gmt":"2023-06-30T13:40:15","guid":{"rendered":"https:\/\/musica.santjosep.org\/tornen-les-jam-al-sol-post-que-ara-es-celebren-al-tanco-des-cubells\/"},"modified":"2023-06-30T15:44:45","modified_gmt":"2023-06-30T13:44:45","slug":"vuelven-las-jam-al-sol-post-que-ahora-se-celebran-en-el-tanco-des-cubells","status":"publish","type":"post","link":"https:\/\/musica.santjosep.org\/es\/vuelven-las-jam-al-sol-post-que-ahora-se-celebran-en-el-tanco-des-cubells\/","title":{"rendered":"Vuelven las \u2018Jam al Sol Post\u2019, que ahora se celebran en el Tanc\u00f3 des Cubells"},"content":{"rendered":"<p>Los domingos de verano siempre son musicales en el pueblo de es Cubells, gracias a las \u2018Jam al Sol Post\u2019, que se celebran por cuarto a\u00f1o consecutivo durante los meses de julio y agosto. Los conciertos tendr\u00e1n lugar a partir de las 20,30 horas, con un cambio importante de ubicaci\u00f3n: el escenario ya no estar\u00e1 situado en la plaza, sino en el acogedor Tanc\u00f3 aleda\u00f1o a \u00e9sta.<\/p>\n<p>La organizaci\u00f3n musical de estos conciertos, donde la improvisaci\u00f3n desempe\u00f1a un papel esencial, corre a cargo de los guitarristas Albert Oliva y Alfonso H. Morillas, a los que cada domingo acompa\u00f1an otros tres m\u00fasicos hasta formar una banda completa, que suele moverse en torno a g\u00e9neros musicales como el jazz, el swing y el blues. A ellos se van sumando otros m\u00fasicos interesados en participar, que previamente tienen que inscribirse o informarse a trav\u00e9s de la siguiente direcci\u00f3n de correo electr\u00f3nico: jamalsolpost@gmail.com.<\/p>\n<p><iframe loading=\"lazy\" title=\"Jam al Sol Post (26\/07\/2020)\" width=\"1100\" height=\"619\" src=\"https:\/\/www.youtube.com\/embed\/z0X0DI6pG8E?feature=oembed\" frameborder=\"0\" allow=\"accelerometer; autoplay; clipboard-write; encrypted-media; gyroscope; picture-in-picture; web-share\" allowfullscreen><\/iframe><\/p>\n<p>El primer recital es este domingo, 2 de julio, y contar\u00e1 con la participaci\u00f3n de Gustavo Gamaza (saxo), Chema Pellico (contrabajo) y David Barona (bater\u00eda). La segunda <em>jam <\/em>recibir\u00e1 a V\u00edctor \u00c1vila (saxo), Alfredo Souza (guitarra) y Andreas Fern\u00e1ndez (bater\u00eda), y ser\u00e1 el 9 de julio.<\/p>\n<p>El tercer fin de semana de julio coincide con las fiestas del Carmen y el Festival Carme\u2019n\u2019Rock, por lo que ese domingo no habr\u00e1 \u2018Jam al Sol Post\u2019. El festival continuar\u00e1 la semana siguiente, el 23 de julio, con la participaci\u00f3n de los m\u00fasicos Guillem Nadal (trompeta), Jos\u00e9 David Cruz (guitarra) y Brianna Flowers (bater\u00eda). La \u00faltima sesi\u00f3n de este mes ser\u00e1 el d\u00eda 30, con Rams\u00e9s Puente (viol\u00edn), Rafael Fern\u00e1ndez (bater\u00eda) y Vicent Tur (tromb\u00f3n). Pr\u00f3ximamente se dar\u00e1 a conocer la programaci\u00f3n del mes de agosto.<\/p>\n<p>Las \u2018Jam al Sol Post\u2019 las organizan el Ayuntamiento de Sant Josep y la Associaci\u00f3 de Vesins des Cubells, con la colaboraci\u00f3n de la empresa Crealizando y la Escola de M\u00fasica des Cubells (EMEC).<\/p>\n<p><img loading=\"lazy\" decoding=\"async\" class=\"alignnone wp-image-23420 size-full\" src=\"https:\/\/musica.santjosep.org\/wp-content\/uploads\/2022\/02\/WhatsApp-Image-2023-06-21-at-14.24.41.jpeg\" alt=\"\" width=\"1131\" height=\"1600\" srcset=\"https:\/\/musica.santjosep.org\/wp-content\/uploads\/2022\/02\/WhatsApp-Image-2023-06-21-at-14.24.41.jpeg 1131w, https:\/\/musica.santjosep.org\/wp-content\/uploads\/2022\/02\/WhatsApp-Image-2023-06-21-at-14.24.41-212x300.jpeg 212w, https:\/\/musica.santjosep.org\/wp-content\/uploads\/2022\/02\/WhatsApp-Image-2023-06-21-at-14.24.41-724x1024.jpeg 724w, https:\/\/musica.santjosep.org\/wp-content\/uploads\/2022\/02\/WhatsApp-Image-2023-06-21-at-14.24.41-768x1086.jpeg 768w, https:\/\/musica.santjosep.org\/wp-content\/uploads\/2022\/02\/WhatsApp-Image-2023-06-21-at-14.24.41-1086x1536.jpeg 1086w\" sizes=\"auto, (max-width: 1131px) 100vw, 1131px\" \/><\/p>\n","protected":false},"excerpt":{"rendered":"<p>Tienen lugar los domingos de julio y agosto, a las 20,30 horas, y la direcci\u00f3n musical corre a cargo de Albert Oliva y Alfonso H. Morillas.<\/p>\n","protected":false},"author":2,"featured_media":23975,"comment_status":"open","ping_status":"open","sticky":false,"template":"","format":"standard","meta":{"_acf_changed":false,"footnotes":""},"categories":[14],"tags":[],"class_list":["post-23978","post","type-post","status-publish","format-standard","has-post-thumbnail","hentry","category-actualidad"],"acf":[],"yoast_head":"<!-- This site is optimized with the Yoast SEO plugin v26.6 - https:\/\/yoast.com\/wordpress\/plugins\/seo\/ -->\n<title>Vuelven las \u2018Jam al Sol Post\u2019, que ahora se celebran en el Tanc\u00f3 des Cubells - Sant Josep \u00e9s m\u00fasica<\/title>\n<meta name=\"robots\" content=\"index, follow, max-snippet:-1, max-image-preview:large, max-video-preview:-1\" \/>\n<link rel=\"canonical\" href=\"https:\/\/musica.santjosep.org\/es\/vuelven-las-jam-al-sol-post-que-ahora-se-celebran-en-el-tanco-des-cubells\/\" \/>\n<meta property=\"og:locale\" content=\"es_ES\" \/>\n<meta property=\"og:type\" content=\"article\" \/>\n<meta property=\"og:title\" content=\"Vuelven las \u2018Jam al Sol Post\u2019, que ahora se celebran en el Tanc\u00f3 des Cubells - Sant Josep \u00e9s m\u00fasica\" \/>\n<meta property=\"og:description\" content=\"Tienen lugar los domingos de julio y agosto, a las 20,30 horas, y la direcci\u00f3n musical corre a cargo de Albert Oliva y Alfonso H. Morillas.\" \/>\n<meta property=\"og:url\" content=\"https:\/\/musica.santjosep.org\/es\/vuelven-las-jam-al-sol-post-que-ahora-se-celebran-en-el-tanco-des-cubells\/\" \/>\n<meta property=\"og:site_name\" content=\"Sant Josep \u00e9s m\u00fasica\" \/>\n<meta property=\"article:publisher\" content=\"https:\/\/www.facebook.com\/Sant-Josep-s-Msica-105337042007790\" \/>\n<meta property=\"article:published_time\" content=\"2023-06-30T13:40:15+00:00\" \/>\n<meta property=\"article:modified_time\" content=\"2023-06-30T13:44:45+00:00\" \/>\n<meta property=\"og:image\" content=\"https:\/\/musica.santjosep.org\/wp-content\/uploads\/2023\/06\/IMG_2716rec.jpg\" \/>\n\t<meta property=\"og:image:width\" content=\"1400\" \/>\n\t<meta property=\"og:image:height\" content=\"933\" \/>\n\t<meta property=\"og:image:type\" content=\"image\/jpeg\" \/>\n<meta name=\"author\" content=\"xescu\" \/>\n<meta name=\"twitter:card\" content=\"summary_large_image\" \/>\n<meta name=\"twitter:creator\" content=\"@MusicaSantJosep\" \/>\n<meta name=\"twitter:site\" content=\"@MusicaSantJosep\" \/>\n<meta name=\"twitter:label1\" content=\"Escrito por\" \/>\n\t<meta name=\"twitter:data1\" content=\"xescu\" \/>\n\t<meta name=\"twitter:label2\" content=\"Tiempo de lectura\" \/>\n\t<meta name=\"twitter:data2\" content=\"2 minutos\" \/>\n<script type=\"application\/ld+json\" class=\"yoast-schema-graph\">{\"@context\":\"https:\/\/schema.org\",\"@graph\":[{\"@type\":\"Article\",\"@id\":\"https:\/\/musica.santjosep.org\/es\/vuelven-las-jam-al-sol-post-que-ahora-se-celebran-en-el-tanco-des-cubells\/#article\",\"isPartOf\":{\"@id\":\"https:\/\/musica.santjosep.org\/es\/vuelven-las-jam-al-sol-post-que-ahora-se-celebran-en-el-tanco-des-cubells\/\"},\"author\":{\"name\":\"xescu\",\"@id\":\"https:\/\/musica.santjosep.org\/es\/#\/schema\/person\/0f860b74dd6768c60f67a1aacfe267e3\"},\"headline\":\"Vuelven las \u2018Jam al Sol Post\u2019, que ahora se celebran en el Tanc\u00f3 des Cubells\",\"datePublished\":\"2023-06-30T13:40:15+00:00\",\"dateModified\":\"2023-06-30T13:44:45+00:00\",\"mainEntityOfPage\":{\"@id\":\"https:\/\/musica.santjosep.org\/es\/vuelven-las-jam-al-sol-post-que-ahora-se-celebran-en-el-tanco-des-cubells\/\"},\"wordCount\":371,\"commentCount\":0,\"publisher\":{\"@id\":\"https:\/\/musica.santjosep.org\/es\/#organization\"},\"image\":{\"@id\":\"https:\/\/musica.santjosep.org\/es\/vuelven-las-jam-al-sol-post-que-ahora-se-celebran-en-el-tanco-des-cubells\/#primaryimage\"},\"thumbnailUrl\":\"https:\/\/musica.santjosep.org\/wp-content\/uploads\/2023\/06\/IMG_2716rec.jpg\",\"articleSection\":[\"Actualidad\"],\"inLanguage\":\"es\",\"potentialAction\":[{\"@type\":\"CommentAction\",\"name\":\"Comment\",\"target\":[\"https:\/\/musica.santjosep.org\/es\/vuelven-las-jam-al-sol-post-que-ahora-se-celebran-en-el-tanco-des-cubells\/#respond\"]}]},{\"@type\":\"WebPage\",\"@id\":\"https:\/\/musica.santjosep.org\/es\/vuelven-las-jam-al-sol-post-que-ahora-se-celebran-en-el-tanco-des-cubells\/\",\"url\":\"https:\/\/musica.santjosep.org\/es\/vuelven-las-jam-al-sol-post-que-ahora-se-celebran-en-el-tanco-des-cubells\/\",\"name\":\"Vuelven las \u2018Jam al Sol Post\u2019, que ahora se celebran en el Tanc\u00f3 des Cubells - Sant Josep \u00e9s m\u00fasica\",\"isPartOf\":{\"@id\":\"https:\/\/musica.santjosep.org\/es\/#website\"},\"primaryImageOfPage\":{\"@id\":\"https:\/\/musica.santjosep.org\/es\/vuelven-las-jam-al-sol-post-que-ahora-se-celebran-en-el-tanco-des-cubells\/#primaryimage\"},\"image\":{\"@id\":\"https:\/\/musica.santjosep.org\/es\/vuelven-las-jam-al-sol-post-que-ahora-se-celebran-en-el-tanco-des-cubells\/#primaryimage\"},\"thumbnailUrl\":\"https:\/\/musica.santjosep.org\/wp-content\/uploads\/2023\/06\/IMG_2716rec.jpg\",\"datePublished\":\"2023-06-30T13:40:15+00:00\",\"dateModified\":\"2023-06-30T13:44:45+00:00\",\"breadcrumb\":{\"@id\":\"https:\/\/musica.santjosep.org\/es\/vuelven-las-jam-al-sol-post-que-ahora-se-celebran-en-el-tanco-des-cubells\/#breadcrumb\"},\"inLanguage\":\"es\",\"potentialAction\":[{\"@type\":\"ReadAction\",\"target\":[\"https:\/\/musica.santjosep.org\/es\/vuelven-las-jam-al-sol-post-que-ahora-se-celebran-en-el-tanco-des-cubells\/\"]}]},{\"@type\":\"ImageObject\",\"inLanguage\":\"es\",\"@id\":\"https:\/\/musica.santjosep.org\/es\/vuelven-las-jam-al-sol-post-que-ahora-se-celebran-en-el-tanco-des-cubells\/#primaryimage\",\"url\":\"https:\/\/musica.santjosep.org\/wp-content\/uploads\/2023\/06\/IMG_2716rec.jpg\",\"contentUrl\":\"https:\/\/musica.santjosep.org\/wp-content\/uploads\/2023\/06\/IMG_2716rec.jpg\",\"width\":1400,\"height\":933},{\"@type\":\"BreadcrumbList\",\"@id\":\"https:\/\/musica.santjosep.org\/es\/vuelven-las-jam-al-sol-post-que-ahora-se-celebran-en-el-tanco-des-cubells\/#breadcrumb\",\"itemListElement\":[{\"@type\":\"ListItem\",\"position\":1,\"name\":\"Portada\",\"item\":\"https:\/\/musica.santjosep.org\/es\/\"},{\"@type\":\"ListItem\",\"position\":2,\"name\":\"Vuelven las \u2018Jam al Sol Post\u2019, que ahora se celebran en el Tanc\u00f3 des Cubells\"}]},{\"@type\":\"WebSite\",\"@id\":\"https:\/\/musica.santjosep.org\/es\/#website\",\"url\":\"https:\/\/musica.santjosep.org\/es\/\",\"name\":\"Sant Josep \u00e9s m\u00fasica\",\"description\":\"Informaci\u00f3n actualizada de todos los conciertos, grupos y artistas que act\u00faen tanto en fiestas y festivales, como en establecimientos privados en el municipio de Sant Josep de sa Talaia\",\"publisher\":{\"@id\":\"https:\/\/musica.santjosep.org\/es\/#organization\"},\"potentialAction\":[{\"@type\":\"SearchAction\",\"target\":{\"@type\":\"EntryPoint\",\"urlTemplate\":\"https:\/\/musica.santjosep.org\/es\/?s={search_term_string}\"},\"query-input\":{\"@type\":\"PropertyValueSpecification\",\"valueRequired\":true,\"valueName\":\"search_term_string\"}}],\"inLanguage\":\"es\"},{\"@type\":\"Organization\",\"@id\":\"https:\/\/musica.santjosep.org\/es\/#organization\",\"name\":\"Sant Josep \u00e9s m\u00fasica\",\"url\":\"https:\/\/musica.santjosep.org\/es\/\",\"logo\":{\"@type\":\"ImageObject\",\"inLanguage\":\"es\",\"@id\":\"https:\/\/musica.santjosep.org\/es\/#\/schema\/logo\/image\/\",\"url\":\"https:\/\/musica.santjosep.org\/wp-content\/uploads\/2022\/01\/logo-SJEM.png\",\"contentUrl\":\"https:\/\/musica.santjosep.org\/wp-content\/uploads\/2022\/01\/logo-SJEM.png\",\"width\":213,\"height\":103,\"caption\":\"Sant Josep \u00e9s m\u00fasica\"},\"image\":{\"@id\":\"https:\/\/musica.santjosep.org\/es\/#\/schema\/logo\/image\/\"},\"sameAs\":[\"https:\/\/www.facebook.com\/Sant-Josep-s-Msica-105337042007790\",\"https:\/\/x.com\/MusicaSantJosep\",\"https:\/\/www.instagram.com\/musicasantjosep\/\",\"https:\/\/www.youtube.com\/channel\/UCBSLSUpqfrfsiOMVslmZEJA\"]},{\"@type\":\"Person\",\"@id\":\"https:\/\/musica.santjosep.org\/es\/#\/schema\/person\/0f860b74dd6768c60f67a1aacfe267e3\",\"name\":\"xescu\",\"image\":{\"@type\":\"ImageObject\",\"inLanguage\":\"es\",\"@id\":\"https:\/\/musica.santjosep.org\/es\/#\/schema\/person\/image\/\",\"url\":\"https:\/\/secure.gravatar.com\/avatar\/d569ee5739a9c7022470ea472c9b4b9cf476e15f1be71e5242c911d673d14ad9?s=96&d=mm&r=g\",\"contentUrl\":\"https:\/\/secure.gravatar.com\/avatar\/d569ee5739a9c7022470ea472c9b4b9cf476e15f1be71e5242c911d673d14ad9?s=96&d=mm&r=g\",\"caption\":\"xescu\"}}]}<\/script>\n<!-- \/ Yoast SEO plugin. -->","yoast_head_json":{"title":"Vuelven las \u2018Jam al Sol Post\u2019, que ahora se celebran en el Tanc\u00f3 des Cubells - Sant Josep \u00e9s m\u00fasica","robots":{"index":"index","follow":"follow","max-snippet":"max-snippet:-1","max-image-preview":"max-image-preview:large","max-video-preview":"max-video-preview:-1"},"canonical":"https:\/\/musica.santjosep.org\/es\/vuelven-las-jam-al-sol-post-que-ahora-se-celebran-en-el-tanco-des-cubells\/","og_locale":"es_ES","og_type":"article","og_title":"Vuelven las \u2018Jam al Sol Post\u2019, que ahora se celebran en el Tanc\u00f3 des Cubells - Sant Josep \u00e9s m\u00fasica","og_description":"Tienen lugar los domingos de julio y agosto, a las 20,30 horas, y la direcci\u00f3n musical corre a cargo de Albert Oliva y Alfonso H. Morillas.","og_url":"https:\/\/musica.santjosep.org\/es\/vuelven-las-jam-al-sol-post-que-ahora-se-celebran-en-el-tanco-des-cubells\/","og_site_name":"Sant Josep \u00e9s m\u00fasica","article_publisher":"https:\/\/www.facebook.com\/Sant-Josep-s-Msica-105337042007790","article_published_time":"2023-06-30T13:40:15+00:00","article_modified_time":"2023-06-30T13:44:45+00:00","og_image":[{"width":1400,"height":933,"url":"https:\/\/musica.santjosep.org\/wp-content\/uploads\/2023\/06\/IMG_2716rec.jpg","type":"image\/jpeg"}],"author":"xescu","twitter_card":"summary_large_image","twitter_creator":"@MusicaSantJosep","twitter_site":"@MusicaSantJosep","twitter_misc":{"Escrito por":"xescu","Tiempo de lectura":"2 minutos"},"schema":{"@context":"https:\/\/schema.org","@graph":[{"@type":"Article","@id":"https:\/\/musica.santjosep.org\/es\/vuelven-las-jam-al-sol-post-que-ahora-se-celebran-en-el-tanco-des-cubells\/#article","isPartOf":{"@id":"https:\/\/musica.santjosep.org\/es\/vuelven-las-jam-al-sol-post-que-ahora-se-celebran-en-el-tanco-des-cubells\/"},"author":{"name":"xescu","@id":"https:\/\/musica.santjosep.org\/es\/#\/schema\/person\/0f860b74dd6768c60f67a1aacfe267e3"},"headline":"Vuelven las \u2018Jam al Sol Post\u2019, que ahora se celebran en el Tanc\u00f3 des Cubells","datePublished":"2023-06-30T13:40:15+00:00","dateModified":"2023-06-30T13:44:45+00:00","mainEntityOfPage":{"@id":"https:\/\/musica.santjosep.org\/es\/vuelven-las-jam-al-sol-post-que-ahora-se-celebran-en-el-tanco-des-cubells\/"},"wordCount":371,"commentCount":0,"publisher":{"@id":"https:\/\/musica.santjosep.org\/es\/#organization"},"image":{"@id":"https:\/\/musica.santjosep.org\/es\/vuelven-las-jam-al-sol-post-que-ahora-se-celebran-en-el-tanco-des-cubells\/#primaryimage"},"thumbnailUrl":"https:\/\/musica.santjosep.org\/wp-content\/uploads\/2023\/06\/IMG_2716rec.jpg","articleSection":["Actualidad"],"inLanguage":"es","potentialAction":[{"@type":"CommentAction","name":"Comment","target":["https:\/\/musica.santjosep.org\/es\/vuelven-las-jam-al-sol-post-que-ahora-se-celebran-en-el-tanco-des-cubells\/#respond"]}]},{"@type":"WebPage","@id":"https:\/\/musica.santjosep.org\/es\/vuelven-las-jam-al-sol-post-que-ahora-se-celebran-en-el-tanco-des-cubells\/","url":"https:\/\/musica.santjosep.org\/es\/vuelven-las-jam-al-sol-post-que-ahora-se-celebran-en-el-tanco-des-cubells\/","name":"Vuelven las \u2018Jam al Sol Post\u2019, que ahora se celebran en el Tanc\u00f3 des Cubells - Sant Josep \u00e9s m\u00fasica","isPartOf":{"@id":"https:\/\/musica.santjosep.org\/es\/#website"},"primaryImageOfPage":{"@id":"https:\/\/musica.santjosep.org\/es\/vuelven-las-jam-al-sol-post-que-ahora-se-celebran-en-el-tanco-des-cubells\/#primaryimage"},"image":{"@id":"https:\/\/musica.santjosep.org\/es\/vuelven-las-jam-al-sol-post-que-ahora-se-celebran-en-el-tanco-des-cubells\/#primaryimage"},"thumbnailUrl":"https:\/\/musica.santjosep.org\/wp-content\/uploads\/2023\/06\/IMG_2716rec.jpg","datePublished":"2023-06-30T13:40:15+00:00","dateModified":"2023-06-30T13:44:45+00:00","breadcrumb":{"@id":"https:\/\/musica.santjosep.org\/es\/vuelven-las-jam-al-sol-post-que-ahora-se-celebran-en-el-tanco-des-cubells\/#breadcrumb"},"inLanguage":"es","potentialAction":[{"@type":"ReadAction","target":["https:\/\/musica.santjosep.org\/es\/vuelven-las-jam-al-sol-post-que-ahora-se-celebran-en-el-tanco-des-cubells\/"]}]},{"@type":"ImageObject","inLanguage":"es","@id":"https:\/\/musica.santjosep.org\/es\/vuelven-las-jam-al-sol-post-que-ahora-se-celebran-en-el-tanco-des-cubells\/#primaryimage","url":"https:\/\/musica.santjosep.org\/wp-content\/uploads\/2023\/06\/IMG_2716rec.jpg","contentUrl":"https:\/\/musica.santjosep.org\/wp-content\/uploads\/2023\/06\/IMG_2716rec.jpg","width":1400,"height":933},{"@type":"BreadcrumbList","@id":"https:\/\/musica.santjosep.org\/es\/vuelven-las-jam-al-sol-post-que-ahora-se-celebran-en-el-tanco-des-cubells\/#breadcrumb","itemListElement":[{"@type":"ListItem","position":1,"name":"Portada","item":"https:\/\/musica.santjosep.org\/es\/"},{"@type":"ListItem","position":2,"name":"Vuelven las \u2018Jam al Sol Post\u2019, que ahora se celebran en el Tanc\u00f3 des Cubells"}]},{"@type":"WebSite","@id":"https:\/\/musica.santjosep.org\/es\/#website","url":"https:\/\/musica.santjosep.org\/es\/","name":"Sant Josep \u00e9s m\u00fasica","description":"Informaci\u00f3n actualizada de todos los conciertos, grupos y artistas que act\u00faen tanto en fiestas y festivales, como en establecimientos privados en el municipio de Sant Josep de sa Talaia","publisher":{"@id":"https:\/\/musica.santjosep.org\/es\/#organization"},"potentialAction":[{"@type":"SearchAction","target":{"@type":"EntryPoint","urlTemplate":"https:\/\/musica.santjosep.org\/es\/?s={search_term_string}"},"query-input":{"@type":"PropertyValueSpecification","valueRequired":true,"valueName":"search_term_string"}}],"inLanguage":"es"},{"@type":"Organization","@id":"https:\/\/musica.santjosep.org\/es\/#organization","name":"Sant Josep \u00e9s m\u00fasica","url":"https:\/\/musica.santjosep.org\/es\/","logo":{"@type":"ImageObject","inLanguage":"es","@id":"https:\/\/musica.santjosep.org\/es\/#\/schema\/logo\/image\/","url":"https:\/\/musica.santjosep.org\/wp-content\/uploads\/2022\/01\/logo-SJEM.png","contentUrl":"https:\/\/musica.santjosep.org\/wp-content\/uploads\/2022\/01\/logo-SJEM.png","width":213,"height":103,"caption":"Sant Josep \u00e9s m\u00fasica"},"image":{"@id":"https:\/\/musica.santjosep.org\/es\/#\/schema\/logo\/image\/"},"sameAs":["https:\/\/www.facebook.com\/Sant-Josep-s-Msica-105337042007790","https:\/\/x.com\/MusicaSantJosep","https:\/\/www.instagram.com\/musicasantjosep\/","https:\/\/www.youtube.com\/channel\/UCBSLSUpqfrfsiOMVslmZEJA"]},{"@type":"Person","@id":"https:\/\/musica.santjosep.org\/es\/#\/schema\/person\/0f860b74dd6768c60f67a1aacfe267e3","name":"xescu","image":{"@type":"ImageObject","inLanguage":"es","@id":"https:\/\/musica.santjosep.org\/es\/#\/schema\/person\/image\/","url":"https:\/\/secure.gravatar.com\/avatar\/d569ee5739a9c7022470ea472c9b4b9cf476e15f1be71e5242c911d673d14ad9?s=96&d=mm&r=g","contentUrl":"https:\/\/secure.gravatar.com\/avatar\/d569ee5739a9c7022470ea472c9b4b9cf476e15f1be71e5242c911d673d14ad9?s=96&d=mm&r=g","caption":"xescu"}}]}},"_links":{"self":[{"href":"https:\/\/musica.santjosep.org\/es\/wp-json\/wp\/v2\/posts\/23978","targetHints":{"allow":["GET"]}}],"collection":[{"href":"https:\/\/musica.santjosep.org\/es\/wp-json\/wp\/v2\/posts"}],"about":[{"href":"https:\/\/musica.santjosep.org\/es\/wp-json\/wp\/v2\/types\/post"}],"author":[{"embeddable":true,"href":"https:\/\/musica.santjosep.org\/es\/wp-json\/wp\/v2\/users\/2"}],"replies":[{"embeddable":true,"href":"https:\/\/musica.santjosep.org\/es\/wp-json\/wp\/v2\/comments?post=23978"}],"version-history":[{"count":0,"href":"https:\/\/musica.santjosep.org\/es\/wp-json\/wp\/v2\/posts\/23978\/revisions"}],"wp:featuredmedia":[{"embeddable":true,"href":"https:\/\/musica.santjosep.org\/es\/wp-json\/wp\/v2\/media\/23975"}],"wp:attachment":[{"href":"https:\/\/musica.santjosep.org\/es\/wp-json\/wp\/v2\/media?parent=23978"}],"wp:term":[{"taxonomy":"category","embeddable":true,"href":"https:\/\/musica.santjosep.org\/es\/wp-json\/wp\/v2\/categories?post=23978"},{"taxonomy":"post_tag","embeddable":true,"href":"https:\/\/musica.santjosep.org\/es\/wp-json\/wp\/v2\/tags?post=23978"}],"curies":[{"name":"wp","href":"https:\/\/api.w.org\/{rel}","templated":true}]}}