{"id":56823,"global_id":"musica.santjosep.org\/es\/?id=56823","global_id_lineage":["musica.santjosep.org\/es\/?id=56823"],"author":"2","status":"publish","date":"2026-04-23 23:21:14","date_utc":"2026-04-23 21:21:14","modified":"2026-04-23 23:21:14","modified_utc":"2026-04-23 21:21:14","url":"https:\/\/musica.santjosep.org\/es\/concierto\/el-cantante-y-guitarrista-juampi-pellicer-vuelve-al-escenario-de-why-not-en-cala-de-bou\/","rest_url":"https:\/\/musica.santjosep.org\/es\/wp-json\/tribe\/events\/v1\/events\/56823","title":"El cantante y guitarrista Juampi Pellicer vuelve al escenario de Why Not, en Cala de Bou","description":"<p>El bar restaurante Why Not, en Cala de Bou, sigue con su atractivo programa musical de los jueves. Esta vez el cartel lo vuelve a protagonizar el joven argentino Juampi Pellicer, conocido en su pa\u00eds por su paso por el programa televisivo La Voz. En los \u00faltimos a\u00f1os, ha lanzado numerosos sencillos como cantautor a trav\u00e9s de las plataformas digitales y su m\u00fasica navega entre la balada, la cumbia y otros g\u00e9neros latinos, con un toque pop. Un espect\u00e1culo \u00edntimo de <em>live looping<\/em> ac\u00fastico, sostenido por su voz y su guitarra.<\/p>","excerpt":"","slug":"el-cantante-y-guitarrista-juampi-pellicer-vuelve-al-escenario-de-why-not-en-cala-de-bou","image":{"url":"https:\/\/musica.santjosep.org\/wp-content\/uploads\/2026\/04\/juampi-pellicer-1-rec-bis.jpg","id":56729,"extension":"jpg","width":1400,"height":933,"filesize":829108,"sizes":{"medium":{"width":300,"height":200,"mime-type":"image\/jpeg","filesize":9612,"url":"https:\/\/musica.santjosep.org\/wp-content\/uploads\/2026\/04\/juampi-pellicer-1-rec-bis-300x200.jpg"},"large":{"width":1024,"height":682,"mime-type":"image\/jpeg","filesize":76631,"url":"https:\/\/musica.santjosep.org\/wp-content\/uploads\/2026\/04\/juampi-pellicer-1-rec-bis-1024x682.jpg"},"thumbnail":{"width":150,"height":150,"mime-type":"image\/jpeg","filesize":5331,"url":"https:\/\/musica.santjosep.org\/wp-content\/uploads\/2026\/04\/juampi-pellicer-1-rec-bis-150x150.jpg"},"medium_large":{"width":768,"height":512,"mime-type":"image\/jpeg","filesize":43580,"url":"https:\/\/musica.santjosep.org\/wp-content\/uploads\/2026\/04\/juampi-pellicer-1-rec-bis-768x512.jpg"},"journo_edge_square":{"width":550,"height":550,"mime-type":"image\/jpeg","filesize":41861,"url":"https:\/\/musica.santjosep.org\/wp-content\/uploads\/2026\/04\/juampi-pellicer-1-rec-bis-550x550.jpg"},"journo_edge_landscape":{"width":1100,"height":550,"mime-type":"image\/jpeg","filesize":74723,"url":"https:\/\/musica.santjosep.org\/wp-content\/uploads\/2026\/04\/juampi-pellicer-1-rec-bis-1100x550.jpg"},"journo_edge_portrait":{"width":550,"height":933,"mime-type":"image\/jpeg","filesize":101449,"url":"https:\/\/musica.santjosep.org\/wp-content\/uploads\/2026\/04\/juampi-pellicer-1-rec-bis-550x933.jpg"},"journo_edge_huge":{"width":1100,"height":933,"mime-type":"image\/jpeg","filesize":146883,"url":"https:\/\/musica.santjosep.org\/wp-content\/uploads\/2026\/04\/juampi-pellicer-1-rec-bis-1100x933.jpg"},"cmplz_banner_image":{"width":350,"height":100,"mime-type":"image\/jpeg","filesize":7066,"url":"https:\/\/musica.santjosep.org\/wp-content\/uploads\/2026\/04\/juampi-pellicer-1-rec-bis-350x100.jpg"}}},"all_day":false,"start_date":"2026-05-28 20:00:00","start_date_details":{"year":"2026","month":"05","day":"28","hour":"20","minutes":"00","seconds":"00"},"end_date":"2026-05-28 22:00:00","end_date_details":{"year":"2026","month":"05","day":"28","hour":"22","minutes":"00","seconds":"00"},"utc_start_date":"2026-05-28 18:00:00","utc_start_date_details":{"year":"2026","month":"05","day":"28","hour":"18","minutes":"00","seconds":"00"},"utc_end_date":"2026-05-28 20:00:00","utc_end_date_details":{"year":"2026","month":"05","day":"28","hour":"20","minutes":"00","seconds":"00"},"timezone":"Europe\/Madrid","timezone_abbr":"CEST","cost":"","cost_details":{"currency_symbol":"\u20ac","currency_code":"USD","currency_position":"suffix","values":[]},"website":"","show_map":true,"show_map_link":true,"hide_from_listings":false,"sticky":false,"featured":false,"categories":[{"name":"Latina","slug":"latina","term_group":0,"term_taxonomy_id":65,"taxonomy":"tribe_events_cat","description":"","parent":0,"count":239,"filter":"raw","id":65,"urls":{"self":"https:\/\/musica.santjosep.org\/es\/wp-json\/tribe\/events\/v1\/categories\/65","collection":"https:\/\/musica.santjosep.org\/es\/wp-json\/tribe\/events\/v1\/categories"}},{"name":"Pop","slug":"pop","term_group":0,"term_taxonomy_id":29,"taxonomy":"tribe_events_cat","description":"","parent":0,"count":925,"filter":"raw","id":29,"urls":{"self":"https:\/\/musica.santjosep.org\/es\/wp-json\/tribe\/events\/v1\/categories\/29","collection":"https:\/\/musica.santjosep.org\/es\/wp-json\/tribe\/events\/v1\/categories"}}],"tags":[],"venue":{"id":41284,"author":"2","status":"publish","date":"2024-10-22 12:44:40","date_utc":"2024-10-22 10:44:40","modified":"2024-10-22 12:44:40","modified_utc":"2024-10-22 10:44:40","url":"https:\/\/musica.santjosep.org\/es\/local\/why-not\/","venue":"Why Not","slug":"why-not","address":"C\/ des Calo, 53. Cala de Bou","phone":"871 735 099","geo_lat":38.97049927029200233619121718220412731170654296875,"geo_lng":1.286770927057200086807142724865116178989410400390625,"json_ld":{"@type":"Place","name":"Why Not","description":"","url":"https:\/\/musica.santjosep.org\/es\/local\/why-not\/","address":{"@type":"PostalAddress","streetAddress":"C\/ des Calo, 53. Cala de Bou"},"geo":{"@type":"GeoCoordinates","latitude":38.97049927029200233619121718220412731170654296875,"longitude":1.286770927057200086807142724865116178989410400390625},"telephone":"871 735 099","sameAs":""},"show_map":true,"show_map_link":true,"global_id":"musica.santjosep.org\/es\/?id=41284","global_id_lineage":["musica.santjosep.org\/es\/?id=41284"]},"organizer":[],"custom_fields":[],"json_ld":{"@context":"http:\/\/schema.org","@type":"Event","name":"El cantante y guitarrista Juampi Pellicer vuelve al escenario de Why Not, en Cala de Bou","description":"&lt;p&gt;El bar restaurante Why Not, en Cala de Bou, sigue con su atractivo programa musical de los jueves. Esta vez el cartel lo vuelve a protagonizar el joven argentino Juampi Pellicer, conocido en su pa\u00eds por su paso por el [&hellip;]&lt;\/p&gt;\\n","image":"https:\/\/musica.santjosep.org\/wp-content\/uploads\/2026\/04\/juampi-pellicer-1-rec-bis.jpg","url":"https:\/\/musica.santjosep.org\/es\/concierto\/el-cantante-y-guitarrista-juampi-pellicer-vuelve-al-escenario-de-why-not-en-cala-de-bou\/","eventAttendanceMode":"https:\/\/schema.org\/OfflineEventAttendanceMode","eventStatus":"https:\/\/schema.org\/EventScheduled","startDate":"2026-05-28T20:00:00+02:00","endDate":"2026-05-28T22:00:00+02:00","location":{"@type":"Place","name":"Why Not","description":"","url":"https:\/\/musica.santjosep.org\/es\/local\/why-not\/","address":{"@type":"PostalAddress","streetAddress":"C\/ des Calo, 53. Cala de Bou"},"geo":{"@type":"GeoCoordinates","latitude":38.97049927029200233619121718220412731170654296875,"longitude":1.286770927057200086807142724865116178989410400390625},"telephone":"871 735 099","sameAs":""},"performer":"Organization"},"is_virtual":false,"virtual_url":null,"virtual_video_source":""}