{"id":49083,"global_id":"musica.santjosep.org\/es\/?id=49083","global_id_lineage":["musica.santjosep.org\/es\/?id=49083"],"author":"2","status":"publish","date":"2025-05-30 09:52:42","date_utc":"2025-05-30 07:52:42","modified":"2025-05-30 10:27:10","modified_utc":"2025-05-30 08:27:10","url":"https:\/\/musica.santjosep.org\/es\/concierto\/royal-park-vintage-recibe-en-su-escenario-al-trio-de-flamenco-soniquete\/","rest_url":"https:\/\/musica.santjosep.org\/es\/wp-json\/tribe\/events\/v1\/events\/49083","title":"Royal Park Vintage recibe en su escenario al tr\u00edo de flamenco Soniquete","description":"<p>Royal Park Vintage, en Cala de Bou, celebra este domingo una nueva paella musical, con un concierto de la formaci\u00f3n flamenca Soniquete, tr\u00edo creado en 2025 y dedicado esencialmente a la rumba tradicional, con algunos retazos contempor\u00e1neos. Su repertorio incluye versiones de artistas tan conocidos como Los Chichos, El Junco, Las Grecas, Ketama, Ni\u00f1a Pastori, C. Tangana, Omar Montes\u2026 Lo forman la cantante Cheyenne Mart\u00ednez, ibicenca de ra\u00edces gaditanas y descendiente de una familia que siempre se ha dedicado al cante en la provincia de C\u00e1diz, el ibicenco Mat\u00edas Fern\u00e1ndez a la guitarra y Lucas Vidales, madrile\u00f1o con residencia en Ibiza desde hace veinte a\u00f1os, que aprendi\u00f3 a tocar el caj\u00f3n desde muy peque\u00f1o en el barrio de Carabanchel y en los tablaos flamencos de La Latina.<\/p>","excerpt":"","slug":"royal-park-vintage-recibe-en-su-escenario-al-trio-de-flamenco-soniquete","image":{"url":"https:\/\/musica.santjosep.org\/wp-content\/uploads\/2025\/05\/soniquete-3-rec.jpg","id":49075,"extension":"jpg","width":1400,"height":933,"filesize":663075,"sizes":{"medium":{"width":300,"height":200,"mime-type":"image\/jpeg","filesize":17264,"url":"https:\/\/musica.santjosep.org\/wp-content\/uploads\/2025\/05\/soniquete-3-rec-300x200.jpg"},"large":{"width":1024,"height":682,"mime-type":"image\/jpeg","filesize":110543,"url":"https:\/\/musica.santjosep.org\/wp-content\/uploads\/2025\/05\/soniquete-3-rec-1024x682.jpg"},"thumbnail":{"width":150,"height":150,"mime-type":"image\/jpeg","filesize":7826,"url":"https:\/\/musica.santjosep.org\/wp-content\/uploads\/2025\/05\/soniquete-3-rec-150x150.jpg"},"medium_large":{"width":768,"height":512,"mime-type":"image\/jpeg","filesize":72839,"url":"https:\/\/musica.santjosep.org\/wp-content\/uploads\/2025\/05\/soniquete-3-rec-768x512.jpg"},"journo_edge_square":{"width":550,"height":550,"mime-type":"image\/jpeg","filesize":54181,"url":"https:\/\/musica.santjosep.org\/wp-content\/uploads\/2025\/05\/soniquete-3-rec-550x550.jpg"},"journo_edge_landscape":{"width":1100,"height":550,"mime-type":"image\/jpeg","filesize":95698,"url":"https:\/\/musica.santjosep.org\/wp-content\/uploads\/2025\/05\/soniquete-3-rec-1100x550.jpg"},"journo_edge_portrait":{"width":550,"height":933,"mime-type":"image\/jpeg","filesize":72459,"url":"https:\/\/musica.santjosep.org\/wp-content\/uploads\/2025\/05\/soniquete-3-rec-550x933.jpg"},"journo_edge_huge":{"width":1100,"height":933,"mime-type":"image\/jpeg","filesize":139846,"url":"https:\/\/musica.santjosep.org\/wp-content\/uploads\/2025\/05\/soniquete-3-rec-1100x933.jpg"}}},"all_day":false,"start_date":"2025-06-01 16:00:00","start_date_details":{"year":"2025","month":"06","day":"01","hour":"16","minutes":"00","seconds":"00"},"end_date":"2025-06-01 18:00:00","end_date_details":{"year":"2025","month":"06","day":"01","hour":"18","minutes":"00","seconds":"00"},"utc_start_date":"2025-06-01 14:00:00","utc_start_date_details":{"year":"2025","month":"06","day":"01","hour":"14","minutes":"00","seconds":"00"},"utc_end_date":"2025-06-01 16:00:00","utc_end_date_details":{"year":"2025","month":"06","day":"01","hour":"16","minutes":"00","seconds":"00"},"timezone":"Europe\/Madrid","timezone_abbr":"CEST","cost":"","cost_details":{"currency_symbol":"\u20ac","currency_code":"USD","currency_position":"suffix","values":[]},"website":"","show_map":true,"show_map_link":true,"hide_from_listings":false,"sticky":false,"featured":false,"categories":[{"name":"Flamenco","slug":"flamenco","term_group":0,"term_taxonomy_id":54,"taxonomy":"tribe_events_cat","description":"","parent":0,"count":473,"filter":"raw","id":54,"urls":{"self":"https:\/\/musica.santjosep.org\/es\/wp-json\/tribe\/events\/v1\/categories\/54","collection":"https:\/\/musica.santjosep.org\/es\/wp-json\/tribe\/events\/v1\/categories"}},{"name":"Rumba","slug":"rumba","term_group":0,"term_taxonomy_id":28,"taxonomy":"tribe_events_cat","description":"","parent":0,"count":276,"filter":"raw","id":28,"urls":{"self":"https:\/\/musica.santjosep.org\/es\/wp-json\/tribe\/events\/v1\/categories\/28","collection":"https:\/\/musica.santjosep.org\/es\/wp-json\/tribe\/events\/v1\/categories"}}],"tags":[],"venue":{"id":8672,"author":"2","status":"publish","date":"2022-06-21 18:48:19","date_utc":"2022-06-21 16:48:19","modified":"2022-06-21 18:48:19","modified_utc":"2022-06-21 16:48:19","url":"https:\/\/musica.santjosep.org\/es\/local\/royal-park-vintage\/","venue":"Royal Park Vintage","slug":"royal-park-vintage","address":"Carrer de Cala de Bou, 23. Cala de Bou","phone":"971 667 370","geo_lat":38.96714878707499707388706156052649021148681640625,"geo_lng":1.300979531388100074451585896895267069339752197265625,"json_ld":{"@type":"Place","name":"Royal Park Vintage","description":"","url":"https:\/\/musica.santjosep.org\/es\/local\/royal-park-vintage\/","address":{"@type":"PostalAddress","streetAddress":"Carrer de Cala de Bou, 23. Cala de Bou"},"geo":{"@type":"GeoCoordinates","latitude":38.96714878707499707388706156052649021148681640625,"longitude":1.300979531388100074451585896895267069339752197265625},"telephone":"971 667 370","sameAs":""},"show_map":true,"show_map_link":true,"global_id":"musica.santjosep.org\/es\/?id=8672","global_id_lineage":["musica.santjosep.org\/es\/?id=8672"]},"organizer":[],"custom_fields":[],"json_ld":{"@context":"http:\/\/schema.org","@type":"Event","name":"Royal Park Vintage recibe en su escenario al tr\u00edo de flamenco Soniquete","description":"&lt;p&gt;Royal Park Vintage, en Cala de Bou, celebra este domingo una nueva paella musical, con un concierto de la formaci\u00f3n flamenca Soniquete, tr\u00edo creado en 2025 y dedicado esencialmente a la rumba tradicional, con algunos retazos contempor\u00e1neos. Su repertorio incluye [&hellip;]&lt;\/p&gt;\\n","image":"https:\/\/musica.santjosep.org\/wp-content\/uploads\/2025\/05\/soniquete-3-rec.jpg","url":"https:\/\/musica.santjosep.org\/es\/concierto\/royal-park-vintage-recibe-en-su-escenario-al-trio-de-flamenco-soniquete\/","eventAttendanceMode":"https:\/\/schema.org\/OfflineEventAttendanceMode","eventStatus":"https:\/\/schema.org\/EventScheduled","startDate":"2025-06-01T16:00:00+02:00","endDate":"2025-06-01T18:00:00+02:00","location":{"@type":"Place","name":"Royal Park Vintage","description":"","url":"https:\/\/musica.santjosep.org\/es\/local\/royal-park-vintage\/","address":{"@type":"PostalAddress","streetAddress":"Carrer de Cala de Bou, 23. Cala de Bou"},"geo":{"@type":"GeoCoordinates","latitude":38.96714878707499707388706156052649021148681640625,"longitude":1.300979531388100074451585896895267069339752197265625},"telephone":"971 667 370","sameAs":""},"performer":"Organization"},"is_virtual":false,"virtual_url":null,"virtual_video_source":""}