{"id":27586,"global_id":"musica.santjosep.org\/es\/?id=27586","global_id_lineage":["musica.santjosep.org\/es\/?id=27586"],"author":"2","status":"publish","date":"2023-09-14 21:17:24","date_utc":"2023-09-14 19:17:24","modified":"2023-10-03 22:48:35","modified_utc":"2023-10-03 20:48:35","url":"https:\/\/musica.santjosep.org\/es\/concierto\/ivan-ferreiro-arde-bogota-mikel-erentxun-joven-dolores-y-despistaos-en-sonorama-venice-bay\/","rest_url":"https:\/\/musica.santjosep.org\/es\/wp-json\/tribe\/events\/v1\/events\/27586","title":"Iv\u00e1n Ferreiro, Arde Bogot\u00e1, Mikel Erentxun y Despistaos, en Sonorama (Venice Bay)","description":"<p>El recinto Venice Bay, de Concept Hotel Group, y la zona exterior del Auditorio Cal\u00f3 de s\u2019Oli acogen los d\u00edas 5, 6 y 7 de octubre la tercera edici\u00f3n del Festival Sonorama Ribera Goes to Ibiza, que contar\u00e1 con la participaci\u00f3n de un total de 22 grupos de todo el pa\u00eds, as\u00ed como actividades paralelas, como exposiciones y charlas. Esta segunda jornada verpertina se celebra en Venice Bay y cuenta con las actuaciones de Iv\u00e1n Ferreiro, Arde Bogot\u00e1, Mikel Erentxun y Despistaos. Tambi\u00e9n estaba prevista la actuaci\u00f3n de la banda local Joven Dolores, que se ha tenido que suspenderse por razones familiares de causa mayor.<\/p>\n<p>Cabe recordar que el programa alterna dos jornadas diurnas de conciertos gratuitos en Calo de s\u2019Oli (viernes y s\u00e1bado), con otras tres (jueves a s\u00e1bado) en horario de tarde-noche, que requieren entrada y que se desarrollan en el recinto Venice Bay, situado tras el Paradiso Ibiza Art Hotel, en la calle Lugo. En ambos espacios hay tambi\u00e9n Food Trucks y barras. Las localidades de pago pueden adquirirse en la <a href=\"https:\/\/sonoramariberaibiza.es\/\" target=\"_blank\" rel=\"noopener\">p\u00e1gina web<\/a> del certamen, donde los aficionados de fuera de la isla tambi\u00e9n pueden reservar estancias. El bono para los tres d\u00edas en Venice Bay sale por 93,50 \u20ac, mientras que las entradas sueltas para cada una de las tres jornadas cuestan 48,50 \u20ac.<\/p>\n<p>Sonorama Ribera es un festival de m\u00fasica indie que, desde 1998, se celebra en el mes de agosto en la localidad burgalesa de Aranda de Duero, organizado por la asociaci\u00f3n cultural Art de Troya. Desde 2021 y en colaboraci\u00f3n con la cadena hotelera ibicenca Concept Hotel Group, cuenta con una versi\u00f3n ibicenca, que se desarrolla en la zona tur\u00edstica de Cala de Bou. En ella participa una representaci\u00f3n de los grupos que protagonizan el cartel de Aranda de Duero, a los que se suma alguna banda local. El certamen cuenta con el apoyo del Ayuntamiento de Sant Josep, Sant Josep \u00e9s M\u00fasica y el Consell Insular d\u2019Eivissa.<\/p>\n<p>&nbsp;<\/p>\n<p>A continuaci\u00f3n, un poco de informaci\u00f3n sobre las bandas participantes:<\/p>\n<p><strong>IV\u00c1N FERREIRO<\/strong><\/p>\n<p>Iv\u00e1n Ferreiro (Vigo, 1970) es un cantante y compositor que, junto a Paco Seren, fund\u00f3 la m\u00edtica banda gallega Los Piratas, una de las m\u00e1s influyentes del pop rock espa\u00f1ol de los a\u00f1os noventa. Permaneci\u00f3 en ella hasta su disoluci\u00f3n, en 2003, iniciando despu\u00e9s una carrera en solitario plagada de \u00e9xitos y que le ha llevado a colaborar con algunos de los m\u00e1s grandes artistas del pa\u00eds en el siglo XXI, como Enrique Bunbury, Antonio Orozco, Quique Gonz\u00e1lez, Xoel L\u00f3pez o Santi Balmes (Love of Lesbian), entre muchos otros.<\/p>\n<p><img loading=\"lazy\" decoding=\"async\" class=\"alignnone wp-image-27517 size-full\" src=\"https:\/\/musica.santjosep.org\/wp-content\/uploads\/2023\/09\/iva\u0301n-ferreiro-2-rec.jpg\" alt=\"\" width=\"1400\" height=\"933\" srcset=\"https:\/\/musica.santjosep.org\/wp-content\/uploads\/2023\/09\/iva\u0301n-ferreiro-2-rec.jpg 1400w, https:\/\/musica.santjosep.org\/wp-content\/uploads\/2023\/09\/iva\u0301n-ferreiro-2-rec-300x200.jpg 300w, https:\/\/musica.santjosep.org\/wp-content\/uploads\/2023\/09\/iva\u0301n-ferreiro-2-rec-1024x682.jpg 1024w, https:\/\/musica.santjosep.org\/wp-content\/uploads\/2023\/09\/iva\u0301n-ferreiro-2-rec-768x512.jpg 768w\" sizes=\"auto, (max-width: 1400px) 100vw, 1400px\" \/>Public\u00f3 su primer \u00e1lbum en 2005, bajo el t\u00edtulo <em>Canciones para el tiempo y la distancia<\/em>, acompa\u00f1ado de su hermano Amaro. A este siguieron <em>Las siete y media<\/em> (2006), <em>Mentiroso, mentiroso<\/em> (2008), <em>Picnic extraterrestre<\/em> (2010), <em>Confesiones de un artista de mierda<\/em> (2011), <em>Val Mi\u00f1or-Madrid: Historia y cronolog\u00eda del mundo<\/em> (2013), <em>Casa <\/em>(2016), la banda sonora de la serie \u2018Fari\u00f1a\u2019 que incluye m\u00faltiples versiones y se titula <em>Fari\u00f1a Misturas<\/em> (2018), <em>Cena recalentada<\/em> (2018) y el recopilatorio <em>15 a\u00f1os entre canciones para el tiempo y la distancia<\/em> (2019). En este 2023 ha lanzado <em>Trinchera Pop<\/em>, con diez nuevos temas.<\/p>\n<p><iframe loading=\"lazy\" title=\"Iv\u00e1n Ferreiro - El pensamiento circular (Videoclip Oficial)\" width=\"1100\" height=\"619\" src=\"https:\/\/www.youtube.com\/embed\/e41TlLljgAw?feature=oembed\" frameborder=\"0\" allow=\"accelerometer; autoplay; clipboard-write; encrypted-media; gyroscope; picture-in-picture; web-share\" allowfullscreen><\/iframe><\/p>\n<p>&nbsp;<\/p>\n<p><strong>ARDE BOGOT\u00c1<\/strong><\/p>\n<p>La banda Arde Bogot\u00e1 se form\u00f3 en 2017 y se llama as\u00ed porque su m\u00fasica son\u00f3 por primera vez en esta ciudad colombiana. Ellos, sin embargo, proceden de Cartagena (Murcia) y su m\u00fasica est\u00e1 influida por Foo Fighters, Artic Monkeys o Viva Suecia. Rock espa\u00f1ol, en todo caso, muy r\u00edtmico y potente.<\/p>\n<p><img loading=\"lazy\" decoding=\"async\" class=\"alignnone wp-image-27493 size-full\" src=\"https:\/\/musica.santjosep.org\/wp-content\/uploads\/2023\/09\/arde-bogota-3-rec.jpg\" alt=\"\" width=\"1400\" height=\"933\" srcset=\"https:\/\/musica.santjosep.org\/wp-content\/uploads\/2023\/09\/arde-bogota-3-rec.jpg 1400w, https:\/\/musica.santjosep.org\/wp-content\/uploads\/2023\/09\/arde-bogota-3-rec-300x200.jpg 300w, https:\/\/musica.santjosep.org\/wp-content\/uploads\/2023\/09\/arde-bogota-3-rec-1024x682.jpg 1024w, https:\/\/musica.santjosep.org\/wp-content\/uploads\/2023\/09\/arde-bogota-3-rec-768x512.jpg 768w\" sizes=\"auto, (max-width: 1400px) 100vw, 1400px\" \/>En 2021 publicaron su primer \u00e1lbum\u00a0<em>La Noche<\/em>\u00a0y desde entonces llevan girando por Espa\u00f1a sin parar. En este 2023 han publicado su segundo largo, <em>Cowboys de la A3<\/em>, de la mano de Sony Music, que se lanz\u00f3 el pasado mes de mayo. La banda la componen Antonio Garc\u00eda V\u00e1zquez (voz), Dani S\u00e1nchez (guitarra y coros), Pepe Esteban (bajo y coros) y Jos\u00e9 \u00c1ngel Mercader (bater\u00eda y percusi\u00f3n). Tienen una sorprendente versi\u00f3n de \u2018Mi carro\u2019, el popular tema de Manolo Escobar.<\/p>\n<p><iframe loading=\"lazy\" title=\"Arde Bogot\u00e1 - Copilotos (Lyric Video)\" width=\"1100\" height=\"619\" src=\"https:\/\/www.youtube.com\/embed\/PEmYV0ur-jA?feature=oembed\" frameborder=\"0\" allow=\"accelerometer; autoplay; clipboard-write; encrypted-media; gyroscope; picture-in-picture; web-share\" allowfullscreen><\/iframe><\/p>\n<p>&nbsp;<\/p>\n<p><strong>MIKEL ERENTXUN<\/strong><\/p>\n<p>Mikel Erentxun, cantante, guitarrista y compositor venezolano, aunque establecido en Euskadi desde la infancia, cre\u00f3 junto a Diego Vasallo y Juan Ram\u00f3n Viles una de las bandas m\u00e1s famosas de la historia del pop espa\u00f1ol: Duncan Dhu, que permaneci\u00f3 activa de 1984 a 2001 y de 2013 a 2016, logrando \u00e9xitos tan populares como \u2018Cien gaviotas\u2019, \u2018Esos ojos negros\u2019, \u2018Una calle de Par\u00eds\u2019 o \u2018Jard\u00edn de rosas\u2019.<\/p>\n<p><img loading=\"lazy\" decoding=\"async\" class=\"alignnone wp-image-27537 size-full\" src=\"https:\/\/musica.santjosep.org\/wp-content\/uploads\/2023\/09\/mikel-erentxun-1-rec.jpg\" alt=\"\" width=\"1400\" height=\"933\" srcset=\"https:\/\/musica.santjosep.org\/wp-content\/uploads\/2023\/09\/mikel-erentxun-1-rec.jpg 1400w, https:\/\/musica.santjosep.org\/wp-content\/uploads\/2023\/09\/mikel-erentxun-1-rec-300x200.jpg 300w, https:\/\/musica.santjosep.org\/wp-content\/uploads\/2023\/09\/mikel-erentxun-1-rec-1024x682.jpg 1024w, https:\/\/musica.santjosep.org\/wp-content\/uploads\/2023\/09\/mikel-erentxun-1-rec-768x512.jpg 768w\" sizes=\"auto, (max-width: 1400px) 100vw, 1400px\" \/>En 1992, sin apenas pretensiones, inici\u00f3 una carrera en solitario al publicar el disco <em>Naufragios<\/em>, que tuvo tal \u00e9xito que, de alguna manera, le oblig\u00f3 a seguir. Desde entonces, ha publicado otra docena de trabajos, adem\u00e1s de algunos recopilatorios y directos. En su \u00faltimo disco, <em>Amigos de Guardia<\/em>, repasa sus \u00e9xitos en solitario y con Duncan Dhu, compartiendo micro con Bunbury, Coque Malla, Andr\u00e9s Calamaro, Amaia, Santi Balmes, Anni B Sweet, Eva Amaral, Quique Gonz\u00e1lez, Diego Vasallo, Iv\u00e1n Ferreiro o Maika Makovski, entre otros.<\/p>\n<p><iframe loading=\"lazy\" title=\"Mikel Erentxun - Ma\u00f1ana (video clip)\" width=\"1100\" height=\"825\" src=\"https:\/\/www.youtube.com\/embed\/mt0x6Wa1qnQ?feature=oembed\" frameborder=\"0\" allow=\"accelerometer; autoplay; clipboard-write; encrypted-media; gyroscope; picture-in-picture; web-share\" allowfullscreen><\/iframe><\/p>\n<p>&nbsp;<\/p>\n<p>&nbsp;<\/p>\n<p><strong>DESPISTAOS<\/strong><\/p>\n<p>La banda de rock Despistaos es originaria de Guadalajara y fue fundada en 2002. Inicialmente su sonido estaba fuertemente influido por el rock urbano espa\u00f1ol, aunque a partir del segundo disco, <em>Lejos<\/em> (2006), comienzan a dejar atr\u00e1s ese planteamiento inicial y se orientan hacia sonidos m\u00e1s comerciales, como el pop punk estadounidense, pop rock, powerpop e incluso rock alternativo.<\/p>\n<p><img loading=\"lazy\" decoding=\"async\" class=\"alignnone wp-image-27513 size-full\" src=\"https:\/\/musica.santjosep.org\/wp-content\/uploads\/2023\/09\/despistaos-3-rec.jpg\" alt=\"\" width=\"1400\" height=\"933\" srcset=\"https:\/\/musica.santjosep.org\/wp-content\/uploads\/2023\/09\/despistaos-3-rec.jpg 1400w, https:\/\/musica.santjosep.org\/wp-content\/uploads\/2023\/09\/despistaos-3-rec-300x200.jpg 300w, https:\/\/musica.santjosep.org\/wp-content\/uploads\/2023\/09\/despistaos-3-rec-1024x682.jpg 1024w, https:\/\/musica.santjosep.org\/wp-content\/uploads\/2023\/09\/despistaos-3-rec-768x512.jpg 768w\" sizes=\"auto, (max-width: 1400px) 100vw, 1400px\" \/>Est\u00e1 formado por Daniel Marco Varela, Jos\u00e9 Krespo, L\u00e1zaro Fern\u00e1ndez y Pablo Alonso \u00c1lvarez. Tiene en su haber una docena de \u00e1lbumes, con canciones que ha coreado media Espa\u00f1a en festivales y salas de conciertos. \u2018F\u00edsica o qu\u00edmica\u2019, por ejemplo, tiene 50 millones de reproducciones en Spotify. Su \u00faltimo disco, <em>Ilusionismo<\/em>, se public\u00f3 el a\u00f1o pasado y contiene once canciones.<\/p>\n<p><iframe loading=\"lazy\" title=\"Despistaos - F\u00edsica o Qu\u00edmica\" width=\"1100\" height=\"619\" src=\"https:\/\/www.youtube.com\/embed\/6ikznQPMSv0?feature=oembed\" frameborder=\"0\" allow=\"accelerometer; autoplay; clipboard-write; encrypted-media; gyroscope; picture-in-picture; web-share\" allowfullscreen><\/iframe><\/p>","excerpt":"","slug":"ivan-ferreiro-arde-bogota-mikel-erentxun-joven-dolores-y-despistaos-en-sonorama-venice-bay","image":{"url":"https:\/\/musica.santjosep.org\/wp-content\/uploads\/2023\/09\/iva\u0301n-ferreiro-1-rec.jpg","id":27515,"extension":"jpg","width":1400,"height":933,"filesize":630450,"sizes":{"medium":{"width":300,"height":200,"mime-type":"image\/jpeg","filesize":9558,"url":"https:\/\/musica.santjosep.org\/wp-content\/uploads\/2023\/09\/iva\u0301n-ferreiro-1-rec-300x200.jpg"},"large":{"width":1024,"height":682,"mime-type":"image\/jpeg","filesize":121808,"url":"https:\/\/musica.santjosep.org\/wp-content\/uploads\/2023\/09\/iva\u0301n-ferreiro-1-rec-1024x682.jpg"},"thumbnail":{"width":150,"height":150,"mime-type":"image\/jpeg","filesize":5197,"url":"https:\/\/musica.santjosep.org\/wp-content\/uploads\/2023\/09\/iva\u0301n-ferreiro-1-rec-150x150.jpg"},"medium_large":{"width":768,"height":512,"mime-type":"image\/jpeg","filesize":69274,"url":"https:\/\/musica.santjosep.org\/wp-content\/uploads\/2023\/09\/iva\u0301n-ferreiro-1-rec-768x512.jpg"},"journo_edge_square":{"width":550,"height":550,"mime-type":"image\/jpeg","filesize":60257,"url":"https:\/\/musica.santjosep.org\/wp-content\/uploads\/2023\/09\/iva\u0301n-ferreiro-1-rec-550x550.jpg"},"journo_edge_landscape":{"width":1100,"height":550,"mime-type":"image\/jpeg","filesize":107224,"url":"https:\/\/musica.santjosep.org\/wp-content\/uploads\/2023\/09\/iva\u0301n-ferreiro-1-rec-1100x550.jpg"},"journo_edge_portrait":{"width":550,"height":933,"mime-type":"image\/jpeg","filesize":105019,"url":"https:\/\/musica.santjosep.org\/wp-content\/uploads\/2023\/09\/iva\u0301n-ferreiro-1-rec-550x933.jpg"},"journo_edge_huge":{"width":1100,"height":933,"mime-type":"image\/jpeg","filesize":183540,"url":"https:\/\/musica.santjosep.org\/wp-content\/uploads\/2023\/09\/iva\u0301n-ferreiro-1-rec-1100x933.jpg"},"cmplz_banner_image":{"width":350,"height":100,"mime-type":"image\/jpeg","filesize":6143,"url":"https:\/\/musica.santjosep.org\/wp-content\/uploads\/2023\/09\/iva\u0301n-ferreiro-1-rec-350x100.jpg"}}},"all_day":false,"start_date":"2023-10-06 18:00:00","start_date_details":{"year":"2023","month":"10","day":"06","hour":"18","minutes":"00","seconds":"00"},"end_date":"2023-10-06 23:30:00","end_date_details":{"year":"2023","month":"10","day":"06","hour":"23","minutes":"30","seconds":"00"},"utc_start_date":"2023-10-06 16:00:00","utc_start_date_details":{"year":"2023","month":"10","day":"06","hour":"16","minutes":"00","seconds":"00"},"utc_end_date":"2023-10-06 21:30:00","utc_end_date_details":{"year":"2023","month":"10","day":"06","hour":"21","minutes":"30","seconds":"00"},"timezone":"Europe\/Madrid","timezone_abbr":"CEST","cost":"48,50\u20ac","cost_details":{"currency_symbol":"\u20ac","currency_code":"","currency_position":"suffix","values":["48.50"]},"website":"https:\/\/sonoramariberaibiza.es\/tickets\/","show_map":true,"show_map_link":true,"hide_from_listings":false,"sticky":false,"featured":false,"categories":[{"name":"Indie","slug":"indie","term_group":0,"term_taxonomy_id":24,"taxonomy":"tribe_events_cat","description":"","parent":0,"count":87,"filter":"raw","id":24,"urls":{"self":"https:\/\/musica.santjosep.org\/es\/wp-json\/tribe\/events\/v1\/categories\/24","collection":"https:\/\/musica.santjosep.org\/es\/wp-json\/tribe\/events\/v1\/categories"}},{"name":"Pop","slug":"pop","term_group":0,"term_taxonomy_id":29,"taxonomy":"tribe_events_cat","description":"","parent":0,"count":925,"filter":"raw","id":29,"urls":{"self":"https:\/\/musica.santjosep.org\/es\/wp-json\/tribe\/events\/v1\/categories\/29","collection":"https:\/\/musica.santjosep.org\/es\/wp-json\/tribe\/events\/v1\/categories"}},{"name":"Rock","slug":"rock","term_group":0,"term_taxonomy_id":15,"taxonomy":"tribe_events_cat","description":"","parent":0,"count":1747,"filter":"raw","id":15,"urls":{"self":"https:\/\/musica.santjosep.org\/es\/wp-json\/tribe\/events\/v1\/categories\/15","collection":"https:\/\/musica.santjosep.org\/es\/wp-json\/tribe\/events\/v1\/categories"}}],"tags":[],"venue":{"id":21344,"author":"2","status":"publish","date":"2023-05-16 19:58:19","date_utc":"2023-05-16 17:58:19","modified":"2023-05-16 19:58:19","modified_utc":"2023-05-16 17:58:19","url":"https:\/\/musica.santjosep.org\/es\/local\/venice-bay\/","venue":"Venice Bay","slug":"venice-bay","address":"C\/ de Lugo, 11. Cala de Bou","phone":"971 393 268","website":"https:\/\/concepthotelgroup.es\/es\/","geo_lat":38.9711830063530015877404366619884967803955078125,"geo_lng":1.283290345166399948340085757081396877765655517578125,"json_ld":{"@type":"Place","name":"Venice Bay","description":"","url":"https:\/\/musica.santjosep.org\/es\/local\/venice-bay\/","address":{"@type":"PostalAddress","streetAddress":"C\/ de Lugo, 11. Cala de Bou"},"geo":{"@type":"GeoCoordinates","latitude":38.9711830063530015877404366619884967803955078125,"longitude":1.283290345166399948340085757081396877765655517578125},"telephone":"971 393 268","sameAs":"https:\/\/concepthotelgroup.es\/es\/"},"show_map":true,"show_map_link":true,"global_id":"musica.santjosep.org\/es\/?id=21344","global_id_lineage":["musica.santjosep.org\/es\/?id=21344"]},"organizer":[{"id":27572,"author":"2","status":"publish","date":"2023-09-14 20:37:12","date_utc":"2023-09-14 18:37:12","modified":"2023-09-14 20:37:12","modified_utc":"2023-09-14 18:37:12","url":"https:\/\/musica.santjosep.org\/es\/organizador\/concept-hotel-group\/","organizer":"Concept Hotel Group","slug":"concept-hotel-group","phone":"+34 971 393 268","website":"https:\/\/www.theconcepthotels.com\/","email":"info@theconcepthotels.com","json_ld":{"@type":"Person","name":"Concept Hotel Group","description":"","url":"https:\/\/www.theconcepthotels.com\/","telephone":"+34 971 393 268","email":"in&#102;o&#64;&#116;&#104;&#101;c&#111;&#110;&#99;&#101;&#112;&#116;&#104;ot&#101;&#108;s&#46;com","sameAs":"https:\/\/www.theconcepthotels.com\/"},"global_id":"musica.santjosep.org\/es\/?id=27572","global_id_lineage":["musica.santjosep.org\/es\/?id=27572"]},{"id":312,"author":"1","status":"publish","date":"2022-01-11 17:35:55","date_utc":"2022-01-11 16:35:55","modified":"2022-01-11 17:35:55","modified_utc":"2022-01-11 16:35:55","url":"https:\/\/musica.santjosep.org\/es\/organizador\/ayuntamiento-de-sant-josep-de-sa-talaia\/","organizer":"Ayuntamiento de Sant Josep de sa Talaia","slug":"ayuntamiento-de-sant-josep-de-sa-talaia","website":"https:\/\/www.santjosep.org","json_ld":{"@type":"Person","name":"Ayuntamiento de Sant Josep de sa Talaia","description":"","url":"https:\/\/www.santjosep.org","telephone":"","email":"","sameAs":"https:\/\/www.santjosep.org"},"global_id":"musica.santjosep.org\/es\/?id=312","global_id_lineage":["musica.santjosep.org\/es\/?id=312"]},{"id":4237,"author":"2","status":"publish","date":"2022-03-01 20:01:23","date_utc":"2022-03-01 19:01:23","modified":"2022-03-01 20:01:23","modified_utc":"2022-03-01 19:01:23","url":"https:\/\/musica.santjosep.org\/es\/organizador\/consell-insular-deivissa\/","organizer":"Consell Insular d&#8217;Eivissa","slug":"consell-insular-deivissa","phone":"680 104 856","json_ld":{"@type":"Person","name":"Consell Insular d&#8217;Eivissa","description":"","url":"","telephone":"680 104 856","email":"","sameAs":""},"global_id":"musica.santjosep.org\/es\/?id=4237","global_id_lineage":["musica.santjosep.org\/es\/?id=4237"]}],"custom_fields":[],"json_ld":{"@context":"http:\/\/schema.org","@type":"Event","name":"Iv\u00e1n Ferreiro, Arde Bogot\u00e1, Mikel Erentxun y Despistaos, en Sonorama (Venice Bay)","description":"&lt;p&gt;El recinto Venice Bay, de Concept Hotel Group, y la zona exterior del Auditorio Cal\u00f3 de s\u2019Oli acogen los d\u00edas 5, 6 y 7 de octubre la tercera edici\u00f3n del Festival Sonorama Ribera Goes to Ibiza, que contar\u00e1 con la [&hellip;]&lt;\/p&gt;\\n","image":"https:\/\/musica.santjosep.org\/wp-content\/uploads\/2023\/09\/iva\u0301n-ferreiro-1-rec.jpg","url":"https:\/\/musica.santjosep.org\/es\/concierto\/ivan-ferreiro-arde-bogota-mikel-erentxun-joven-dolores-y-despistaos-en-sonorama-venice-bay\/","eventAttendanceMode":"https:\/\/schema.org\/OfflineEventAttendanceMode","eventStatus":"https:\/\/schema.org\/EventScheduled","startDate":"2023-10-06T18:00:00+02:00","endDate":"2023-10-06T23:30:00+02:00","location":{"@type":"Place","name":"Venice Bay","description":"","url":"https:\/\/musica.santjosep.org\/es\/local\/venice-bay\/","address":{"@type":"PostalAddress","streetAddress":"C\/ de Lugo, 11. Cala de Bou"},"geo":{"@type":"GeoCoordinates","latitude":38.9711830063530015877404366619884967803955078125,"longitude":1.283290345166399948340085757081396877765655517578125},"telephone":"971 393 268","sameAs":"https:\/\/concepthotelgroup.es\/es\/"},"organizer":{"@type":"Person","name":"Concept Hotel Group","description":"","url":"https:\/\/www.theconcepthotels.com\/","telephone":"+34 971 393 268","email":"info&#64;&#116;h&#101;&#99;&#111;&#110;cep&#116;&#104;&#111;te&#108;&#115;&#46;&#99;&#111;&#109;","sameAs":"https:\/\/www.theconcepthotels.com\/"},"offers":{"@type":"Offer","price":"48,50","priceCurrency":"USD","url":"https:\/\/musica.santjosep.org\/es\/concierto\/ivan-ferreiro-arde-bogota-mikel-erentxun-joven-dolores-y-despistaos-en-sonorama-venice-bay\/","category":"primary","availability":"inStock","validFrom":"1970-01-01T00:00:00+00:00"},"performer":"Organization"},"is_virtual":false,"virtual_url":null,"virtual_video_source":""}