{"id":10029491,"global_id":"musica.santjosep.org\/es\/?id=10029491","global_id_lineage":["musica.santjosep.org\/es\/?id=10029491"],"author":"2","status":"publish","date":"2026-04-09 18:08:25","date_utc":"2026-04-09 16:08:25","modified":"2026-04-09 18:08:25","modified_utc":"2026-04-09 16:08:25","url":"https:\/\/musica.santjosep.org\/es\/concert\/querencia-lleva-su-espectaculo-de-flamenco-a-la-terraza-de-tribu-en-cala-de-bou\/2026-07-05\/","rest_url":"https:\/\/musica.santjosep.org\/es\/wp-json\/tribe\/events\/v1\/events\/10029491","title":"Querencia lleva su espect\u00e1culo de flamenco a la terraza de Tribu, en Cala de Bou","description":"<p>Los atardeceres dominicales siempre tiene sabor a flamenco en el bar restaurante Tribu de Cala de Bou, gracias a la presencia de una de las formaciones m\u00e1s emblem\u00e1ticas del g\u00e9nero y su magn\u00edfico espect\u00e1culo: Querencia. Este grupo naci\u00f3 en el a\u00f1o 2007, impulsado por el percusionista Luis de las Heras, y ofrece un repertorio musical elegante, manteniendo siempre las ra\u00edces flamencas y con algunas pinceladas de fusi\u00f3n latina.<\/p>","excerpt":"","slug":"querencia-lleva-su-espectaculo-de-flamenco-a-la-terraza-de-tribu-en-cala-de-bou","image":{"url":"https:\/\/musica.santjosep.org\/wp-content\/uploads\/2026\/04\/querencia2025-rec.jpg","id":56506,"extension":"jpg","width":1400,"height":933,"filesize":662674,"sizes":{"medium":{"width":300,"height":200,"mime-type":"image\/jpeg","filesize":12265,"url":"https:\/\/musica.santjosep.org\/wp-content\/uploads\/2026\/04\/querencia2025-rec-300x200.jpg"},"large":{"width":1024,"height":682,"mime-type":"image\/jpeg","filesize":91636,"url":"https:\/\/musica.santjosep.org\/wp-content\/uploads\/2026\/04\/querencia2025-rec-1024x682.jpg"},"thumbnail":{"width":150,"height":150,"mime-type":"image\/jpeg","filesize":5854,"url":"https:\/\/musica.santjosep.org\/wp-content\/uploads\/2026\/04\/querencia2025-rec-150x150.jpg"},"medium_large":{"width":768,"height":512,"mime-type":"image\/jpeg","filesize":55442,"url":"https:\/\/musica.santjosep.org\/wp-content\/uploads\/2026\/04\/querencia2025-rec-768x512.jpg"},"journo_edge_square":{"width":550,"height":550,"mime-type":"image\/jpeg","filesize":43552,"url":"https:\/\/musica.santjosep.org\/wp-content\/uploads\/2026\/04\/querencia2025-rec-550x550.jpg"},"journo_edge_landscape":{"width":1100,"height":550,"mime-type":"image\/jpeg","filesize":85602,"url":"https:\/\/musica.santjosep.org\/wp-content\/uploads\/2026\/04\/querencia2025-rec-1100x550.jpg"},"journo_edge_portrait":{"width":550,"height":933,"mime-type":"image\/jpeg","filesize":69733,"url":"https:\/\/musica.santjosep.org\/wp-content\/uploads\/2026\/04\/querencia2025-rec-550x933.jpg"},"journo_edge_huge":{"width":1100,"height":933,"mime-type":"image\/jpeg","filesize":133497,"url":"https:\/\/musica.santjosep.org\/wp-content\/uploads\/2026\/04\/querencia2025-rec-1100x933.jpg"},"cmplz_banner_image":{"width":350,"height":100,"mime-type":"image\/jpeg","filesize":9131,"url":"https:\/\/musica.santjosep.org\/wp-content\/uploads\/2026\/04\/querencia2025-rec-350x100.jpg"}}},"all_day":false,"start_date":"2026-07-05 20:00:00","start_date_details":{"year":"2026","month":"07","day":"05","hour":"20","minutes":"00","seconds":"00"},"end_date":"2026-07-05 22:00:00","end_date_details":{"year":"2026","month":"07","day":"05","hour":"22","minutes":"00","seconds":"00"},"utc_start_date":"2026-07-05 18:00:00","utc_start_date_details":{"year":"2026","month":"07","day":"05","hour":"18","minutes":"00","seconds":"00"},"utc_end_date":"2026-07-05 20:00:00","utc_end_date_details":{"year":"2026","month":"07","day":"05","hour":"20","minutes":"00","seconds":"00"},"timezone":"Europe\/Madrid","timezone_abbr":"CEST","cost":"","cost_details":{"currency_symbol":"\u20ac","currency_code":"USD","currency_position":"suffix","values":[]},"website":"","show_map":true,"show_map_link":true,"hide_from_listings":false,"sticky":false,"featured":false,"categories":[{"name":"Flamenco","slug":"flamenco","term_group":0,"term_taxonomy_id":54,"taxonomy":"tribe_events_cat","description":"","parent":0,"count":473,"filter":"raw","id":54,"urls":{"self":"https:\/\/musica.santjosep.org\/es\/wp-json\/tribe\/events\/v1\/categories\/54","collection":"https:\/\/musica.santjosep.org\/es\/wp-json\/tribe\/events\/v1\/categories"}}],"tags":[],"venue":{"id":46410,"author":"2","status":"publish","date":"2025-04-01 23:42:09","date_utc":"2025-04-01 21:42:09","modified":"2025-04-01 23:42:09","modified_utc":"2025-04-01 21:42:09","url":"https:\/\/musica.santjosep.org\/es\/local\/tribu\/","venue":"Tribu","slug":"tribu","address":"Carrer de Cala de Bou, 1. Cala de Bou","geo_lat":38.96940965359200248485649353824555873870849609375,"geo_lng":1.3033938898049000076895254096598364412784576416015625,"json_ld":{"@type":"Place","name":"Tribu","description":"","url":"https:\/\/musica.santjosep.org\/es\/local\/tribu\/","address":{"@type":"PostalAddress","streetAddress":"Carrer de Cala de Bou, 1. Cala de Bou"},"geo":{"@type":"GeoCoordinates","latitude":38.96940965359200248485649353824555873870849609375,"longitude":1.3033938898049000076895254096598364412784576416015625},"telephone":"","sameAs":""},"show_map":true,"show_map_link":true,"global_id":"musica.santjosep.org\/es\/?id=46410","global_id_lineage":["musica.santjosep.org\/es\/?id=46410"]},"organizer":[],"custom_fields":[],"json_ld":{"@context":"http:\/\/schema.org","@type":"Event","name":"Querencia lleva su espect\u00e1culo de flamenco a la terraza de Tribu, en Cala de Bou","description":"&lt;p&gt;Los atardeceres dominicales siempre tiene sabor a flamenco en el bar restaurante Tribu de Cala de Bou, gracias a la presencia de una de las formaciones m\u00e1s emblem\u00e1ticas del g\u00e9nero y su magn\u00edfico espect\u00e1culo: Querencia. Este grupo naci\u00f3 en el [&hellip;]&lt;\/p&gt;\\n","image":"https:\/\/musica.santjosep.org\/wp-content\/uploads\/2026\/04\/querencia2025-rec.jpg","url":"https:\/\/musica.santjosep.org\/es\/concert\/querencia-lleva-su-espectaculo-de-flamenco-a-la-terraza-de-tribu-en-cala-de-bou\/2026-07-05\/","eventAttendanceMode":"https:\/\/schema.org\/OfflineEventAttendanceMode","eventStatus":"https:\/\/schema.org\/EventScheduled","startDate":"2026-07-05T20:00:00+02:00","endDate":"2026-07-05T22:00:00+02:00","location":{"@type":"Place","name":"Tribu","description":"","url":"https:\/\/musica.santjosep.org\/es\/local\/tribu\/","address":{"@type":"PostalAddress","streetAddress":"Carrer de Cala de Bou, 1. Cala de Bou"},"geo":{"@type":"GeoCoordinates","latitude":38.96940965359200248485649353824555873870849609375,"longitude":1.3033938898049000076895254096598364412784576416015625},"telephone":"","sameAs":""},"performer":"Organization"},"is_virtual":false,"virtual_url":null,"virtual_video_source":""}